{"id":162655,"date":"2019-10-18T11:03:13","date_gmt":"2019-10-18T09:03:13","guid":{"rendered":"http:\/\/www.brundisium.net\/?p=162655"},"modified":"2019-10-18T15:07:39","modified_gmt":"2019-10-18T13:07:39","slug":"mesagne-si-colora-di-rosa-iniziative-contro-il-cancro-al-seno","status":"publish","type":"post","link":"https:\/\/www.brundisium.net\/index.php\/mesagne-si-colora-di-rosa-iniziative-contro-il-cancro-al-seno\/","title":{"rendered":"Mesagne si colora di rosa: iniziative contro il cancro al seno"},"content":{"rendered":"<p>Il Comune di Mesagne aderisce a \u201cOttobre rosa\u201d, la campagna mondiale di lotta al cancro al seno. Nei prossimi giorni, il Castello comunale si colorer\u00e0 della caratteristica sfumatura cromatica individuata per sensibilizzare sull\u2019importante tema della prevenzione. Nella settimana dal 20 al 27 ottobre, l\u2019Amministrazione comunale di Mesagne  dedicher\u00e0 particolare attenzione al contrasto della forma tumorale pi\u00f9 diffusa nella popolazione femminile di tutte le et\u00e0, con iniziative che vedranno anche il libero contributo delle associazioni sportive. \u201cMens Sana Mesagne\u201d, \u201cNew Virtus Mesagne\u201d, \u201cMesagne Volley\u201d hanno raccolto l\u2019invito dell\u2019assessore allo Sport Roberto D\u2019Ancona; in occasione delle partite di campionato, che da prime squadre disputeranno in casa durante la settimana, organizzeranno dei momenti per richiamare l\u2019attenzione sul tema, con messaggi  rivolti in special modo alle giovani generazioni. Il sindaco Toni Matarrelli e l\u2019assessore alle Politiche Sociali Anna Maria Scalera &#8211; insieme al consigliere delegato alle Politiche Sanitarie, Alessandro Cesaria, a medici, esperti, imprenditori e rappresentanti di categoria \u2013 saranno impegnati nell\u2019iniziativa prevista all\u2019Auditorium del Castello mercoled\u00ec 23 ottobre alle ore 18 dal titolo \u201cParliamo di prevenzione\u201d. All\u2019appuntamento, di carattere informativo e scientifico, parteciperanno le referenti delle associazioni \u201cAndos-Associazione nazionale donne operate al seno\u201d, \u201cConchiglia\u201d, \u201cCuore di Donna Brindisi\u201d, \u201cFondazione Di Giulio\u201d, realt\u00e0 che operano sul territorio per informare le istituzioni e l\u2019opinione pubblica sui problemi che le patologie tumorali di tipo femminile recano dal punto di vista fisico e sociale. \u201cInvito anche i privati \u2013 ristoratori e commercianti, artigiani, imprenditori e associazioni \u2013 ad aderire all\u2019iniziativa, arricchendo i men\u00f9 con un piatto a tema, le proprie sedi e le vetrine con oggetti e richiami di colore rosa. Si tratta di un piccolo gesto per ribadire insieme che gli screening precoci, e i sani stili di vita, salvano la vita e sono le armi pi\u00f9 efficaci contro questa patologia\u201d, \u00e8 l\u2019appello che l\u2019assessore alla Attivit\u00e0 Produttive Antonello Mingenti ha voluto rivolgere  al mondo produttivo e associativo cittadino.<\/p>\n","protected":false},"excerpt":{"rendered":"<p>Il Comune di Mesagne aderisce a \u201cOttobre rosa\u201d, la campagna mondiale di lotta al cancro al seno. Nei prossimi giorni, il Castello comunale si colorer\u00e0 della caratteristica sfumatura cromatica individuata per sensibilizzare sull\u2019importante tema della prevenzione. Nella settimana dal 20 al 27 ottobre, l\u2019Amministrazione comunale di Mesagne dedicher\u00e0 particolare attenzione al contrasto della forma tumorale pi\u00f9 diffusa nella popolazione femminile di tutte le et\u00e0, con iniziative che vedranno anche il libero contributo delle associazioni sportive. \u201cMens Sana Mesagne\u201d, \u201cNew Virtus Mesagne\u201d, \u201cMesagne Volley\u201d hanno raccolto l\u2019invito dell\u2019assessore allo Sport Roberto D\u2019Ancona; in occasione delle partite di campionato, che da prime squadre disputeranno in casa durante la settimana, organizzeranno dei momenti per richiamare l\u2019attenzione sul tema, con messaggi rivolti in special modo alle giovani generazioni. Il sindaco Toni Matarrelli e l\u2019assessore alle Politiche Sociali Anna Maria Scalera &#8211; insieme al consigliere delegato alle Politiche Sanitarie, Alessandro Cesaria, a medici, esperti, imprenditori e rappresentanti di categoria \u2013 saranno impegnati nell\u2019iniziativa prevista all\u2019Auditorium del Castello mercoled\u00ec 23 ottobre alle ore 18 dal titolo&#8230;<\/p>\n","protected":false},"author":2,"featured_media":28458,"comment_status":"open","ping_status":"closed","sticky":false,"template":"","format":"standard","meta":{"footnotes":""},"categories":[7],"tags":[],"class_list":["post-162655","post","type-post","status-publish","format-standard","has-post-thumbnail","hentry","category-news"],"_links":{"self":[{"href":"https:\/\/www.brundisium.net\/index.php\/wp-json\/wp\/v2\/posts\/162655","targetHints":{"allow":["GET"]}}],"collection":[{"href":"https:\/\/www.brundisium.net\/index.php\/wp-json\/wp\/v2\/posts"}],"about":[{"href":"https:\/\/www.brundisium.net\/index.php\/wp-json\/wp\/v2\/types\/post"}],"author":[{"embeddable":true,"href":"https:\/\/www.brundisium.net\/index.php\/wp-json\/wp\/v2\/users\/2"}],"replies":[{"embeddable":true,"href":"https:\/\/www.brundisium.net\/index.php\/wp-json\/wp\/v2\/comments?post=162655"}],"version-history":[{"count":1,"href":"https:\/\/www.brundisium.net\/index.php\/wp-json\/wp\/v2\/posts\/162655\/revisions"}],"predecessor-version":[{"id":162659,"href":"https:\/\/www.brundisium.net\/index.php\/wp-json\/wp\/v2\/posts\/162655\/revisions\/162659"}],"wp:featuredmedia":[{"embeddable":true,"href":"https:\/\/www.brundisium.net\/index.php\/wp-json\/wp\/v2\/media\/28458"}],"wp:attachment":[{"href":"https:\/\/www.brundisium.net\/index.php\/wp-json\/wp\/v2\/media?parent=162655"}],"wp:term":[{"taxonomy":"category","embeddable":true,"href":"https:\/\/www.brundisium.net\/index.php\/wp-json\/wp\/v2\/categories?post=162655"},{"taxonomy":"post_tag","embeddable":true,"href":"https:\/\/www.brundisium.net\/index.php\/wp-json\/wp\/v2\/tags?post=162655"}],"curies":[{"name":"wp","href":"https:\/\/api.w.org\/{rel}","templated":true}]}}