{"id":162696,"date":"2019-10-19T11:17:40","date_gmt":"2019-10-19T09:17:40","guid":{"rendered":"http:\/\/www.brundisium.net\/?p=162696"},"modified":"2019-10-19T11:17:40","modified_gmt":"2019-10-19T09:17:40","slug":"ennesima-spaccata-in-centro-confcommercio-situazione-ormai-insostenibile","status":"publish","type":"post","link":"https:\/\/www.brundisium.net\/index.php\/ennesima-spaccata-in-centro-confcommercio-situazione-ormai-insostenibile\/","title":{"rendered":"Ennesima spaccata in centro, ConfCommercio: &#8220;situazione ormai insostenibile&#8221;"},"content":{"rendered":"<p>Ancora una volta i commercianti di Brindisi finiscono nel mirino della criminalit\u00e0 organizzata. La \u2018spaccata\u2019 questa volta ha riguardato l\u2019Ottica Savarese, in corso Umberto. <\/p>\n<p>E\u2019 l\u2019ennesimo sfregio compiuto nei confronti di chi, con coraggio, continua a svolgere la propria attivit\u00e0 commerciale in un centro urbano colpito da un progressivo fenomeno di desertificazione. <\/p>\n<p>Episodi come quello accaduto poche ore fa fanno crescere la sensazione di abbandono nei confronti di chi si sottopone a sacrifici impensabili pur di non cedere alla tentazione dei centri commerciali.<\/p>\n<p>Il nostro, pertanto, \u00e8 l\u2019ennesimo appello accorato al Prefetto di Brindisi, ai responsabili delle forze dell\u2019ordine ed al Sindaco della citt\u00e0 affinch\u00e9 si crei un argine contro l\u2019attacco della malavita. <\/p>\n<p>Una maggiore presenza di uomini e mezzi di polizia, carabinieri e guardia di finanza dovr\u00e0 aggiungersi all\u2019effettiva attivazione del sistema di videosorveglianza. Non \u00e8 possibile che gli impegni assunti in pi\u00f9 occasioni continuino a rimanere sulla carta, mentre altre attivit\u00e0 commerciali chiudono i battenti in preda alla crisi economica ed alla paura di furti e rapine. <\/p>\n<p>In quest\u2019ottica, la Confcommercio della provincia di Brindisi \u00e8 pronta a svolgere sino in fondo il proprio ruolo, al fianco delle istituzioni ed a tutela dei nostri commercianti. Ma non \u00e8 pi\u00f9 il tempo delle parole. Occorrono fatti. Adesso!<\/p>\n<p>Confcommercio Brindisi<\/p>\n","protected":false},"excerpt":{"rendered":"<p>Ancora una volta i commercianti di Brindisi finiscono nel mirino della criminalit\u00e0 organizzata. La \u2018spaccata\u2019 questa volta ha riguardato l\u2019Ottica Savarese, in corso Umberto. E\u2019 l\u2019ennesimo sfregio compiuto nei confronti di chi, con coraggio, continua a svolgere la propria attivit\u00e0 commerciale in un centro urbano colpito da un progressivo fenomeno di desertificazione. Episodi come quello accaduto poche ore fa fanno crescere la sensazione di abbandono nei confronti di chi si sottopone a sacrifici impensabili pur di non cedere alla tentazione dei centri commerciali. Il nostro, pertanto, \u00e8 l\u2019ennesimo appello accorato al Prefetto di Brindisi, ai responsabili delle forze dell\u2019ordine ed al Sindaco della citt\u00e0 affinch\u00e9 si crei un argine contro l\u2019attacco della malavita. Una maggiore presenza di uomini e mezzi di polizia, carabinieri e guardia di finanza dovr\u00e0 aggiungersi all\u2019effettiva attivazione del sistema di videosorveglianza. Non \u00e8 possibile che gli impegni assunti in pi\u00f9 occasioni continuino a rimanere sulla carta, mentre altre attivit\u00e0 commerciali chiudono i battenti in preda alla crisi economica ed alla paura di furti e rapine. In&#8230;<\/p>\n","protected":false},"author":2,"featured_media":162685,"comment_status":"open","ping_status":"closed","sticky":false,"template":"","format":"standard","meta":{"footnotes":""},"categories":[7],"tags":[],"class_list":["post-162696","post","type-post","status-publish","format-standard","has-post-thumbnail","hentry","category-news"],"_links":{"self":[{"href":"https:\/\/www.brundisium.net\/index.php\/wp-json\/wp\/v2\/posts\/162696","targetHints":{"allow":["GET"]}}],"collection":[{"href":"https:\/\/www.brundisium.net\/index.php\/wp-json\/wp\/v2\/posts"}],"about":[{"href":"https:\/\/www.brundisium.net\/index.php\/wp-json\/wp\/v2\/types\/post"}],"author":[{"embeddable":true,"href":"https:\/\/www.brundisium.net\/index.php\/wp-json\/wp\/v2\/users\/2"}],"replies":[{"embeddable":true,"href":"https:\/\/www.brundisium.net\/index.php\/wp-json\/wp\/v2\/comments?post=162696"}],"version-history":[{"count":1,"href":"https:\/\/www.brundisium.net\/index.php\/wp-json\/wp\/v2\/posts\/162696\/revisions"}],"predecessor-version":[{"id":162697,"href":"https:\/\/www.brundisium.net\/index.php\/wp-json\/wp\/v2\/posts\/162696\/revisions\/162697"}],"wp:featuredmedia":[{"embeddable":true,"href":"https:\/\/www.brundisium.net\/index.php\/wp-json\/wp\/v2\/media\/162685"}],"wp:attachment":[{"href":"https:\/\/www.brundisium.net\/index.php\/wp-json\/wp\/v2\/media?parent=162696"}],"wp:term":[{"taxonomy":"category","embeddable":true,"href":"https:\/\/www.brundisium.net\/index.php\/wp-json\/wp\/v2\/categories?post=162696"},{"taxonomy":"post_tag","embeddable":true,"href":"https:\/\/www.brundisium.net\/index.php\/wp-json\/wp\/v2\/tags?post=162696"}],"curies":[{"name":"wp","href":"https:\/\/api.w.org\/{rel}","templated":true}]}}