{"id":162797,"date":"2019-10-21T17:47:04","date_gmt":"2019-10-21T15:47:04","guid":{"rendered":"http:\/\/www.brundisium.net\/?p=162797"},"modified":"2019-10-21T17:47:04","modified_gmt":"2019-10-21T15:47:04","slug":"concluso-con-successo-il-terzo-festival-della-cooperazione-internazionale","status":"publish","type":"post","link":"https:\/\/www.brundisium.net\/index.php\/concluso-con-successo-il-terzo-festival-della-cooperazione-internazionale\/","title":{"rendered":"Concluso con successo il Terzo Festival della cooperazione internazionale"},"content":{"rendered":"<p>I promotori del terzo Festival della cooperazione internazionale, svoltosi ad Ostuni e in Puglia dal giorno 6 al 14 di ottobre 2019, esprimono piena soddisfazione per l\u2019andamento positivo delle attivit\u00e0 previste dal programma, ritenendo che il triennio di sperimentazione realizzato consenta ora un decisivo salto organizzativo e di relazioni istituzionali.<\/p>\n<p>Per questo ringraziano di cuore tutte le istituzioni, a partire dal Comune di Ostuni, partner fondativo del Festival, e dalla Regione Puglia, per il loro fattivo contributo e supporto.<\/p>\n<p>Un ringraziamento speciale va a tutte le organizzazioni intervenute a vario titolo, ai relatori e ai numerosi volontari di diversa provenienza, che hanno, tutti insieme, dato linfa vitale alle giornate del Festival. Questa terza edizione \u00e8 riuscita ad incontrare il vasto bisogno , pugliese e nazionale, di un tale appuntamento, da rinnovare annualmente, e la grande voglia di partecipazione di piccole e grandi realt\u00e0 associative, a partire da quelle pugliesi, che hanno colto l\u2019occasione per raccontarsi e leggere il territorio in modi diversi dal solito. La Puglia, con le sue citt\u00e0, le Universit\u00e0 e le organizzazioni della societ\u00e0 civile, si \u00e8 rivelata, pur tra inevitabili difficolt\u00e0 organizzative, idonea ad ospitare un evento di tale complessit\u00e0 ed estensione che andr\u00e0 riarticolato in futuro su pi\u00f9 spazi in tempi diversi. Circa tremila persone hanno partecipato direttamente alle iniziative del Festival (seminari specialistici, incontri nelle scuole e con la cittadinanza, mostre fotografiche e concerti) e oltre undicimila sono state le visualizzazioni di video e foto postati sulla pagina Facebook del Festival.<br \/>\nIl tema del Festival, \u201cPersone, Comunit\u00e0, Sviluppo inclusivo\u201d, \u00e8 stato ampiamente analizzato sotto diverse angolazioni, i seminari di approfondimento ne hanno messo in luce \u2013 grazie alla competenza dei relatori \u2013 la profondit\u00e0 e l\u2019estremo interesse per tutta la comunit\u00e0 locale e nazionale e il racconto di numerose esperienze ha esemplificato l\u2019ampio ventaglio di possibilit\u00e0 per le persone e i gruppi che intendono contribuire a progetti di cooperazione internazionale a partire dai propri territori. E\u2019 emerso con chiarezza dagli incontri che l\u2019approccio inclusivo, rispetto innanzitutto alle persone con disabilit\u00e0 ed ai migranti, \u00e8 non solo essenziale per garantire il rispetto dei diritti umani, ma una convenienza per tutta la societ\u00e0, per le conseguenze in ambito economico, sociale, e culturale che corrispondono alla costruzione di societ\u00e0 aperte, sostenibili e rispettose dei diritti di tutti. I promotori sottolineano l\u2019importanza del coinvolgimento attivo delle istituzioni scolastiche \u2013 dalle primarie sino all\u2019Universit\u00e0 &#8211; , elemento che ha consentito di mettere a valore il grande potenziale formativo della tematica, attraverso incontri, mostre, filmati, molto spesso attenti alla necessit\u00e0 di ridare il corretto valore alle parole cos\u00ec vilipese in questo periodo storico.<\/p>\n<p>Risulta pienamente confermata la scelta di adottare, quale potente cornice di fondo, l\u2019Agenda ONU 2030, con i suoi 17 obiettivi di sviluppo sostenibile, che pertanto saranno di volta in volta analizzati e verificati nelle prossime edizioni. E&#8217; opportuno sottolineare che in questa terza edizione si sono consolidate ed estese le adesioni convinte al Festival, ad esempio con il patrocinio dell&#8217;AICS (Agenzia italiana per la cooperazione allo sviluppo) e con l&#8217;accettazione del ruolo di madrina dell&#8217;artista con disabilit\u00e0 Annalisa Minetti. La stessa conferenza stampa di presentazione del programma presso la sala stampa della Camera dei Deputati \u00e8 un altro significativo segnale in tal senso. Si \u00e8 poi confermato il protagonismo di partner del mondo economico-finanziario quali la Banca di Credito Cooperativo di Ostuni e l&#8217;azienda Scaff System di Ostuni.<\/p>\n<p>&nbsp;<\/p>\n<p>La quarta edizione del Festival, il cui tema verr\u00e0 presto annunciato, si terr\u00e0 dal 5 al 13 ottobre ad Ostuni ed in Puglia.<\/p>\n<p>&nbsp;<\/p>\n<p>Comunicato stampa<\/p>\n","protected":false},"excerpt":{"rendered":"<p>I promotori del terzo Festival della cooperazione internazionale, svoltosi ad Ostuni e in Puglia dal giorno 6 al 14 di ottobre 2019, esprimono piena soddisfazione per l\u2019andamento positivo delle attivit\u00e0 previste dal programma, ritenendo che il triennio di sperimentazione realizzato consenta ora un decisivo salto organizzativo e di relazioni istituzionali. Per questo ringraziano di cuore tutte le istituzioni, a partire dal Comune di Ostuni, partner fondativo del Festival, e dalla Regione Puglia, per il loro fattivo contributo e supporto. Un ringraziamento speciale va a tutte le organizzazioni intervenute a vario titolo, ai relatori e ai numerosi volontari di diversa provenienza, che hanno, tutti insieme, dato linfa vitale alle giornate del Festival. Questa terza edizione \u00e8 riuscita ad incontrare il vasto bisogno , pugliese e nazionale, di un tale appuntamento, da rinnovare annualmente, e la grande voglia di partecipazione di piccole e grandi realt\u00e0 associative, a partire da quelle pugliesi, che hanno colto l\u2019occasione per raccontarsi e leggere il territorio in modi diversi dal solito. La Puglia, con le sue citt\u00e0,&#8230;<\/p>\n","protected":false},"author":2,"featured_media":162798,"comment_status":"open","ping_status":"closed","sticky":false,"template":"","format":"standard","meta":{"footnotes":""},"categories":[7],"tags":[],"class_list":["post-162797","post","type-post","status-publish","format-standard","has-post-thumbnail","hentry","category-news"],"_links":{"self":[{"href":"https:\/\/www.brundisium.net\/index.php\/wp-json\/wp\/v2\/posts\/162797","targetHints":{"allow":["GET"]}}],"collection":[{"href":"https:\/\/www.brundisium.net\/index.php\/wp-json\/wp\/v2\/posts"}],"about":[{"href":"https:\/\/www.brundisium.net\/index.php\/wp-json\/wp\/v2\/types\/post"}],"author":[{"embeddable":true,"href":"https:\/\/www.brundisium.net\/index.php\/wp-json\/wp\/v2\/users\/2"}],"replies":[{"embeddable":true,"href":"https:\/\/www.brundisium.net\/index.php\/wp-json\/wp\/v2\/comments?post=162797"}],"version-history":[{"count":1,"href":"https:\/\/www.brundisium.net\/index.php\/wp-json\/wp\/v2\/posts\/162797\/revisions"}],"predecessor-version":[{"id":162799,"href":"https:\/\/www.brundisium.net\/index.php\/wp-json\/wp\/v2\/posts\/162797\/revisions\/162799"}],"wp:featuredmedia":[{"embeddable":true,"href":"https:\/\/www.brundisium.net\/index.php\/wp-json\/wp\/v2\/media\/162798"}],"wp:attachment":[{"href":"https:\/\/www.brundisium.net\/index.php\/wp-json\/wp\/v2\/media?parent=162797"}],"wp:term":[{"taxonomy":"category","embeddable":true,"href":"https:\/\/www.brundisium.net\/index.php\/wp-json\/wp\/v2\/categories?post=162797"},{"taxonomy":"post_tag","embeddable":true,"href":"https:\/\/www.brundisium.net\/index.php\/wp-json\/wp\/v2\/tags?post=162797"}],"curies":[{"name":"wp","href":"https:\/\/api.w.org\/{rel}","templated":true}]}}