{"id":162844,"date":"2019-10-21T16:06:14","date_gmt":"2019-10-21T14:06:14","guid":{"rendered":"http:\/\/www.brundisium.net\/?p=162844"},"modified":"2019-10-22T14:25:50","modified_gmt":"2019-10-22T12:25:50","slug":"avviato-liter-per-la-nomina-del-garante-per-i-diritti-delle-persone-private-della-liberta-personale-della-provincia-di-brindisi","status":"publish","type":"post","link":"https:\/\/www.brundisium.net\/index.php\/avviato-liter-per-la-nomina-del-garante-per-i-diritti-delle-persone-private-della-liberta-personale-della-provincia-di-brindisi\/","title":{"rendered":"Avviato l&#8217;iter per la nomina del Garante per i diritti delle persone private della libert\u00e0 personale della Provincia di Brindisi"},"content":{"rendered":"<p>E\u2019 terminata l\u201911 ottobre scorso la fase di presentazione delle istanze, cos\u00ec come da Avviso pubblico, per la nomina del Garante della Provincia di Brindisi  per i diritti delle persone private della libert\u00e0 personale. Gli uffici preposti dell\u2019Ente hanno celermente attivato il percorso di esame delle dieci (10) candidature pervenute. La designazione, da effettuarsi secondo la valutazione comparativa da parte del Presidente della Provincia di Brindisi, Riccardo Rossi, terr\u00e0 conto del curriculum vitae e della relazione motivazionale presentata da ciascun candidato. L\u2019incarico,  della durata  pari a quello del Presidente Pro Tempore della Provincia, \u00e8 a titolo gratuito e di volontariato. Il Garante svolger\u00e0 la sua attivit\u00e0 in piena libert\u00e0 ed indipendenza e non sar\u00e0 sottoposto ad alcuna forma di controllo gerarchico e funzionale.<br \/>\nIl Garante individuato operer\u00e0 per migliorare le condizioni di vita e di inserimento sociale delle persone private della libert\u00e0 personale o limitate nella libert\u00e0 di movimento domiciliare, residenti o domiciliati sul territorio provinciale, in particolare operer\u00e0 per garantire diritti delle persone presenti presso la Casa Circondariale di Brindisi, il Rem di Carovigno e la struttura \u201cImmigrati\u201d di Restinco, anche mediante:<br \/>\na) La promozione di sensibilizzazione pubblica sui temi dei diritti umani e dell\u2019umanizzazione delle pene delle persone comunque private della libert\u00e0 personale;<br \/>\nb)  La promozione di iniziative volte ad affermare per le persone private della libert\u00e0 personale il pieno esercizio dei diritti e delle opportunit\u00e0 di partecipazione alla vita civile e della fruizione dei servizi presenti su territorio provinciale, attivando relazioni ed interazioni anche con altri soggetti pubblici competenti in materia;<br \/>\nc) La collaborazione e la stretta sinergia con il garante regionale dei diritti delle persone prive della libert\u00e0 personale;<br \/>\nd) La creazione di reti di volontari, associazioni, soggetti del terzo settore, parti sociali ecc., ritenuti idonei a migliorare la sua azione.<br \/>\nIl Garante svolger\u00e0 le sue funzioni anche attraverso intese e accordi con le Amministrazioni interessate, volte a consentire una migliore conoscenza delle condizioni delle persone private della libert\u00e0 personale, mediante visite ai luoghi ove esse stesse si trovino, nonch\u00e9 con associazioni ed organismi operanti per la tutela dei diritti della persona, proponendo anche la stipulazione, a tal fine, di appositi protocolli d\u2019intesa. Il Garante promuover\u00e0, inoltre:<br \/>\na) L\u2019esercizio dei diritti e delle opportunit\u00e0 di partecipazione alla vita civile e di fruizione dei servizi comunali e provinciali, delle persone comunque private della libert\u00e0 personale, ovvero limitate nella libert\u00e0 di movimento domiciliare, residenti o dimoranti sul territorio della Provincia, con particolare riferimento ai diritti fondamentali, al lavoro, alla formazione, alla cultura, all\u2019assistenza, alla tutela della salute, allo sport, per quanto nelle attribuzioni e nelle competenze della medesima, tenendo, altres\u00ec, conto della loro condizione di restrizione;<br \/>\nb) Iniziative e momenti di sensibilizzazione pubblica sul tema dei diritti umani delle persone private della libert\u00e0 personale e della umanizzazione della pena detentiva.<br \/>\nL\u2019Amministrazione provinciale sta anche rinnovando la Convenzione con la Casa Circondariale di Brindisi dal 21 novembre 2019 al 20 novembre 2021, finalizzata a favorire il reinserimento lavorativo e sociale dei detenuti.<\/p>\n","protected":false},"excerpt":{"rendered":"<p>E\u2019 terminata l\u201911 ottobre scorso la fase di presentazione delle istanze, cos\u00ec come da Avviso pubblico, per la nomina del Garante della Provincia di Brindisi per i diritti delle persone private della libert\u00e0 personale. Gli uffici preposti dell\u2019Ente hanno celermente attivato il percorso di esame delle dieci (10) candidature pervenute. La designazione, da effettuarsi secondo la valutazione comparativa da parte del Presidente della Provincia di Brindisi, Riccardo Rossi, terr\u00e0 conto del curriculum vitae e della relazione motivazionale presentata da ciascun candidato. L\u2019incarico, della durata pari a quello del Presidente Pro Tempore della Provincia, \u00e8 a titolo gratuito e di volontariato. Il Garante svolger\u00e0 la sua attivit\u00e0 in piena libert\u00e0 ed indipendenza e non sar\u00e0 sottoposto ad alcuna forma di controllo gerarchico e funzionale. Il Garante individuato operer\u00e0 per migliorare le condizioni di vita e di inserimento sociale delle persone private della libert\u00e0 personale o limitate nella libert\u00e0 di movimento domiciliare, residenti o domiciliati sul territorio provinciale, in particolare operer\u00e0 per garantire diritti delle persone presenti presso la Casa Circondariale di&#8230;<\/p>\n","protected":false},"author":2,"featured_media":33949,"comment_status":"open","ping_status":"closed","sticky":false,"template":"","format":"standard","meta":{"footnotes":""},"categories":[7],"tags":[],"class_list":["post-162844","post","type-post","status-publish","format-standard","has-post-thumbnail","hentry","category-news"],"_links":{"self":[{"href":"https:\/\/www.brundisium.net\/index.php\/wp-json\/wp\/v2\/posts\/162844","targetHints":{"allow":["GET"]}}],"collection":[{"href":"https:\/\/www.brundisium.net\/index.php\/wp-json\/wp\/v2\/posts"}],"about":[{"href":"https:\/\/www.brundisium.net\/index.php\/wp-json\/wp\/v2\/types\/post"}],"author":[{"embeddable":true,"href":"https:\/\/www.brundisium.net\/index.php\/wp-json\/wp\/v2\/users\/2"}],"replies":[{"embeddable":true,"href":"https:\/\/www.brundisium.net\/index.php\/wp-json\/wp\/v2\/comments?post=162844"}],"version-history":[{"count":1,"href":"https:\/\/www.brundisium.net\/index.php\/wp-json\/wp\/v2\/posts\/162844\/revisions"}],"predecessor-version":[{"id":162848,"href":"https:\/\/www.brundisium.net\/index.php\/wp-json\/wp\/v2\/posts\/162844\/revisions\/162848"}],"wp:featuredmedia":[{"embeddable":true,"href":"https:\/\/www.brundisium.net\/index.php\/wp-json\/wp\/v2\/media\/33949"}],"wp:attachment":[{"href":"https:\/\/www.brundisium.net\/index.php\/wp-json\/wp\/v2\/media?parent=162844"}],"wp:term":[{"taxonomy":"category","embeddable":true,"href":"https:\/\/www.brundisium.net\/index.php\/wp-json\/wp\/v2\/categories?post=162844"},{"taxonomy":"post_tag","embeddable":true,"href":"https:\/\/www.brundisium.net\/index.php\/wp-json\/wp\/v2\/tags?post=162844"}],"curies":[{"name":"wp","href":"https:\/\/api.w.org\/{rel}","templated":true}]}}