{"id":162873,"date":"2019-10-22T17:14:16","date_gmt":"2019-10-22T15:14:16","guid":{"rendered":"http:\/\/www.brundisium.net\/?p=162873"},"modified":"2019-10-22T16:20:01","modified_gmt":"2019-10-22T14:20:01","slug":"iniziato-il-corso-di-cucina-saro-chef-cuochi-nel-mondo","status":"publish","type":"post","link":"https:\/\/www.brundisium.net\/index.php\/iniziato-il-corso-di-cucina-saro-chef-cuochi-nel-mondo\/","title":{"rendered":"Iniziato il corso di cucina &#8220;Sar\u00f2 Chef, cuochi nel mondo&#8221;"},"content":{"rendered":"<p>Presso l&#8217;Istituto Alberghiero &#8220;Sandro Pertini&#8221; di Brindisi \u00e8 iniziato il corso di cucina &#8220;Sar\u00f2 Chef, cuochi nel mondo&#8221;, con studenti provenienti da tutto il mondo.<\/p>\n<p>Il corso \u00e8 stato promosso da Caritas Diocesana Brindisi-Ostuni e Associazione Migrantes Brindisi.<\/p>\n<p>&nbsp;<\/p>\n<p>Gli studenti, migranti e richiedenti asilo, attraverso la gastronomia, potranno ampliare la propria formazione, per acquisire competenze per un futuro inserimento nel mercato del lavoro.<\/p>\n<p>&nbsp;<\/p>\n<p>Grande la soddisfazione del Dirigente dell&#8217;Alberghiero, prof. Vincenzo Micia, per questo progetto di reale integrazione, che, per il secondo anno, l&#8217;Istituto Alberghiero condivide con entusiasmo. La cucina \u00e8 il momento in cui civilt\u00e0 e culture diverse si possono incontrare e integrare, perch\u00e9 \u00e8 un dare e ricevere nello stesso tempo, perch\u00e9 l&#8217;integrazione reale non \u00e8 soltanto acquisire usi e costumi di un popolo, ma un interscambiarsi, contaminarsi anche dal punto di vista della cucina.<\/p>\n<p>&nbsp;<\/p>\n<p>L&#8217;Istituto Alberghiero si conferma scuola aperta al territorio, capace di fornire competenze professionali. Un&#8217;opportunit\u00e0 molto bella perch\u00e9 la cucina unisce tutti. Attraverso la cucina, possiamo apprezzare, forse, quel buono che c&#8217;\u00e8 in ogni persona.<\/p>\n<p>Con il Preside, hanno accolto i ragazzi, don Piero Demita, direttore della Caritas Diocesana, Sabina Bombacigno, vice presidente dell&#8217;Associazione Migrantes e il prof. Vincenzo Mustich, docente presso l&#8217;Istituto Alberghiero.<\/p>\n","protected":false},"excerpt":{"rendered":"<p>Presso l&#8217;Istituto Alberghiero &#8220;Sandro Pertini&#8221; di Brindisi \u00e8 iniziato il corso di cucina &#8220;Sar\u00f2 Chef, cuochi nel mondo&#8221;, con studenti provenienti da tutto il mondo. Il corso \u00e8 stato promosso da Caritas Diocesana Brindisi-Ostuni e Associazione Migrantes Brindisi. &nbsp; Gli studenti, migranti e richiedenti asilo, attraverso la gastronomia, potranno ampliare la propria formazione, per acquisire competenze per un futuro inserimento nel mercato del lavoro. &nbsp; Grande la soddisfazione del Dirigente dell&#8217;Alberghiero, prof. Vincenzo Micia, per questo progetto di reale integrazione, che, per il secondo anno, l&#8217;Istituto Alberghiero condivide con entusiasmo. La cucina \u00e8 il momento in cui civilt\u00e0 e culture diverse si possono incontrare e integrare, perch\u00e9 \u00e8 un dare e ricevere nello stesso tempo, perch\u00e9 l&#8217;integrazione reale non \u00e8 soltanto acquisire usi e costumi di un popolo, ma un interscambiarsi, contaminarsi anche dal punto di vista della cucina. &nbsp; L&#8217;Istituto Alberghiero si conferma scuola aperta al territorio, capace di fornire competenze professionali. Un&#8217;opportunit\u00e0 molto bella perch\u00e9 la cucina unisce tutti. Attraverso la cucina, possiamo apprezzare, forse, quel buono che&#8230;<\/p>\n","protected":false},"author":2,"featured_media":162674,"comment_status":"open","ping_status":"closed","sticky":false,"template":"","format":"standard","meta":{"footnotes":""},"categories":[7],"tags":[],"class_list":["post-162873","post","type-post","status-publish","format-standard","has-post-thumbnail","hentry","category-news"],"_links":{"self":[{"href":"https:\/\/www.brundisium.net\/index.php\/wp-json\/wp\/v2\/posts\/162873","targetHints":{"allow":["GET"]}}],"collection":[{"href":"https:\/\/www.brundisium.net\/index.php\/wp-json\/wp\/v2\/posts"}],"about":[{"href":"https:\/\/www.brundisium.net\/index.php\/wp-json\/wp\/v2\/types\/post"}],"author":[{"embeddable":true,"href":"https:\/\/www.brundisium.net\/index.php\/wp-json\/wp\/v2\/users\/2"}],"replies":[{"embeddable":true,"href":"https:\/\/www.brundisium.net\/index.php\/wp-json\/wp\/v2\/comments?post=162873"}],"version-history":[{"count":1,"href":"https:\/\/www.brundisium.net\/index.php\/wp-json\/wp\/v2\/posts\/162873\/revisions"}],"predecessor-version":[{"id":162874,"href":"https:\/\/www.brundisium.net\/index.php\/wp-json\/wp\/v2\/posts\/162873\/revisions\/162874"}],"wp:featuredmedia":[{"embeddable":true,"href":"https:\/\/www.brundisium.net\/index.php\/wp-json\/wp\/v2\/media\/162674"}],"wp:attachment":[{"href":"https:\/\/www.brundisium.net\/index.php\/wp-json\/wp\/v2\/media?parent=162873"}],"wp:term":[{"taxonomy":"category","embeddable":true,"href":"https:\/\/www.brundisium.net\/index.php\/wp-json\/wp\/v2\/categories?post=162873"},{"taxonomy":"post_tag","embeddable":true,"href":"https:\/\/www.brundisium.net\/index.php\/wp-json\/wp\/v2\/tags?post=162873"}],"curies":[{"name":"wp","href":"https:\/\/api.w.org\/{rel}","templated":true}]}}