{"id":162910,"date":"2019-10-23T08:47:21","date_gmt":"2019-10-23T06:47:21","guid":{"rendered":"http:\/\/www.brundisium.net\/?p=162910"},"modified":"2019-10-22T23:50:32","modified_gmt":"2019-10-22T21:50:32","slug":"al-via-la-festa-dellunita-del-partito-democratico-di-francavilla-fontana","status":"publish","type":"post","link":"https:\/\/www.brundisium.net\/index.php\/al-via-la-festa-dellunita-del-partito-democratico-di-francavilla-fontana\/","title":{"rendered":"Al via la Festa dell\u2019Unit\u00e0 del Partito Democratico di Francavilla Fontana"},"content":{"rendered":"<p>Si svilupperanno nell\u2019arco di tre serate presso Palazzo Imperiali, Sala del Camino, con inizio alle ore 18.00, le iniziative programmate nell\u2019ambito della Festa dell\u2019Unit\u00e0 2019 dal Partito Democratico francavillese.<\/p>\n<p>Sul tema \u201cConversando sulla Citt\u00e0: quali prospettive per Francavilla Fontana?\u201d gioved\u00ec 24 ottobre, il Segretario del Circolo PD Carmelo Sportillo introdurr\u00e0 un confronto tra gli ex Sindaci Vincenzo Della Corte, Maurizio Bruno e l\u2019attuale Antonello Denuzzo. Moderer\u00e0 Filippo Melillo, Giornalista di Studio 100.<\/p>\n<p>Su \u201cNuove opportunit\u00e0 per il Mezzogiorno: quali risorse?\u201d venerd\u00ec 25 si confronteranno Marcello Cafueri, dirigente del circolo PD di Francavilla Fontana, Antonella Vincenti e Pietro Bussolati componenti della segreteria nazionale PD.<\/p>\n<p>\u201cIl ruolo della cultura fra tradizione ed innovazione\u201d sar\u00e0 l\u2019argomento di sabato 26, su cui si interverranno Maria Angelotti, Assessora alla Cultura Francavilla Fontana, Tani Roma, dell\u2019Associazione culturale e Compagnia teatrale \u201cIl sipario\u201d, Giuseppe Marinosci, dell\u2019Associazione culturale \u201cLa sfera\u201d e Vincenzo Garganese, Autore e gi\u00e0 assessore comunale alla cultura. Moderer\u00e0 Massimo Caliandro, Giornalista,<\/p>\n<p>Seguir\u00e0 \u201cLa parola a Calabb\u00f2\u201d testi satirici in vernacolo ideati da Enzo Garganese e declamati da Tani Roma.<br \/>\n\u201cSar\u00e0 una Festa del PD all\u2019insegna del dialogo e del confronto su argomenti di interesse strategico per la nostra Citt\u00e0 che paga le criticit\u00e0 di un Mezzogiorno ancora in ritardo di sviluppo \u2013 dichiara il Segretario Carmelo Sportillo \u2013 perch\u00e9 consideriamo ineludibile che le forze politiche sia di maggioranza che di opposizione, cos\u00ec come i pubblici Amministratori, debbano essere sempre al servizio della Citt\u00e0 non solo per la risoluzione dei problemi contingenti ma anche per una visione di prospettiva, progettata e condivisa con tutte le altre componenti della socialit\u00e0. Noi pensiamo ad una Francavilla Fontana effettivamente attrattiva e sempre pi\u00f9 in grado di competere dal punto di vista sociale, culturale, economico, imprenditoriale, ricettivo, infrastrutturale, museale, turistico anche religioso, ecc. con le altre aree pi\u00f9 sviluppate della Regione Puglia e del resto del Paese.\u201d<\/p>\n","protected":false},"excerpt":{"rendered":"<p>Si svilupperanno nell\u2019arco di tre serate presso Palazzo Imperiali, Sala del Camino, con inizio alle ore 18.00, le iniziative programmate nell\u2019ambito della Festa dell\u2019Unit\u00e0 2019 dal Partito Democratico francavillese. Sul tema \u201cConversando sulla Citt\u00e0: quali prospettive per Francavilla Fontana?\u201d gioved\u00ec 24 ottobre, il Segretario del Circolo PD Carmelo Sportillo introdurr\u00e0 un confronto tra gli ex Sindaci Vincenzo Della Corte, Maurizio Bruno e l\u2019attuale Antonello Denuzzo. Moderer\u00e0 Filippo Melillo, Giornalista di Studio 100. Su \u201cNuove opportunit\u00e0 per il Mezzogiorno: quali risorse?\u201d venerd\u00ec 25 si confronteranno Marcello Cafueri, dirigente del circolo PD di Francavilla Fontana, Antonella Vincenti e Pietro Bussolati componenti della segreteria nazionale PD. \u201cIl ruolo della cultura fra tradizione ed innovazione\u201d sar\u00e0 l\u2019argomento di sabato 26, su cui si interverranno Maria Angelotti, Assessora alla Cultura Francavilla Fontana, Tani Roma, dell\u2019Associazione culturale e Compagnia teatrale \u201cIl sipario\u201d, Giuseppe Marinosci, dell\u2019Associazione culturale \u201cLa sfera\u201d e Vincenzo Garganese, Autore e gi\u00e0 assessore comunale alla cultura. Moderer\u00e0 Massimo Caliandro, Giornalista, Seguir\u00e0 \u201cLa parola a Calabb\u00f2\u201d testi satirici in vernacolo ideati da Enzo Garganese e&#8230;<\/p>\n","protected":false},"author":2,"featured_media":162911,"comment_status":"open","ping_status":"closed","sticky":false,"template":"","format":"standard","meta":{"footnotes":""},"categories":[7],"tags":[],"class_list":["post-162910","post","type-post","status-publish","format-standard","has-post-thumbnail","hentry","category-news"],"_links":{"self":[{"href":"https:\/\/www.brundisium.net\/index.php\/wp-json\/wp\/v2\/posts\/162910","targetHints":{"allow":["GET"]}}],"collection":[{"href":"https:\/\/www.brundisium.net\/index.php\/wp-json\/wp\/v2\/posts"}],"about":[{"href":"https:\/\/www.brundisium.net\/index.php\/wp-json\/wp\/v2\/types\/post"}],"author":[{"embeddable":true,"href":"https:\/\/www.brundisium.net\/index.php\/wp-json\/wp\/v2\/users\/2"}],"replies":[{"embeddable":true,"href":"https:\/\/www.brundisium.net\/index.php\/wp-json\/wp\/v2\/comments?post=162910"}],"version-history":[{"count":1,"href":"https:\/\/www.brundisium.net\/index.php\/wp-json\/wp\/v2\/posts\/162910\/revisions"}],"predecessor-version":[{"id":162912,"href":"https:\/\/www.brundisium.net\/index.php\/wp-json\/wp\/v2\/posts\/162910\/revisions\/162912"}],"wp:featuredmedia":[{"embeddable":true,"href":"https:\/\/www.brundisium.net\/index.php\/wp-json\/wp\/v2\/media\/162911"}],"wp:attachment":[{"href":"https:\/\/www.brundisium.net\/index.php\/wp-json\/wp\/v2\/media?parent=162910"}],"wp:term":[{"taxonomy":"category","embeddable":true,"href":"https:\/\/www.brundisium.net\/index.php\/wp-json\/wp\/v2\/categories?post=162910"},{"taxonomy":"post_tag","embeddable":true,"href":"https:\/\/www.brundisium.net\/index.php\/wp-json\/wp\/v2\/tags?post=162910"}],"curies":[{"name":"wp","href":"https:\/\/api.w.org\/{rel}","templated":true}]}}