{"id":163179,"date":"2019-10-29T08:35:49","date_gmt":"2019-10-29T07:35:49","guid":{"rendered":"http:\/\/www.brundisium.net\/?p=163179"},"modified":"2019-10-29T08:08:38","modified_gmt":"2019-10-29T07:08:38","slug":"lazione-cattolica-del-quartiere-paradiso-a-servizio-della-citta","status":"publish","type":"post","link":"https:\/\/www.brundisium.net\/index.php\/lazione-cattolica-del-quartiere-paradiso-a-servizio-della-citta\/","title":{"rendered":"L&#8217;Azione cattolica del quartiere Paradiso a servizio della citt\u00e0"},"content":{"rendered":"<p><a href=\"http:\/\/www.brundisium.net\/brun\/wp-content\/uploads\/2019\/10\/festa-del-ciao-1.jpg\"><img loading=\"lazy\" decoding=\"async\" class=\"size-medium wp-image-163182 alignleft\" src=\"http:\/\/www.brundisium.net\/brun\/wp-content\/uploads\/2019\/10\/festa-del-ciao-1-225x300.jpg\" alt=\"\" width=\"225\" height=\"300\" srcset=\"https:\/\/www.brundisium.net\/brun\/wp-content\/uploads\/2019\/10\/festa-del-ciao-1-225x300.jpg 225w, https:\/\/www.brundisium.net\/brun\/wp-content\/uploads\/2019\/10\/festa-del-ciao-1-768x1024.jpg 768w, https:\/\/www.brundisium.net\/brun\/wp-content\/uploads\/2019\/10\/festa-del-ciao-1-300x400.jpg 300w, https:\/\/www.brundisium.net\/brun\/wp-content\/uploads\/2019\/10\/festa-del-ciao-1.jpg 1200w\" sizes=\"auto, (max-width: 225px) 100vw, 225px\" \/><\/a>I ragazzi dell\u2019Azione Cattolica (ACR) del quartiere Paradiso, accompagnati dagli adulti e dai giovani si mettono i guanti e ripuliscono alcune piazze del loro quartiere.<\/p>\n<p>All\u2019inizio di questo anno associativo che ha come tema la citt\u00e0, i ragazzi hanno scoperto di essere a tutti gli effetti cittadini, chiamati a prendersi cura della loro citt\u00e0.<\/p>\n<p>E\u2019 la citt\u00e0 giusta! \u00e8 lo slogan che guida il percorso di fede di quest\u2019anno che vuole portare i ragazzi ad abitare, valorizzandolo, ogni ambiente di vita dei ragazzi: la casa, la scuola, il quartiere, la citt\u00e0\u2026<\/p>\n<p>&nbsp;<\/p>\n<p>In particolare ieri mattina (domenica 27 ottobre), nel vivere la festa di apertura dell\u2019anno associativo, la Festa del Ciao, i ragazzi hanno voluto ripulire alcune vie e piazze: muniti di guanti, sacchetti per la raccolta differenziata e soprattutto tanta buona volont\u00e0 ed entusiasmo, gli acierrini, incoraggiati dai loro educatori e dai loro genitori hanno dato un nuovo look al quartiere.<\/p>\n<p><a href=\"http:\/\/www.brundisium.net\/brun\/wp-content\/uploads\/2019\/10\/festa-del-ciao-2.jpg\"><img loading=\"lazy\" decoding=\"async\" class=\"alignright size-medium wp-image-163183\" src=\"http:\/\/www.brundisium.net\/brun\/wp-content\/uploads\/2019\/10\/festa-del-ciao-2-300x225.jpg\" alt=\"\" width=\"300\" height=\"225\" srcset=\"https:\/\/www.brundisium.net\/brun\/wp-content\/uploads\/2019\/10\/festa-del-ciao-2-300x225.jpg 300w, https:\/\/www.brundisium.net\/brun\/wp-content\/uploads\/2019\/10\/festa-del-ciao-2-768x576.jpg 768w, https:\/\/www.brundisium.net\/brun\/wp-content\/uploads\/2019\/10\/festa-del-ciao-2-1024x768.jpg 1024w, https:\/\/www.brundisium.net\/brun\/wp-content\/uploads\/2019\/10\/festa-del-ciao-2.jpg 1600w\" sizes=\"auto, (max-width: 300px) 100vw, 300px\" \/><\/a><br \/>\nL\u2019esperienza vissuta \u00e8 stata per i piccoli della parrocchia un\u2019occasione per sperimentare una compagnia in cui vengono presi sul serio, in cui si riconosce loro la capacit\u00e0 di cooperare, nella propria misura, al bene comune. E il quartiere il luogo da esplorare e vivere insieme, per affermare e mettere alla prova la propria autonomia e la capacit\u00e0 di stare nel mondo con uno stile differente.<\/p>\n<p>I ragazzi hanno scoperto che la citt\u00e0 \u00e8 il luogo in cui spendersi, il luogo da abitare perch\u00e9 con i nostri gesti diventi sempre pi\u00f9 la citt\u00e0 giusta dei giusti, una citt\u00e0 da vivere per tutti.<\/p>\n","protected":false},"excerpt":{"rendered":"<p>I ragazzi dell\u2019Azione Cattolica (ACR) del quartiere Paradiso, accompagnati dagli adulti e dai giovani si mettono i guanti e ripuliscono alcune piazze del loro quartiere. All\u2019inizio di questo anno associativo che ha come tema la citt\u00e0, i ragazzi hanno scoperto di essere a tutti gli effetti cittadini, chiamati a prendersi cura della loro citt\u00e0. E\u2019 la citt\u00e0 giusta! \u00e8 lo slogan che guida il percorso di fede di quest\u2019anno che vuole portare i ragazzi ad abitare, valorizzandolo, ogni ambiente di vita dei ragazzi: la casa, la scuola, il quartiere, la citt\u00e0\u2026 &nbsp; In particolare ieri mattina (domenica 27 ottobre), nel vivere la festa di apertura dell\u2019anno associativo, la Festa del Ciao, i ragazzi hanno voluto ripulire alcune vie e piazze: muniti di guanti, sacchetti per la raccolta differenziata e soprattutto tanta buona volont\u00e0 ed entusiasmo, gli acierrini, incoraggiati dai loro educatori e dai loro genitori hanno dato un nuovo look al quartiere. L\u2019esperienza vissuta \u00e8 stata per i piccoli della parrocchia un\u2019occasione per sperimentare una compagnia in cui vengono presi&#8230;<\/p>\n","protected":false},"author":2,"featured_media":163181,"comment_status":"open","ping_status":"closed","sticky":false,"template":"","format":"standard","meta":{"footnotes":""},"categories":[7],"tags":[],"class_list":["post-163179","post","type-post","status-publish","format-standard","has-post-thumbnail","hentry","category-news"],"_links":{"self":[{"href":"https:\/\/www.brundisium.net\/index.php\/wp-json\/wp\/v2\/posts\/163179","targetHints":{"allow":["GET"]}}],"collection":[{"href":"https:\/\/www.brundisium.net\/index.php\/wp-json\/wp\/v2\/posts"}],"about":[{"href":"https:\/\/www.brundisium.net\/index.php\/wp-json\/wp\/v2\/types\/post"}],"author":[{"embeddable":true,"href":"https:\/\/www.brundisium.net\/index.php\/wp-json\/wp\/v2\/users\/2"}],"replies":[{"embeddable":true,"href":"https:\/\/www.brundisium.net\/index.php\/wp-json\/wp\/v2\/comments?post=163179"}],"version-history":[{"count":1,"href":"https:\/\/www.brundisium.net\/index.php\/wp-json\/wp\/v2\/posts\/163179\/revisions"}],"predecessor-version":[{"id":163184,"href":"https:\/\/www.brundisium.net\/index.php\/wp-json\/wp\/v2\/posts\/163179\/revisions\/163184"}],"wp:featuredmedia":[{"embeddable":true,"href":"https:\/\/www.brundisium.net\/index.php\/wp-json\/wp\/v2\/media\/163181"}],"wp:attachment":[{"href":"https:\/\/www.brundisium.net\/index.php\/wp-json\/wp\/v2\/media?parent=163179"}],"wp:term":[{"taxonomy":"category","embeddable":true,"href":"https:\/\/www.brundisium.net\/index.php\/wp-json\/wp\/v2\/categories?post=163179"},{"taxonomy":"post_tag","embeddable":true,"href":"https:\/\/www.brundisium.net\/index.php\/wp-json\/wp\/v2\/tags?post=163179"}],"curies":[{"name":"wp","href":"https:\/\/api.w.org\/{rel}","templated":true}]}}