{"id":163206,"date":"2019-10-29T11:33:28","date_gmt":"2019-10-29T10:33:28","guid":{"rendered":"http:\/\/www.brundisium.net\/?p=163206"},"modified":"2019-10-29T12:42:01","modified_gmt":"2019-10-29T11:42:01","slug":"apprendistato-duale-e-realta-imprenditoriale-del-nostro-territorio-quali-opportunita","status":"publish","type":"post","link":"https:\/\/www.brundisium.net\/index.php\/apprendistato-duale-e-realta-imprenditoriale-del-nostro-territorio-quali-opportunita\/","title":{"rendered":"Apprendistato duale e realt\u00e0 imprenditoriale del nostro territorio: quali opportunit\u00e0"},"content":{"rendered":"<p>Mercoled\u00ec 30 ottobre c.a. presso la Sala Conferenze dell\u2019Autorit\u00e0 di Sistema Portuale dell\u2019Adriatico Meridionale a Brindisi alle ore 9.00 si terr\u00e0 un incontro di formazione dal titolo \u201cApprendistato duale e realt\u00e0 imprenditoriale del nostro territorio: quali opportunit\u00e0?\u201d.<\/p>\n<p>&nbsp;<\/p>\n<p>L\u2019iniziativa si inserisce nell\u2019ambito delle attivit\u00e0 formative programmate dall\u2019Istituto ed \u00e8 rivolto agli studenti del triennio delle tre sedi scolastiche del Polo \u201cMESSAPIA\u201d: l\u2019Istituto professionale \u201cFerraris\u201d, indirizzo Industria e Artigianato con specializzazione in \u201cManutenzione e assistenza tecnica\u201d; l\u2019Istituto professionale \u201cDe Marco\u201d indirizzo Servizi commerciali con settore \u201cGrafica e comunicazione\u201d; l\u2019Istituto Tecnico Economico-Tecnologico \u201cValzani\u201d di San Pietro Vernotico con indirizzo Finanza e Marketing, Turismo, Grafica.<\/p>\n<p>&nbsp;<\/p>\n<p>Il presidente Patrick MARCUCCI di CONDINDUSTRIA Brindisi, il presidente Franco GENTILE di CNA Brindisi, il presidente Giuseppa ANTONACI di ITS Turismo Puglia, la dott.ssa Anna RUBINO, consulente ANPAL Puglia forniranno ai ragazzi strumenti per effettuare l\u2019analisi dei punti di forza e di debolezza, rischi e opportunit\u00e0 che il nostro territorio offre sul piano dell\u2019inserimento nel mondo del lavoro all\u2019indomani del compimento del quinquennio formativo. Un tema scottante al centro del dibattito attuale, considerata la delicata congiuntura economico-sociale ed imprenditoriale che si mostra sofferente a scelte politiche considerate inadeguate ai reali bisogni del territorio e che alimenta quella dimensione di incertezza e disorientamento che anima i nostri giovani, sempre pi\u00f9 scoraggiati rispetto alla possibilit\u00e0 di progettare il proprio futuro e rassegnati a lasciare una terra tanto amata, che \u00e8 avvertita ostile e inadeguata ai loro bisogni di vita e di lavoro.<\/p>\n<p>&nbsp;<\/p>\n<p>C.S.<\/p>\n","protected":false},"excerpt":{"rendered":"<p>Mercoled\u00ec 30 ottobre c.a. presso la Sala Conferenze dell\u2019Autorit\u00e0 di Sistema Portuale dell\u2019Adriatico Meridionale a Brindisi alle ore 9.00 si terr\u00e0 un incontro di formazione dal titolo \u201cApprendistato duale e realt\u00e0 imprenditoriale del nostro territorio: quali opportunit\u00e0?\u201d. &nbsp; L\u2019iniziativa si inserisce nell\u2019ambito delle attivit\u00e0 formative programmate dall\u2019Istituto ed \u00e8 rivolto agli studenti del triennio delle tre sedi scolastiche del Polo \u201cMESSAPIA\u201d: l\u2019Istituto professionale \u201cFerraris\u201d, indirizzo Industria e Artigianato con specializzazione in \u201cManutenzione e assistenza tecnica\u201d; l\u2019Istituto professionale \u201cDe Marco\u201d indirizzo Servizi commerciali con settore \u201cGrafica e comunicazione\u201d; l\u2019Istituto Tecnico Economico-Tecnologico \u201cValzani\u201d di San Pietro Vernotico con indirizzo Finanza e Marketing, Turismo, Grafica. &nbsp; Il presidente Patrick MARCUCCI di CONDINDUSTRIA Brindisi, il presidente Franco GENTILE di CNA Brindisi, il presidente Giuseppa ANTONACI di ITS Turismo Puglia, la dott.ssa Anna RUBINO, consulente ANPAL Puglia forniranno ai ragazzi strumenti per effettuare l\u2019analisi dei punti di forza e di debolezza, rischi e opportunit\u00e0 che il nostro territorio offre sul piano dell\u2019inserimento nel mondo del lavoro all\u2019indomani del compimento del quinquennio formativo. Un tema scottante&#8230;<\/p>\n","protected":false},"author":2,"featured_media":163209,"comment_status":"open","ping_status":"closed","sticky":false,"template":"","format":"standard","meta":{"footnotes":""},"categories":[7],"tags":[],"class_list":["post-163206","post","type-post","status-publish","format-standard","has-post-thumbnail","hentry","category-news"],"_links":{"self":[{"href":"https:\/\/www.brundisium.net\/index.php\/wp-json\/wp\/v2\/posts\/163206","targetHints":{"allow":["GET"]}}],"collection":[{"href":"https:\/\/www.brundisium.net\/index.php\/wp-json\/wp\/v2\/posts"}],"about":[{"href":"https:\/\/www.brundisium.net\/index.php\/wp-json\/wp\/v2\/types\/post"}],"author":[{"embeddable":true,"href":"https:\/\/www.brundisium.net\/index.php\/wp-json\/wp\/v2\/users\/2"}],"replies":[{"embeddable":true,"href":"https:\/\/www.brundisium.net\/index.php\/wp-json\/wp\/v2\/comments?post=163206"}],"version-history":[{"count":1,"href":"https:\/\/www.brundisium.net\/index.php\/wp-json\/wp\/v2\/posts\/163206\/revisions"}],"predecessor-version":[{"id":163210,"href":"https:\/\/www.brundisium.net\/index.php\/wp-json\/wp\/v2\/posts\/163206\/revisions\/163210"}],"wp:featuredmedia":[{"embeddable":true,"href":"https:\/\/www.brundisium.net\/index.php\/wp-json\/wp\/v2\/media\/163209"}],"wp:attachment":[{"href":"https:\/\/www.brundisium.net\/index.php\/wp-json\/wp\/v2\/media?parent=163206"}],"wp:term":[{"taxonomy":"category","embeddable":true,"href":"https:\/\/www.brundisium.net\/index.php\/wp-json\/wp\/v2\/categories?post=163206"},{"taxonomy":"post_tag","embeddable":true,"href":"https:\/\/www.brundisium.net\/index.php\/wp-json\/wp\/v2\/tags?post=163206"}],"curies":[{"name":"wp","href":"https:\/\/api.w.org\/{rel}","templated":true}]}}