{"id":163343,"date":"2019-11-01T13:11:47","date_gmt":"2019-11-01T12:11:47","guid":{"rendered":"http:\/\/www.brundisium.net\/?p=163343"},"modified":"2019-11-01T13:25:23","modified_gmt":"2019-11-01T12:25:23","slug":"brindisiclassica-martedi-5-concerto-per-flauto-e-organo-alla-chiesa-di-san-vito-martire","status":"publish","type":"post","link":"https:\/\/www.brundisium.net\/index.php\/brindisiclassica-martedi-5-concerto-per-flauto-e-organo-alla-chiesa-di-san-vito-martire\/","title":{"rendered":"BrindisiClassica: marted\u00ec 5 concerto per flauto e organo alla Chiesa di San Vito Martire"},"content":{"rendered":"<p><em>Brindisi &#8211; Marted\u00ec 5 nov. 2019 (ore 20.00) &#8211; Chiesa di San Vito Martire<br \/>\nconcerto per flauto e organo<br \/>\nFrancesca Salvemini flauto<br \/>\nGraziano Semeraro organo<\/em><\/p>\n<p>&nbsp;<\/p>\n<p>Marted\u00ec 5 novembre (ore 20.00), nella chiesa di San Vito Martire a Brindisi, Francesca Salvemini al flauto e Graziano Semeraro all&#8217;organo sono protagonisti di un originale e coinvolgente concerto per flauto e organo, con un programma rappresentativo della letteratura in epoca tardo-romantica e moderna.<\/p>\n<p>Il concerto inizia con Elegie op. 160 di Franz Lachner; a seguire il dolce Andante religioso op. 6 di Hans Hiller, il Laus Deo di Theodore Dubois (per organo solo), l&#8217;Adagio pour violon et orgue di Andr\u00e9 Caplet, la Fantasia in do maggiore di Johann Ludwig Krebs, l&#8217;Adagio di Giuseppe Manzino, Carillon de Westminster di Louis Vierne (per organo solo), Recueillement di No\u00ebl Gallon e, in chiusura, il dittico Siciliana e Giga di Marco Enrico Bossi.<br \/>\nI due musicisti, entrambi con esperienze concertistiche di rilievo internazionale, si sono recentemente incontrati da docenti nel Conservatorio di Monopoli e, accomunati dalla predilezione per la musica da camera, hanno intrapreso un percorso di collaborazione rivolto valorizzare e diffondere il repertorio per flauto e organo. Francesca Salvemini, figlia d\u2019arte, \u00e8 apprezzata per l\u2019innata musicalit\u00e0, per l&#8217;espressivit\u00e0 e per il suono generoso ed emozionante. Si \u00e8 esibita in ogni parte del mondo nei pi\u00f9 importanti luoghi della Musica e con orchestre quali: I Solisti Veneti, I Solisti Aquilani, I Solisti di Madrid, la State Orchestra of Moscow, Orchestre Filarmoniche di Ploiesti e Bacau, Izmir e Delvet Sinfoni Orkestrasi, Philarmonica di Stato del Messico, Sinfonica di Opole in Polonia e altre. Graziano Semeraro \u00e8 organista, compositore, clavicembalista e pianista. Da pi\u00f9 di trent\u2019anni s&#8217;impegna nella riscoperta e valorizzazione dell\u2019organo e della musica organistica in Terra di Brindisi. All\u2019attivit\u00e0 concertistica, svolta con successo in Italia e all\u2019estero, affianca un&#8217;appassionata e feconda ricerca musicologica. Numerose e molto apprezzate dalla critica le sue pubblicazioni, le ricostruzioni di manoscritti e le incisioni.<\/p>\n<p>&nbsp;<\/p>\n<p>Ingresso \u20ac 10,00 &#8211; Ridotto studenti e under 25 \u20ac 5,00<br \/>\nInfo: 3288440033 &#8211; www.associazioneninorota.it<\/p>\n","protected":false},"excerpt":{"rendered":"<p>Brindisi &#8211; Marted\u00ec 5 nov. 2019 (ore 20.00) &#8211; Chiesa di San Vito Martire concerto per flauto e organo Francesca Salvemini flauto Graziano Semeraro organo &nbsp; Marted\u00ec 5 novembre (ore 20.00), nella chiesa di San Vito Martire a Brindisi, Francesca Salvemini al flauto e Graziano Semeraro all&#8217;organo sono protagonisti di un originale e coinvolgente concerto per flauto e organo, con un programma rappresentativo della letteratura in epoca tardo-romantica e moderna. Il concerto inizia con Elegie op. 160 di Franz Lachner; a seguire il dolce Andante religioso op. 6 di Hans Hiller, il Laus Deo di Theodore Dubois (per organo solo), l&#8217;Adagio pour violon et orgue di Andr\u00e9 Caplet, la Fantasia in do maggiore di Johann Ludwig Krebs, l&#8217;Adagio di Giuseppe Manzino, Carillon de Westminster di Louis Vierne (per organo solo), Recueillement di No\u00ebl Gallon e, in chiusura, il dittico Siciliana e Giga di Marco Enrico Bossi. I due musicisti, entrambi con esperienze concertistiche di rilievo internazionale, si sono recentemente incontrati da docenti nel Conservatorio di Monopoli e, accomunati dalla predilezione&#8230;<\/p>\n","protected":false},"author":2,"featured_media":161746,"comment_status":"open","ping_status":"closed","sticky":false,"template":"","format":"standard","meta":{"footnotes":""},"categories":[7],"tags":[],"class_list":["post-163343","post","type-post","status-publish","format-standard","has-post-thumbnail","hentry","category-news"],"_links":{"self":[{"href":"https:\/\/www.brundisium.net\/index.php\/wp-json\/wp\/v2\/posts\/163343","targetHints":{"allow":["GET"]}}],"collection":[{"href":"https:\/\/www.brundisium.net\/index.php\/wp-json\/wp\/v2\/posts"}],"about":[{"href":"https:\/\/www.brundisium.net\/index.php\/wp-json\/wp\/v2\/types\/post"}],"author":[{"embeddable":true,"href":"https:\/\/www.brundisium.net\/index.php\/wp-json\/wp\/v2\/users\/2"}],"replies":[{"embeddable":true,"href":"https:\/\/www.brundisium.net\/index.php\/wp-json\/wp\/v2\/comments?post=163343"}],"version-history":[{"count":1,"href":"https:\/\/www.brundisium.net\/index.php\/wp-json\/wp\/v2\/posts\/163343\/revisions"}],"predecessor-version":[{"id":163344,"href":"https:\/\/www.brundisium.net\/index.php\/wp-json\/wp\/v2\/posts\/163343\/revisions\/163344"}],"wp:featuredmedia":[{"embeddable":true,"href":"https:\/\/www.brundisium.net\/index.php\/wp-json\/wp\/v2\/media\/161746"}],"wp:attachment":[{"href":"https:\/\/www.brundisium.net\/index.php\/wp-json\/wp\/v2\/media?parent=163343"}],"wp:term":[{"taxonomy":"category","embeddable":true,"href":"https:\/\/www.brundisium.net\/index.php\/wp-json\/wp\/v2\/categories?post=163343"},{"taxonomy":"post_tag","embeddable":true,"href":"https:\/\/www.brundisium.net\/index.php\/wp-json\/wp\/v2\/tags?post=163343"}],"curies":[{"name":"wp","href":"https:\/\/api.w.org\/{rel}","templated":true}]}}