{"id":163636,"date":"2019-11-07T19:29:04","date_gmt":"2019-11-07T18:29:04","guid":{"rendered":"http:\/\/www.brundisium.net\/?p=163636"},"modified":"2019-11-08T08:32:04","modified_gmt":"2019-11-08T07:32:04","slug":"firmate-le-convenzioni-per-il-master-in-analisi-applicata-del-comportamento-e-autismo-e-per-i-tirocini-riservati-ai-detenuti-di-brindisi","status":"publish","type":"post","link":"https:\/\/www.brundisium.net\/index.php\/firmate-le-convenzioni-per-il-master-in-analisi-applicata-del-comportamento-e-autismo-e-per-i-tirocini-riservati-ai-detenuti-di-brindisi\/","title":{"rendered":"Firmate le convenzioni per il Master in Analisi Applicata del Comportamento e Autismo e per i tirocini riservati ai detenuti di Brindisi"},"content":{"rendered":"<p><img loading=\"lazy\" decoding=\"async\" class=\"alignleft size-medium wp-image-163638\" src=\"http:\/\/www.brundisium.net\/brun\/wp-content\/uploads\/2019\/11\/Firmate-le-convenzioni-per-il-Master-in-Analisi-Applicata-del-Comportamento-e-Autismo-2-300x150.jpg\" alt=\"\" width=\"300\" height=\"150\" srcset=\"https:\/\/www.brundisium.net\/brun\/wp-content\/uploads\/2019\/11\/Firmate-le-convenzioni-per-il-Master-in-Analisi-Applicata-del-Comportamento-e-Autismo-2-300x150.jpg 300w, https:\/\/www.brundisium.net\/brun\/wp-content\/uploads\/2019\/11\/Firmate-le-convenzioni-per-il-Master-in-Analisi-Applicata-del-Comportamento-e-Autismo-2-768x384.jpg 768w, https:\/\/www.brundisium.net\/brun\/wp-content\/uploads\/2019\/11\/Firmate-le-convenzioni-per-il-Master-in-Analisi-Applicata-del-Comportamento-e-Autismo-2-1024x512.jpg 1024w\" sizes=\"auto, (max-width: 300px) 100vw, 300px\" \/>La Provincia di Brindisi, alla presenza del Presidente e sindaco di Brindisi, Riccardo Rossi, ha sottoscritto questa mattina due importanti convenzioni nel settore dei Servizi sociali. La prima ha riguardato la programmazione del Master di I e II livello in \u201cAnalisi Applicata del Comportamento e Autismo\u201d.<\/p>\n<p>Un&#8217;iniziativa importante, di rilievo internazionale, unica in Italia. La convenzione \u00e8 stata firmata da Provincia di Brindisi, Comune di Brindisi, Cooperativa Socioculturale e Universit\u00e0 di Salerno. L\u2019obiettivo \u00e9 l&#8217;implementazione di professionalit\u00e0, competenze, e qualit\u00e0 dei servizi a favore delle persone con disturbi dello spettro autistico, in particolare nel territorio pugliese. Per la Provincia di Brindisi ha sottoscritto la Convenzione il vicepresidente Giuseppe Pace.<\/p>\n<p>\u201cIl nostro obiettivo \u2013 ha detto Giuseppe Pace &#8211; \u00e8 quello di offrire delle opportunit\u00e0 per alleviare la condizione di sofferenza di quanti sono affetti da queste patologie, purtroppo molto frequenti in questo particolare periodo storico, e alleviare il disagio delle famiglia interessate che subiscono il carico assistenziale e spesso sono lasciate sole. Il nostro auspicio \u00e8 che da questi corsi, da questi Master vengano fuori quelle professionalit\u00e0 che possano realmente essere impegnate fattivamente sul territorio. E per questo il nostro intendimento \u00e8, tra gli altri, favorire anche delle fattive collaborazioni con l\u2019ASL, con il Provveditorato agli Studi, con gli Istituti scolastici affinch\u00e9 possano emergere le pi\u00f9 idonee e specifiche professionalit\u00e0\u201d.<\/p>\n<p><img loading=\"lazy\" decoding=\"async\" class=\"size-medium wp-image-163639 alignright\" src=\"http:\/\/www.brundisium.net\/brun\/wp-content\/uploads\/2019\/11\/Firmate-le-convenzioni-per-il-Master-in-Analisi-Applicata-del-Comportamento-e-Autismo-3-300x150.jpg\" alt=\"\" width=\"300\" height=\"150\" srcset=\"https:\/\/www.brundisium.net\/brun\/wp-content\/uploads\/2019\/11\/Firmate-le-convenzioni-per-il-Master-in-Analisi-Applicata-del-Comportamento-e-Autismo-3-300x150.jpg 300w, https:\/\/www.brundisium.net\/brun\/wp-content\/uploads\/2019\/11\/Firmate-le-convenzioni-per-il-Master-in-Analisi-Applicata-del-Comportamento-e-Autismo-3-768x384.jpg 768w, https:\/\/www.brundisium.net\/brun\/wp-content\/uploads\/2019\/11\/Firmate-le-convenzioni-per-il-Master-in-Analisi-Applicata-del-Comportamento-e-Autismo-3-1024x512.jpg 1024w\" sizes=\"auto, (max-width: 300px) 100vw, 300px\" \/>Sull\u2019argomento Valentina Nadia Fanigliulo, consigliere provinciale con delega ai Servizi Sociali, fa ance rilevare quanto segue. \u201cL&#8217;accordo di oggi \u00e8 l&#8217;esempio virtuoso di lavoro e collaborazione tra enti pubblici e privati per il raggiungimento di importanti obiettivi. Il master \u00e8 una grande occasione di crescita formativa per tanti neo laureati del territorio. L&#8217;autismo \u00e8, purtroppo, una disabilit\u00e0 in costante crescita le cui cause sono ancora sconosciute, ma tutti noi dobbiamo fare il possibile per permettere a questi ragazzi di poter vivere al meglio. Per ora l&#8217;unica cosa che noi possiamo fare \u00e8 proprio quella di farli affiancare da operatori preparati con una formazione esclusiva e di livello. Per questo non posso che ringraziare di cuore il Rettore dell&#8217;Universit\u00e0 di Salerno, la cooperativa Socioculturale e il sindaco e presidente Riccardo Rossi per la sensibilit\u00e0 dimostrata e per essere riusciti a dare una segnale a tante famiglie che vivono determinate situazioni. Questo master sar\u00e0 un occasione di crescita per tanti ragazzi brindisini ma spero possa attrarne tanti altri da altre province. Con l&#8217;occasione ritorner\u00e0 a vivere il bellissimo chiostro di San Paolo dove si realizzeranno i Master\u201d.<\/p>\n<p>Le domande di ammissione al concorso per la partecipazione al master dovranno essere presentate entro e non oltre le ore 13.00 del 15 novembre 2019. Per maggiori informazioni https:\/\/web.unisa.it\/didattica\/master\/bandi.<br \/>\nLa seconda convenzione riguarda la possibilit\u00e0 che la Provincia di Brindisi dar\u00e0 ancora una volta ai detenuti della Casa Circondariale di Brindisi di frequentare dei tirocini presso la sede dell\u2019Ente, finalizzati al reinserimento del mondo del lavoro. La Convenzione \u00e8 stata firmata dalla Provincia di Brindisi e dalla Direttrice della stessa Casa Circondariale, Anna Maria Dello Preite.<\/p>\n<p>&nbsp;<\/p>\n<p>\u201cCon questa convenzione \u2013 ha detto il vicepresidente della Provincia, Giuseppe Pace \u2013 vogliamo dare la possibilit\u00e0 e delle opportunit\u00e0 a queste persone che abbiano voglia di reintegrarsi veramente nella vita sociale, favorendo la loro accoglienza in ogni ambito della vita quotidiana. Questo passaggio \u00e9 assolutamente fondamentale perch\u00e9, superata la fase di recupero, una societ\u00e0 civile deve essere capace di favorire questa integrazione. Ed \u00e9 quello che noi vogliamo sostenere. In tal senso, siamo ben lieti, come Provincia, di consentire i primi passi del percorso di reinserimento sociale\u201d.<\/p>\n","protected":false},"excerpt":{"rendered":"<p>La Provincia di Brindisi, alla presenza del Presidente e sindaco di Brindisi, Riccardo Rossi, ha sottoscritto questa mattina due importanti convenzioni nel settore dei Servizi sociali. La prima ha riguardato la programmazione del Master di I e II livello in \u201cAnalisi Applicata del Comportamento e Autismo\u201d. Un&#8217;iniziativa importante, di rilievo internazionale, unica in Italia. La convenzione \u00e8 stata firmata da Provincia di Brindisi, Comune di Brindisi, Cooperativa Socioculturale e Universit\u00e0 di Salerno. L\u2019obiettivo \u00e9 l&#8217;implementazione di professionalit\u00e0, competenze, e qualit\u00e0 dei servizi a favore delle persone con disturbi dello spettro autistico, in particolare nel territorio pugliese. Per la Provincia di Brindisi ha sottoscritto la Convenzione il vicepresidente Giuseppe Pace. \u201cIl nostro obiettivo \u2013 ha detto Giuseppe Pace &#8211; \u00e8 quello di offrire delle opportunit\u00e0 per alleviare la condizione di sofferenza di quanti sono affetti da queste patologie, purtroppo molto frequenti in questo particolare periodo storico, e alleviare il disagio delle famiglia interessate che subiscono il carico assistenziale e spesso sono lasciate sole. Il nostro auspicio \u00e8 che da questi corsi,&#8230;<\/p>\n","protected":false},"author":2,"featured_media":163637,"comment_status":"open","ping_status":"closed","sticky":false,"template":"","format":"standard","meta":{"footnotes":""},"categories":[7],"tags":[],"class_list":["post-163636","post","type-post","status-publish","format-standard","has-post-thumbnail","hentry","category-news"],"_links":{"self":[{"href":"https:\/\/www.brundisium.net\/index.php\/wp-json\/wp\/v2\/posts\/163636","targetHints":{"allow":["GET"]}}],"collection":[{"href":"https:\/\/www.brundisium.net\/index.php\/wp-json\/wp\/v2\/posts"}],"about":[{"href":"https:\/\/www.brundisium.net\/index.php\/wp-json\/wp\/v2\/types\/post"}],"author":[{"embeddable":true,"href":"https:\/\/www.brundisium.net\/index.php\/wp-json\/wp\/v2\/users\/2"}],"replies":[{"embeddable":true,"href":"https:\/\/www.brundisium.net\/index.php\/wp-json\/wp\/v2\/comments?post=163636"}],"version-history":[{"count":1,"href":"https:\/\/www.brundisium.net\/index.php\/wp-json\/wp\/v2\/posts\/163636\/revisions"}],"predecessor-version":[{"id":163640,"href":"https:\/\/www.brundisium.net\/index.php\/wp-json\/wp\/v2\/posts\/163636\/revisions\/163640"}],"wp:featuredmedia":[{"embeddable":true,"href":"https:\/\/www.brundisium.net\/index.php\/wp-json\/wp\/v2\/media\/163637"}],"wp:attachment":[{"href":"https:\/\/www.brundisium.net\/index.php\/wp-json\/wp\/v2\/media?parent=163636"}],"wp:term":[{"taxonomy":"category","embeddable":true,"href":"https:\/\/www.brundisium.net\/index.php\/wp-json\/wp\/v2\/categories?post=163636"},{"taxonomy":"post_tag","embeddable":true,"href":"https:\/\/www.brundisium.net\/index.php\/wp-json\/wp\/v2\/tags?post=163636"}],"curies":[{"name":"wp","href":"https:\/\/api.w.org\/{rel}","templated":true}]}}