{"id":164297,"date":"2019-11-20T04:04:20","date_gmt":"2019-11-20T03:04:20","guid":{"rendered":"http:\/\/www.brundisium.net\/?p=164297"},"modified":"2019-11-20T09:39:10","modified_gmt":"2019-11-20T08:39:10","slug":"giornata-mondiale-dellinfanzia-le-iniziative-nel-comune-di-mesagne","status":"publish","type":"post","link":"https:\/\/www.brundisium.net\/index.php\/giornata-mondiale-dellinfanzia-le-iniziative-nel-comune-di-mesagne\/","title":{"rendered":"Giornata mondiale dell\u2019Infanzia: le iniziative nel Comune di Mesagne"},"content":{"rendered":"<p>Domani, mercoled\u00ec 20 novembre 2019, si celebra la \u201cGiornata mondiale dell&#8217;Infanzia e dell&#8217;Adolescenza\u201d, una data utile per riflettere su quanto \u00e8 stato fatto dal 20 novembre 1989 a oggi e su quali sfide attendono ancora l\u2019impegno degli adulti per la realizzazione dei diritti dei bambini.<\/p>\n<p>Per l&#8217;occasione il Secondo Circolo didattico di Mesagne, con il patrocinio del Comune di Mesagne, organizza la \u201cMarcia dei diritti dei bambini e della bambine\u201d.<\/p>\n<p>Aderiscono all\u2019iniziativa l\u2019asilo nido comunale \u201cCavaliere\u201d, la scuola dell\u2019infanzia paritaria \u201cScazzeri\u201d, il nido e la scuola dell\u2019infanzia paritaria \u201cCresciamo Insieme\u201d. Per il primo Circolo partecipano le scuole dell\u2019infanzia \u201cDe Amicis\u201d, \u201cDon Milani\u201d, \u201cRodari\u201d e le classi seconde del plesso \u201cBorsellino\u201d; per il Secondo Circolo partecipano le scuole dell\u2019infanzia \u201cAndersen\u201d, \u201cCavaliere\u201d, \u201cMir\u00f2\u201d, \u201cMontessori\u201d e le classi prime e seconde dei plessi \u201cGiovanni XXIII\u201d e \u201cGiovanni Falcone\u201d. Sar\u00e0 presente una delegazione dei ragazzi delle scuola media \u201cMaterdona-Moro\u201d e dell\u2019istituto di istruzione secondaria superiore, Liceo scientifico e coreutico \u201cEpifanio Ferdinando\u201d.<\/p>\n<p>&nbsp;<\/p>\n<p>A trent\u2019anni esatti dall&#8217;approvazione della \u201cConvenzione Onu sui diritti dell&#8217;Infanzia\u201d, l\u2019Anci insieme all\u2019UNICEF invita ad illuminare di blu un monumento simbolo della citt\u00e0 per chiedere che per ogni bambino, bambina e adolescente sia garantito e realizzato ogni diritto. A Mesagne verr\u00e0 illuminato di blu Palazzo dei Celestini &#8211; luogo simbolo della partecipazione democratica e della crescita sociale della comunit\u00e0 &#8211; e la fontana della Villa comunale, simbolo di aggregazione e gioco per i bambini della citt\u00e0. Sar\u00e0 il sindaco della citt\u00e0, Toni Matarrelli, a dare il via alla marcia che partir\u00e0 dalla casa comunale; a lui, in qualit\u00e0 di garante a Mesagne dell\u2019applicazione della Convenzione ONU, una delegazione di bambini e bambine consegner\u00e0 \u201cun patto di cittadinanza\u201d. \u201cIl documento che affideremo al primo cittadino \u00e8 frutto di un percorso avviato dalle scuole partecipanti al fine di guidare i bambini alla scoperta dei diritti e dei doveri, per accompagnarli alla consapevolezza dell\u2019importanza di una partecipazione attiva alla vita della comunit\u00e0. Dalle riflessioni con i bambini \u00e8 poi emersa anche una sorta di \u201clista dei desideri\u201d, scritta con la speranza di migliorare ulteriormente la propria scuola e il proprio \u201cmicrocosmo\u201d quotidiano\u201d, si legge nella nota delle scuole. \u201cLa Convenzione rappresenta un riferimento di straordinaria importanza poich\u00e9 riconosce tutti i bambini e tutte le bambine del mondo titolari di diritti civili, sociali, politici, culturali ed economici. Reputo prezioso il lavoro di preparazione svolto dai docenti per onorare questo importante anniversario\u201d, ha commentato il sindaco Matarrelli.<\/p>\n<p>La banda cittadina \u201cF. Fasano-L. Leo\u201d accompagner\u00e0 il percorso, il Gruppo di sbandieratori e musici \u201cMarchesi di Serranova Citt\u00e0 di Mesagne\u201d si esibir\u00e0 in villa Comunale. Il raduno \u00e8 previsto in piazza Garibaldi alle ore 16,30. I bambini e i genitori marceranno con i \u201cpedibus\u201d, autobus che vanno a piedi, adatti per viaggiare in gruppo in modo sicuro, ecologico e divertente. Il corteo percorrer\u00e0 via Federico II di Svevia e via Brindisi per confluire in Villa. Dopo il saluto del dirigente del Secondo Circolo didattico, Daniele Guccione, e del presidente UNICEF di Brindisi, Ernesto Marin\u00f2, i bambini canteranno e si esibiranno in un flash mob per sensibilizzare gli adulti ai diritti dell\u2019infanzia.<\/p>\n<p>&nbsp;<\/p>\n<p>\u201cDiritti e desideri rimandano anche all\u2019assolvimento di semplici ma necessari doveri rispetto ai quali mi permetter\u00f2 di chiedere ai piccoli cittadini di assumere degli impegni, primo fra tutti il rispetto dell\u2019ambiente\u201d, ha concluso Marco Cal\u00f2, consulente cittadino alle Politiche scolastiche, che chiuder\u00e0 l\u2019iniziativa. Quest\u2019anno, in occasione della ricorrenza del centenario della nascita di Rodari, tutte le autorit\u00e0 coinvolte saranno chiamate a rivolgersi ai bambini e alle bambine con un pensiero del grande poeta.<\/p>\n","protected":false},"excerpt":{"rendered":"<p>Domani, mercoled\u00ec 20 novembre 2019, si celebra la \u201cGiornata mondiale dell&#8217;Infanzia e dell&#8217;Adolescenza\u201d, una data utile per riflettere su quanto \u00e8 stato fatto dal 20 novembre 1989 a oggi e su quali sfide attendono ancora l\u2019impegno degli adulti per la realizzazione dei diritti dei bambini. Per l&#8217;occasione il Secondo Circolo didattico di Mesagne, con il patrocinio del Comune di Mesagne, organizza la \u201cMarcia dei diritti dei bambini e della bambine\u201d. Aderiscono all\u2019iniziativa l\u2019asilo nido comunale \u201cCavaliere\u201d, la scuola dell\u2019infanzia paritaria \u201cScazzeri\u201d, il nido e la scuola dell\u2019infanzia paritaria \u201cCresciamo Insieme\u201d. Per il primo Circolo partecipano le scuole dell\u2019infanzia \u201cDe Amicis\u201d, \u201cDon Milani\u201d, \u201cRodari\u201d e le classi seconde del plesso \u201cBorsellino\u201d; per il Secondo Circolo partecipano le scuole dell\u2019infanzia \u201cAndersen\u201d, \u201cCavaliere\u201d, \u201cMir\u00f2\u201d, \u201cMontessori\u201d e le classi prime e seconde dei plessi \u201cGiovanni XXIII\u201d e \u201cGiovanni Falcone\u201d. Sar\u00e0 presente una delegazione dei ragazzi delle scuola media \u201cMaterdona-Moro\u201d e dell\u2019istituto di istruzione secondaria superiore, Liceo scientifico e coreutico \u201cEpifanio Ferdinando\u201d. &nbsp; A trent\u2019anni esatti dall&#8217;approvazione della \u201cConvenzione Onu sui diritti dell&#8217;Infanzia\u201d, l\u2019Anci insieme&#8230;<\/p>\n","protected":false},"author":2,"featured_media":164300,"comment_status":"open","ping_status":"closed","sticky":false,"template":"","format":"standard","meta":{"footnotes":""},"categories":[7],"tags":[],"class_list":["post-164297","post","type-post","status-publish","format-standard","has-post-thumbnail","hentry","category-news"],"_links":{"self":[{"href":"https:\/\/www.brundisium.net\/index.php\/wp-json\/wp\/v2\/posts\/164297","targetHints":{"allow":["GET"]}}],"collection":[{"href":"https:\/\/www.brundisium.net\/index.php\/wp-json\/wp\/v2\/posts"}],"about":[{"href":"https:\/\/www.brundisium.net\/index.php\/wp-json\/wp\/v2\/types\/post"}],"author":[{"embeddable":true,"href":"https:\/\/www.brundisium.net\/index.php\/wp-json\/wp\/v2\/users\/2"}],"replies":[{"embeddable":true,"href":"https:\/\/www.brundisium.net\/index.php\/wp-json\/wp\/v2\/comments?post=164297"}],"version-history":[{"count":1,"href":"https:\/\/www.brundisium.net\/index.php\/wp-json\/wp\/v2\/posts\/164297\/revisions"}],"predecessor-version":[{"id":164301,"href":"https:\/\/www.brundisium.net\/index.php\/wp-json\/wp\/v2\/posts\/164297\/revisions\/164301"}],"wp:featuredmedia":[{"embeddable":true,"href":"https:\/\/www.brundisium.net\/index.php\/wp-json\/wp\/v2\/media\/164300"}],"wp:attachment":[{"href":"https:\/\/www.brundisium.net\/index.php\/wp-json\/wp\/v2\/media?parent=164297"}],"wp:term":[{"taxonomy":"category","embeddable":true,"href":"https:\/\/www.brundisium.net\/index.php\/wp-json\/wp\/v2\/categories?post=164297"},{"taxonomy":"post_tag","embeddable":true,"href":"https:\/\/www.brundisium.net\/index.php\/wp-json\/wp\/v2\/tags?post=164297"}],"curies":[{"name":"wp","href":"https:\/\/api.w.org\/{rel}","templated":true}]}}