{"id":164351,"date":"2019-11-20T18:35:11","date_gmt":"2019-11-20T17:35:11","guid":{"rendered":"http:\/\/www.brundisium.net\/?p=164351"},"modified":"2019-11-20T19:36:53","modified_gmt":"2019-11-20T18:36:53","slug":"francavilla-cosimo-bungaro-nominato-coordinatore-cittadino-di-forza-italia","status":"publish","type":"post","link":"https:\/\/www.brundisium.net\/index.php\/francavilla-cosimo-bungaro-nominato-coordinatore-cittadino-di-forza-italia\/","title":{"rendered":"Francavilla: Cosimo Bungaro nominato coordinatore cittadino di Forza Italia"},"content":{"rendered":"<p>Cosimo Bungaro, gi\u00e0 assessore e vicesindaco del Comune di Francavilla Fontana, \u00e8 stato nominato nuovo coordinatore del partito azzurro. Ad annunciarlo \u00e8 il commissario provinciale di FI, Laura De Mola, che ha deciso di affidare a Bungaro la guida del partito, \u201cstante la sua esperienza maturata in tutti questi anni di militanza ed attivit\u00e0 politica \u2013 sottolinea la De Mola &#8211; oltre che per la coerenza mostrata agli ideali del partito\u201d.<\/p>\n<p>Infatti, proprio lo stesso Bungaro, nato in Alleanza Nazionale, ha aderito nel 2008 al progetto de Il Popolo della Libert\u00e0 di Silvio Berlusconi, per poi confluire in Forza Italia, dopo il suo scioglimento nel 2011. Venne eletto per la prima volta consigliere comunale nel 1996 e rivest\u00ec nel 2001 i panni di Assessore al Turismo del comune del brindisino. Carica confermata anche alle elezioni del 2006 e poi ancora nel 2009, anno in cui viene nominato vicesindaco della citt\u00e0.<\/p>\n<p>Da sempre uno dei candidati pi\u00f9 suffragati in assoluto, Bungaro ha accettato senza riserva l\u2019incarico affidatogli dal partito. \u201cA Bungaro \u2013 continua il commissario provinciale \u2013 vanno i miei auguri per quello che, ne sono certa, sar\u00e0 un proficuo lavoro. La fedelt\u00e0 di una persona onesta e leale ai nostri valori, sar\u00e0 motivo di aggregazione per i nuovi tesserati. Nei prossimi giorni \u2013 conclude Laura De Mola \u2013 saranno completate le nomine per tutti i comuni della provincia di Brindisi\u201d.<\/p>\n<p>Negli ultimi minuti, a Cosimo Bungaro, sono giunte anche le felicitazioni del commissario regionale del partito, deputato Mauro D\u2019Attis, e del vice commissario regionale di Forza Italia, senatore Dario Damiani.<\/p>\n","protected":false},"excerpt":{"rendered":"<p>Cosimo Bungaro, gi\u00e0 assessore e vicesindaco del Comune di Francavilla Fontana, \u00e8 stato nominato nuovo coordinatore del partito azzurro. Ad annunciarlo \u00e8 il commissario provinciale di FI, Laura De Mola, che ha deciso di affidare a Bungaro la guida del partito, \u201cstante la sua esperienza maturata in tutti questi anni di militanza ed attivit\u00e0 politica \u2013 sottolinea la De Mola &#8211; oltre che per la coerenza mostrata agli ideali del partito\u201d. Infatti, proprio lo stesso Bungaro, nato in Alleanza Nazionale, ha aderito nel 2008 al progetto de Il Popolo della Libert\u00e0 di Silvio Berlusconi, per poi confluire in Forza Italia, dopo il suo scioglimento nel 2011. Venne eletto per la prima volta consigliere comunale nel 1996 e rivest\u00ec nel 2001 i panni di Assessore al Turismo del comune del brindisino. Carica confermata anche alle elezioni del 2006 e poi ancora nel 2009, anno in cui viene nominato vicesindaco della citt\u00e0. Da sempre uno dei candidati pi\u00f9 suffragati in assoluto, Bungaro ha accettato senza riserva l\u2019incarico affidatogli dal partito. \u201cA Bungaro&#8230;<\/p>\n","protected":false},"author":2,"featured_media":4847,"comment_status":"open","ping_status":"closed","sticky":false,"template":"","format":"standard","meta":{"footnotes":""},"categories":[7],"tags":[],"class_list":["post-164351","post","type-post","status-publish","format-standard","has-post-thumbnail","hentry","category-news"],"_links":{"self":[{"href":"https:\/\/www.brundisium.net\/index.php\/wp-json\/wp\/v2\/posts\/164351","targetHints":{"allow":["GET"]}}],"collection":[{"href":"https:\/\/www.brundisium.net\/index.php\/wp-json\/wp\/v2\/posts"}],"about":[{"href":"https:\/\/www.brundisium.net\/index.php\/wp-json\/wp\/v2\/types\/post"}],"author":[{"embeddable":true,"href":"https:\/\/www.brundisium.net\/index.php\/wp-json\/wp\/v2\/users\/2"}],"replies":[{"embeddable":true,"href":"https:\/\/www.brundisium.net\/index.php\/wp-json\/wp\/v2\/comments?post=164351"}],"version-history":[{"count":1,"href":"https:\/\/www.brundisium.net\/index.php\/wp-json\/wp\/v2\/posts\/164351\/revisions"}],"predecessor-version":[{"id":164352,"href":"https:\/\/www.brundisium.net\/index.php\/wp-json\/wp\/v2\/posts\/164351\/revisions\/164352"}],"wp:featuredmedia":[{"embeddable":true,"href":"https:\/\/www.brundisium.net\/index.php\/wp-json\/wp\/v2\/media\/4847"}],"wp:attachment":[{"href":"https:\/\/www.brundisium.net\/index.php\/wp-json\/wp\/v2\/media?parent=164351"}],"wp:term":[{"taxonomy":"category","embeddable":true,"href":"https:\/\/www.brundisium.net\/index.php\/wp-json\/wp\/v2\/categories?post=164351"},{"taxonomy":"post_tag","embeddable":true,"href":"https:\/\/www.brundisium.net\/index.php\/wp-json\/wp\/v2\/tags?post=164351"}],"curies":[{"name":"wp","href":"https:\/\/api.w.org\/{rel}","templated":true}]}}