{"id":164695,"date":"2019-11-26T19:05:52","date_gmt":"2019-11-26T18:05:52","guid":{"rendered":"http:\/\/www.brundisium.net\/?p=164695"},"modified":"2019-11-26T19:05:52","modified_gmt":"2019-11-26T18:05:52","slug":"confcommercio-brindisi-primo-consiglio-direttivo-per-il-gruppo-giovani-imprenditori","status":"publish","type":"post","link":"https:\/\/www.brundisium.net\/index.php\/confcommercio-brindisi-primo-consiglio-direttivo-per-il-gruppo-giovani-imprenditori\/","title":{"rendered":"ConfCommercio Brindisi: primo consiglio direttivo per il Gruppo Giovani Imprenditori"},"content":{"rendered":"<p>Prima riunione del consiglio direttivo del gruppo giovani imprenditori della provincia di Brindisi aderenti alla Confcommercio. I lavori sono stati presieduti dal presidente Matteo Missere e dal vice presidente vicario Francesco Ferrienti.<\/p>\n<p>Dopo l\u2019approvazione del verbale dell\u2019assemblea elettiva, su proposta del presidente, \u00e8 stata eletta all\u2019unanimit\u00e0 vice presidente anche Cristina Cuppone, gi\u00e0 membro del consiglio direttivo.<\/p>\n<p>Dopo di che si \u00e8 passati alla discussione dei vari punti all\u2019ordine del giorno. Nel corso del dibattito, \u00e8 emersa la necessit\u00e0 di dar vita ad un gruppo di lavoro che si occupi di informare i potenziali associati delle opportunit\u00e0 che offre la Confcommercio a chi fa impresa.<\/p>\n<p>In quest\u2019ottica, \u00e8 evidente che proprio il Gruppo Giovani pu\u00f2 rappresentare un volano di sviluppo dell\u2019attivit\u00e0 della Confcommercio nel territorio della provincia di Brindisi, anche grazie ad un progressivo ricambio generazionale che potr\u00e0 conferire maggiore impulso all\u2019azione dell\u2019associazione.<\/p>\n<p>Ampio spazio sar\u00e0 dato anche alle iniziative che il Gruppo Giovani promuover\u00e0 per offrire opportunit\u00e0 di formazione agli operatori economici, in aggiunta ad una serie di servizi fondamentali per fare impresa.<\/p>\n<p>I giovani della Confcommercio, poi, sono convinti della necessit\u00e0 di un confronto costante con gli omologhi gruppi di altre associazioni, in maniera tale da sviluppare idee e progetti per far crescere il ruolo della provincia di Brindisi in un contesto regionale.<\/p>\n<p>Le iniziative condivise e i programmi per il futuro saranno illustrati dal Gruppo Giovani al consiglio direttivo della Confcommercio di Brindisi.<\/p>\n<p>&nbsp;<\/p>\n<p><em><strong>COMUNICATO STAMPA CONFCOMMERCIO BRINDISI<\/strong><\/em><\/p>\n","protected":false},"excerpt":{"rendered":"<p>Prima riunione del consiglio direttivo del gruppo giovani imprenditori della provincia di Brindisi aderenti alla Confcommercio. I lavori sono stati presieduti dal presidente Matteo Missere e dal vice presidente vicario Francesco Ferrienti. Dopo l\u2019approvazione del verbale dell\u2019assemblea elettiva, su proposta del presidente, \u00e8 stata eletta all\u2019unanimit\u00e0 vice presidente anche Cristina Cuppone, gi\u00e0 membro del consiglio direttivo. Dopo di che si \u00e8 passati alla discussione dei vari punti all\u2019ordine del giorno. Nel corso del dibattito, \u00e8 emersa la necessit\u00e0 di dar vita ad un gruppo di lavoro che si occupi di informare i potenziali associati delle opportunit\u00e0 che offre la Confcommercio a chi fa impresa. In quest\u2019ottica, \u00e8 evidente che proprio il Gruppo Giovani pu\u00f2 rappresentare un volano di sviluppo dell\u2019attivit\u00e0 della Confcommercio nel territorio della provincia di Brindisi, anche grazie ad un progressivo ricambio generazionale che potr\u00e0 conferire maggiore impulso all\u2019azione dell\u2019associazione. Ampio spazio sar\u00e0 dato anche alle iniziative che il Gruppo Giovani promuover\u00e0 per offrire opportunit\u00e0 di formazione agli operatori economici, in aggiunta ad una serie di servizi fondamentali&#8230;<\/p>\n","protected":false},"author":2,"featured_media":164696,"comment_status":"open","ping_status":"closed","sticky":false,"template":"","format":"standard","meta":{"footnotes":""},"categories":[7],"tags":[],"class_list":["post-164695","post","type-post","status-publish","format-standard","has-post-thumbnail","hentry","category-news"],"_links":{"self":[{"href":"https:\/\/www.brundisium.net\/index.php\/wp-json\/wp\/v2\/posts\/164695","targetHints":{"allow":["GET"]}}],"collection":[{"href":"https:\/\/www.brundisium.net\/index.php\/wp-json\/wp\/v2\/posts"}],"about":[{"href":"https:\/\/www.brundisium.net\/index.php\/wp-json\/wp\/v2\/types\/post"}],"author":[{"embeddable":true,"href":"https:\/\/www.brundisium.net\/index.php\/wp-json\/wp\/v2\/users\/2"}],"replies":[{"embeddable":true,"href":"https:\/\/www.brundisium.net\/index.php\/wp-json\/wp\/v2\/comments?post=164695"}],"version-history":[{"count":1,"href":"https:\/\/www.brundisium.net\/index.php\/wp-json\/wp\/v2\/posts\/164695\/revisions"}],"predecessor-version":[{"id":164697,"href":"https:\/\/www.brundisium.net\/index.php\/wp-json\/wp\/v2\/posts\/164695\/revisions\/164697"}],"wp:featuredmedia":[{"embeddable":true,"href":"https:\/\/www.brundisium.net\/index.php\/wp-json\/wp\/v2\/media\/164696"}],"wp:attachment":[{"href":"https:\/\/www.brundisium.net\/index.php\/wp-json\/wp\/v2\/media?parent=164695"}],"wp:term":[{"taxonomy":"category","embeddable":true,"href":"https:\/\/www.brundisium.net\/index.php\/wp-json\/wp\/v2\/categories?post=164695"},{"taxonomy":"post_tag","embeddable":true,"href":"https:\/\/www.brundisium.net\/index.php\/wp-json\/wp\/v2\/tags?post=164695"}],"curies":[{"name":"wp","href":"https:\/\/api.w.org\/{rel}","templated":true}]}}