{"id":16521,"date":"2014-06-28T07:37:33","date_gmt":"2014-06-28T05:37:33","guid":{"rendered":"http:\/\/www.brundisium.net\/brun\/?p=16521"},"modified":"2016-07-04T18:01:19","modified_gmt":"2016-07-04T16:01:19","slug":"tornano-le-lucciole-di-guido-giampietro","status":"publish","type":"post","link":"https:\/\/www.brundisium.net\/index.php\/tornano-le-lucciole-di-guido-giampietro\/","title":{"rendered":"Tornano le lucciole. Di Guido Giampietro"},"content":{"rendered":"<p><a href=\"http:\/\/www.brundisium.net\/brun\/wp-content\/uploads\/2014\/06\/lucciole1.jpg\"><img loading=\"lazy\" decoding=\"async\" class=\"alignright size-medium wp-image-16525\" src=\"http:\/\/www.brundisium.net\/brun\/wp-content\/uploads\/2014\/06\/lucciole1-300x225.jpg\" alt=\"lucciole[1]\" width=\"300\" height=\"225\" data-id=\"16525\" srcset=\"https:\/\/www.brundisium.net\/brun\/wp-content\/uploads\/2014\/06\/lucciole1-300x225.jpg 300w, https:\/\/www.brundisium.net\/brun\/wp-content\/uploads\/2014\/06\/lucciole1.jpg 350w\" sizes=\"auto, (max-width: 300px) 100vw, 300px\" \/><\/a>Le lucciole? Per i ragazzi (che non le hanno mai conosciute) sono le lucette degli accendini e degli smartphone che, nelle notti d\u2019estate, segnano il tempo durante i megaconcerti nelle piazze e negli stadi. Per i meno giovani, invece, vengono associate alle signorine dell\u2019Est (anche in questo particolare settore \u00e8 sparito il prodotto nazionale, le \u201cGradisca\u201d di felliniana memoria\u2026) che stazionano davanti ai fal\u00f2 nelle notti d\u2019inverno.<\/p>\n<p>&nbsp;<\/p>\n<p>Ma le lucciole sono anche i coleotteri che accendono le lanternine a giugno, in coincidenza con l\u2019arrivo dell\u2019estate. Ahim\u00e8, una specie in via d\u2019estinzione. Anzi, no. A sentire una notizia degli ultimi giorni che parla dell\u2019inaspettata ricomparsa dei simpatici lumicini volanti nelle campagne del bresciano.<\/p>\n<p>&nbsp;<\/p>\n<p>Ma \u00e8 poi tanto importante questa notizia da farla assurgere agli onori della cronaca? Ritengo di s\u00ec perch\u00e9 questo ritorno ha in s\u00e9 molti significati e soprattutto ci ricorda come \u00e8 stata la nostra campagna fino a qualche decennio fa.<\/p>\n<p>&nbsp;<\/p>\n<p>Prova ne \u00e8 che il solo titolo dell\u2019articolo ha fatto scattare in me il misterioso congegno degli amarcord. E d\u2019un colpo mi sono trovato nella condizione di Proust allorch\u00e9 port\u00f2 alle labbra un cucchiaino di t\u00e8 in cui aveva inzuppato un pezzetto di Petites Madeleins. Quel sorso, misto alle briciole di biscotto, gli procur\u00f2 \u201cun piacere delizioso\u2026 isolato\u201d, rendendogli \u201cindifferenti le vicissitudini della vita, le sue calamit\u00e0, la sua brevit\u00e0 illusoria\u2026\u201d.<\/p>\n<p>&nbsp;<\/p>\n<p><a href=\"http:\/\/www.brundisium.net\/brun\/wp-content\/uploads\/2014\/06\/1578_lucciole91.jpg\"><img loading=\"lazy\" decoding=\"async\" class=\"alignleft size-medium wp-image-16526\" src=\"http:\/\/www.brundisium.net\/brun\/wp-content\/uploads\/2014\/06\/1578_lucciole91-300x167.jpg\" alt=\"1578_lucciole9[1]\" width=\"300\" height=\"167\" data-id=\"16526\" srcset=\"https:\/\/www.brundisium.net\/brun\/wp-content\/uploads\/2014\/06\/1578_lucciole91-300x167.jpg 300w, https:\/\/www.brundisium.net\/brun\/wp-content\/uploads\/2014\/06\/1578_lucciole91.jpg 600w\" sizes=\"auto, (max-width: 300px) 100vw, 300px\" \/><\/a>B\u00e9, non sono caduto in trance come Proust, ma ci sono andato vicino. Mi sono rivisto, bambino, nella campagna degli zii di Mesagne dove, terminato l\u2019anno scolastico, venivo \u201cspedito\u201d dai miei che mostravano di avere, a quel tempo, le stesse lodevoli intenzioni dei genitori di oggi in fatto di premio per la promozione. Con la differenza che oggi i pargoli vengono messi su un aereo, destinazione estero.<\/p>\n<p>&nbsp;<\/p>\n<p>Confesso che il buio della campagna m\u2019intimoriva un po\u2019. I rami degli alberi sui quali al mattino m\u2019inerpicavo come uno scoiattolo alla ricerca di nidi, di notte \u02d7 sotto i freddi raggi della luna \u02d7 mi parevano scheletriche braccia pronte a ghermire. Lo stesso canto dei grilli, monotono e ossessivo, somigliava a un lugubre mantra. E le lucine svolazzanti delle lucciole mi davano la sensazione di migliaia di occhietti ch\u2019erano l\u00ec per spiarmi. Una specie di Grande Fratello ante litteram. Ragione per cui preferivo restare accanto agli adulti che, nella pace notturna, srotolavano la matassa dei fatti grandi e piccoli delle loro vite.<\/p>\n<p>&nbsp;<\/p>\n<p>Finch\u00e9 la pi\u00f9 anziana delle comari, vincendo i miei timori, non me le fece vedere da vicino le lucciole. Non solo. Mi disse che se ne avessi acchiappata una e l\u2019avessi messa sotto un bicchiere, la mattina dopo vi avrei trovato una monetina. Per\u00f2 l\u2019idea d\u2019imprigionarle non mi garbava e cos\u00ec mi limitavo a prenderle e, dopo aver rimirato per un po\u2019 la luce fuoriuscita dall\u2019incavo delle mani, le lasciavo andare. In questo modo, senza saperlo, non turbai la loro stagione degli amori, visto che l\u2019emissione luminosa \u00e8 una funzione che si manifesta nella fase di corteggiamento precedente l\u2019accoppiamento.<\/p>\n<p>&nbsp;<\/p>\n<p>Da quel tempo non mi sono pi\u00f9 imbattuto nelle lucciole. E come avrei potuto, visto che, dopo le forzate villeggiature mesagnesi, sono diventato un cittadino stanziale? E le mie vacanze hanno prediletto le spiagge del Salento e della Grecia. Ne ho sentito parlare, per\u00f2, perch\u00e9 sulle lucciole si \u00e8 detto tanto.<\/p>\n<p>&nbsp;<\/p>\n<p><a href=\"http:\/\/www.brundisium.net\/brun\/wp-content\/uploads\/2014\/06\/La-magia-delle-lucciole-negli-scatti-di-Yume-Ciano1.png\"><img loading=\"lazy\" decoding=\"async\" class=\"alignright size-medium wp-image-16527\" src=\"http:\/\/www.brundisium.net\/brun\/wp-content\/uploads\/2014\/06\/La-magia-delle-lucciole-negli-scatti-di-Yume-Ciano1-300x195.png\" alt=\"La-magia-delle-lucciole-negli-scatti-di-Yume-Ciano[1]\" width=\"300\" height=\"195\" data-id=\"16527\" srcset=\"https:\/\/www.brundisium.net\/brun\/wp-content\/uploads\/2014\/06\/La-magia-delle-lucciole-negli-scatti-di-Yume-Ciano1-300x195.png 300w, https:\/\/www.brundisium.net\/brun\/wp-content\/uploads\/2014\/06\/La-magia-delle-lucciole-negli-scatti-di-Yume-Ciano1.png 646w\" sizes=\"auto, (max-width: 300px) 100vw, 300px\" \/><\/a>Cos\u00ec Tiziano Tiziani (Un altro giro di giostra) scriveva: \u00ab<em>Non sarebbe bello a un bambino, raccontargli delle favole su questo bruco (luminoso)? Il mondo gli si anima, no? La natura gli si anima, la vita gli si arricchisce, vive in pi\u00f9 dimensioni\u2026 La sera al bambino gli danno a mangiare, lo mettono un po\u2019 davanti alla televisione e poi a letto, perch\u00e9 questi vogliono vedere un film, quelli vogliono andare dagli amici. Sarebbe cos\u00ec semplice dire \u201cFermi tutti. Stasera si va a vedere le lucciole\u201d\u2026<\/em>\u00bb.<\/p>\n<p>E, prima ancora, cos\u00ec parlava la lucciola di Trilussa dopo aver inavvertitamente investito nel buio un rospo: \u00ab<em>\u2026 Scusa tanto, \/ ma la luce ch\u2019io porto nu\u2019 la vedo \/ perch\u00e9 ce l\u2019ho de dietro: e, in questo, credo \/ che c\u2019\u00e8 stato uno sbajo ne l\u2019impianto. \/ Io dove passo illumino: per\u00f2 \/ se rischiaro la strada che ho gi\u00e0 fatta \/ non distinguo la strada che far\u00f2\u2026\u00bb. \u00ab\u2026 Capisco, \u02d7 disse er rospo \u02d7 rappresenti \/ la Civirt\u00e0 moderna \/ che per illumin\u00e0 chi sta all\u2019oscuro \/ ogni tantino d\u00e0 la testa ar muro\u2026<\/em>\u00bb.<\/p>\n<p>&nbsp;<\/p>\n<p>Le lucciole, come si vede, da sempre fanno parte della nostra cultura, anche se i nostri bambini, indaffarati come sono a spostare con le dita le immagini sui tablet, non si sognerebbero pi\u00f9 di metterle sotto un bicchiere (o sotto un mortaio capovolto, per trovarsele trasformate in perle\u2026).<\/p>\n<p>&nbsp;<\/p>\n<p>Ma nel passato le cose non andavano cos\u00ec. In Sicilia la lucciola era detta la candelina del pastore (cannilicchia di picuraru) perch\u00e9 illuminava le notti dei pascoli.<\/p>\n<p>Ed essendo la famiglia delle lucciole distribuita in tutti i Paesi a clima tropicale o temperato, ogni popolo aveva, o ancora ha, proverbi e usanze. Dai Boscimani del Kalahari, che ne raccolgono una ventina per imprigionarle (cambiano le latitudini, ma il destino delle povere lucciole \u00e8 sempre lo stesso: fornire luce gratis) in zucche essiccate che usano come lampade magiche; alle donne amerinde che se ne servono per adornarsi i capelli.<\/p>\n<p>&nbsp;<\/p>\n<p><a href=\"http:\/\/www.brundisium.net\/brun\/wp-content\/uploads\/2014\/06\/1278256175801_101.jpg\"><img loading=\"lazy\" decoding=\"async\" class=\"alignleft wp-image-16528 size-medium\" src=\"http:\/\/www.brundisium.net\/brun\/wp-content\/uploads\/2014\/06\/1278256175801_101-300x200.jpg\" alt=\"1278256175801_10[1]\" width=\"300\" height=\"200\" data-id=\"16528\" srcset=\"https:\/\/www.brundisium.net\/brun\/wp-content\/uploads\/2014\/06\/1278256175801_101-300x200.jpg 300w, https:\/\/www.brundisium.net\/brun\/wp-content\/uploads\/2014\/06\/1278256175801_101.jpg 600w\" sizes=\"auto, (max-width: 300px) 100vw, 300px\" \/><\/a>Ma perch\u00e9 erano sparite e ora stanno tornando? Per la stessa ragione per la quale negli ultimi anni c\u2019\u00e8 stata una flessione nel flusso migratorio delle rondini. E nella consistenza delle colonie di api. Tutte specie che rischiano di estinguersi per colpa di una agricoltura ad alto impatto ambientale. Una agricoltura che avvelena la ricca biodiversit\u00e0 dei campi e delle aree verdi.<\/p>\n<p>&nbsp;<\/p>\n<p>Ritornano, dunque, nelle zone dove si pratica un\u2019agricoltura pi\u00f9 consapevole e compatibile con l\u2019ambiente. Ma \u00e8 sufficiente che ci sia una zona incolta, un po\u2019 di genuina selvaticit\u00e0 ed ecco ricreato il loro habitat naturale.<\/p>\n<p>&nbsp;<\/p>\n<p>Si comprende, dunque, perch\u00e9 il ritorno delle lucciole sia una buona notizia. Ma \u00e8 verosimile che ci\u00f2 che sta accadendo ad esse (e alle rondini, alle api, ecc.) stia accadendo anche ad altre specie a noi sconosciute. Insomma si tratta di un ritorno rassicurante per l\u2019integrit\u00e0 e l\u2019equilibrio dell\u2019ambiente.<\/p>\n<p>Grazie alla loro lampante visibilit\u00e0 possono riprendere a svolgere l\u2019importante ruolo di indicatori biologici attestanti la salute dell\u2019ambiente riconquistato. Un po\u2019 come le distese di posidonia rappresentano per il nostro mare un rassicurante segnale di acque \u201csane\u201d.<\/p>\n<p>&nbsp;<\/p>\n<p>Naturalmente questo ritorno a macchia di leopardo non deve farci illudere pi\u00f9 di tanto. Si tratta solo di un segnale isolato che deve spronarci ad eliminare l\u2019uso aggressivo e indiscriminato dei pesticidi. In altre parole, a rispettare di pi\u00f9 la natura.<\/p>\n<p>E come, per le rondini, vale il detto \u201cUna rondine non fa primavera\u201d, cos\u00ec per le lucciole l\u2019 \u201canomalia\u201d di una campagna ripopolata di magiche luci non deve farci gridare al miracolo. I miracoli, oltre che meritarli, bisogna fabbricarseli giorno dopo giorno.<\/p>\n<p>&nbsp;<\/p>\n<p><strong>GUIDO GIAMPIETRO<\/strong><\/p>\n","protected":false},"excerpt":{"rendered":"<p>Le lucciole? Per i ragazzi (che non le hanno mai conosciute) sono le lucette degli accendini e degli smartphone che, nelle notti d\u2019estate, segnano il tempo durante i megaconcerti nelle piazze e negli stadi. Per i meno giovani, invece, vengono associate alle signorine dell\u2019Est (anche in questo particolare settore \u00e8 sparito il prodotto nazionale, le \u201cGradisca\u201d di felliniana memoria\u2026) che stazionano davanti ai fal\u00f2 nelle notti d\u2019inverno. &nbsp; Ma le lucciole sono anche i coleotteri che accendono le lanternine a giugno, in coincidenza con l\u2019arrivo dell\u2019estate. Ahim\u00e8, una specie in via d\u2019estinzione. Anzi, no. A sentire una notizia degli ultimi giorni che parla dell\u2019inaspettata ricomparsa dei simpatici lumicini volanti nelle campagne del bresciano. &nbsp; Ma \u00e8 poi tanto importante questa notizia da farla assurgere agli onori della cronaca? Ritengo di s\u00ec perch\u00e9 questo ritorno ha in s\u00e9 molti significati e soprattutto ci ricorda come \u00e8 stata la nostra campagna fino a qualche decennio fa. &nbsp; Prova ne \u00e8 che il solo titolo dell\u2019articolo ha fatto scattare in me il misterioso&#8230;<\/p>\n","protected":false},"author":2,"featured_media":16527,"comment_status":"open","ping_status":"open","sticky":false,"template":"","format":"standard","meta":{"footnotes":""},"categories":[3129,9],"tags":[18,2196],"class_list":["post-16521","post","type-post","status-publish","format-standard","has-post-thumbnail","hentry","category-guido-giampietro","category-interventi","tag-guido-giampietro","tag-lucciole"],"_links":{"self":[{"href":"https:\/\/www.brundisium.net\/index.php\/wp-json\/wp\/v2\/posts\/16521","targetHints":{"allow":["GET"]}}],"collection":[{"href":"https:\/\/www.brundisium.net\/index.php\/wp-json\/wp\/v2\/posts"}],"about":[{"href":"https:\/\/www.brundisium.net\/index.php\/wp-json\/wp\/v2\/types\/post"}],"author":[{"embeddable":true,"href":"https:\/\/www.brundisium.net\/index.php\/wp-json\/wp\/v2\/users\/2"}],"replies":[{"embeddable":true,"href":"https:\/\/www.brundisium.net\/index.php\/wp-json\/wp\/v2\/comments?post=16521"}],"version-history":[{"count":3,"href":"https:\/\/www.brundisium.net\/index.php\/wp-json\/wp\/v2\/posts\/16521\/revisions"}],"predecessor-version":[{"id":16529,"href":"https:\/\/www.brundisium.net\/index.php\/wp-json\/wp\/v2\/posts\/16521\/revisions\/16529"}],"wp:featuredmedia":[{"embeddable":true,"href":"https:\/\/www.brundisium.net\/index.php\/wp-json\/wp\/v2\/media\/16527"}],"wp:attachment":[{"href":"https:\/\/www.brundisium.net\/index.php\/wp-json\/wp\/v2\/media?parent=16521"}],"wp:term":[{"taxonomy":"category","embeddable":true,"href":"https:\/\/www.brundisium.net\/index.php\/wp-json\/wp\/v2\/categories?post=16521"},{"taxonomy":"post_tag","embeddable":true,"href":"https:\/\/www.brundisium.net\/index.php\/wp-json\/wp\/v2\/tags?post=16521"}],"curies":[{"name":"wp","href":"https:\/\/api.w.org\/{rel}","templated":true}]}}