{"id":166279,"date":"2019-12-30T10:26:27","date_gmt":"2019-12-30T09:26:27","guid":{"rendered":"http:\/\/www.brundisium.net\/?p=166279"},"modified":"2019-12-30T10:26:27","modified_gmt":"2019-12-30T09:26:27","slug":"non-ce-dignita-senza-lavoro-di-ferdinando-cocciolo","status":"publish","type":"post","link":"https:\/\/www.brundisium.net\/index.php\/non-ce-dignita-senza-lavoro-di-ferdinando-cocciolo\/","title":{"rendered":"Non c&#8217;\u00e8 dignit\u00e0 senza lavoro. Di Ferdinando Cocciolo"},"content":{"rendered":"<p>Nelle prossime ore (e potremmo dire\u2026.. senza alcuna ironia, puntualmente e per l\u2019 ennesima volta) ci sar\u00e0 un sit in organizzato dal Sindacato brindisino Cobas per i lavoratori della Partecipata in House della Provincia Santa Teresa (in concomitanza del Consiglio Provinciale) a seguito dell\u2019 ennesimo annuncio da parte della Societ\u00e0 della procedura di licenziamento per i lavoratori e il rischio pi\u00f9 che concreto che si arrivi purtroppo alla chiusura della Partecipata.<\/p>\n<p>Un \u201c destino amaro\u201d per questi lavoratori, che da quasi sei anni , a fine dicembre, ci arrivano con l\u2019 ansia, la forte preoccupazione, la paura per un \u201c futuro eternamente insicuro \u201c.<\/p>\n<p>Una vicenda che il sottoscritto segue molto da vicino da diversi anni, da cittadino e giornalista, non fosse altro ( ma non \u00e8 chiaramente l\u2019 unico aspetto, per chi conosce ed apprezza il mio impegno e la mia professionalit\u00e0) , purtroppo, per un personale coinvolgimento in sostanza in una \u201c vicenda parallela\u201d, in tema di Societ\u00e0 Partecipate della Provincia di Brindisi.<\/p>\n<p>&nbsp;<\/p>\n<p>Una brutta vicenda, ormai di \u201cdominio pubblico\u201d, tra vecchie responsabilit\u00e0 (come affermo sempre, senza esitazioni, ognuno di noi, compresa la classe politica e chi ha ed ha assunto responsabilit\u00e0 amministrative in questi anni, dovr\u00e0 fare i conti con la propria coscienza, i propri errori), errori, sottovalutazioni, vertenze legali, contenziosi (annunciati e poi ritirati), \u201cgiochi e giochetti politici\u201d che poi inevitabilmente, come al solito, si riversano sull\u2019 \u201canello pi\u00f9 debole\u201d: il lavoratore. Una vicenda (e qui mi fermo, ma probabilmente si avr\u00e0 ancora modo e tempo di parlarne ancora) ancora peggio di quella della Santa Teresa, ma legate tra loro da \u201ccomuni denominatori\u201d quali la dignit\u00e0 lavorativa e gestioni che riguardano anche e soprattutto l\u2019 impegno degli uomini. S\u00ec, quella forza e dignit\u00e0 che nonostante tutto mi hanno spinto ad andare avanti, a non arrendermi, a continuare a denunciare certe situazioni, ad intraprendere anche altre strade ma con lo sguardo e sempre la speranza di ottenere giustizia.<\/p>\n<p>Ho le \u201cspalle forti\u201d ( lo affermo senza banalit\u00e0, in una vita che purtroppo ad ognuno di noi pu\u00f2 riservare sorprese imprevedibili), ma so cosa vuol dire \u201c perdere il sonno, avere profondi sentimenti di paura e preoccupazione per il futuro\u201d.<br \/>\nSentimenti condivisi in questi anni con gli amici della Santa Teresa (e non solo), per i quali fieramente mi sono battuto, trasmettendo in un certo senso (senza presunzione) la mia grande forza ad andare avanti, a crederci. La situazione attuale denunciata dal Sindacato Cobas nel comunicato stampa non lascia spazio per ora a facili ottimismi: &#8220;gi\u00e0 annunciati per il 2020 una trentina di licenziamenti , ai costi gi\u00e0 sostenuti dalla Societ\u00e0 per la Cassa Integrazione si aggiungono anche delle perdite che davvero possono costringere a portare in Tribunale i libri contabili&#8221;.<\/p>\n<p>Parole forti, roboanti, che , inevitabilmente, in queste ore stanno riempiendo la testa dei lavoratori, in attesa dell\u2019 annunciato sit in e di un Consiglio Provinciale che dovr\u00e0 dare delle risposte.<br \/>\nMa i miei amici della Santa Teresa non si arrenderanno, come hanno sempre fatto, e con proteste e iniziative sempre civili, rispettose anche del ruolo istituzionale in questa che rappresenta sicuramente una delle vertenze pi\u00f9 complicate sul fronte Partecipate. E luned\u00ec mattina, nel sit in organizzato dai Cobas, \u201c grideranno \u201c quel diritto alla dignit\u00e0 e il Lavoro che non pu\u00f2 essere sovrastato da tagli, decisioni politiche e burocratiche, e chiss\u00e0 quali altre situazioni e meccanismi.<\/p>\n<p>Come vi ricorderete, gi\u00e0 nello scorso anno ho fatto e consegnato agli organi di stampa un appello rivolto al Sindaco e Presidente della Provincia Riccardo Rossi, il Presidente della Task Force Regionale sul Lavoro e le crisi occupazionali Leo Caroli, il Prefetto di Brindisi, tutte le organizzazioni sindacali, qualsiasi altra realt\u00e0 che possa dare un contributo alla soluzione definitiva di questa &#8220;eterna vicenda&#8221; (che vede, tra l\u2019 altro, ancora il mancato ricollocamento delle lavoratrici del Settore Pulizie passato nei mesi scorsi nelle competenze della Regione Puglia).<\/p>\n<p>Lo rifaccio ora, mi sento di farlo, come ogni cosa che mi esce dal cuore, dall\u2019animo di un lavoratore che ha gi\u00e0 subito un\u2019 ingiustizia . E dico con rabbia, determinazione, e soprattutto speranza: BASTA, mai pi\u00f9 sit in, infinite riunioni, promesse, parole, ecc\u2026.. si ponga fine ad una vertenza che ha anche procurato depressioni e purtroppo anche malattie e decessi&#8221;.<\/p>\n<p>Partecipata Santa Teresa, vicenda Multiservizi, Leucci, comparto aeronautico, ex lavoratori Nubile( e scusate se ne dimentico qualcuna), tutte devono avere soluzione, senza se e senza ma.<\/p>\n<p>Non c\u2019\u00e8 dignit\u00e0 senza Lavoro, il mio appello per chi un lavoro non ce l\u2019 ha e per chi l\u2019 ha perso.<br \/>\nBuon 2020 a tutti\u2026.<\/p>\n<p>&nbsp;<\/p>\n<p><em><strong>Ferdinando Cocciolo<\/strong><\/em><\/p>\n","protected":false},"excerpt":{"rendered":"<p>Nelle prossime ore (e potremmo dire\u2026.. senza alcuna ironia, puntualmente e per l\u2019 ennesima volta) ci sar\u00e0 un sit in organizzato dal Sindacato brindisino Cobas per i lavoratori della Partecipata in House della Provincia Santa Teresa (in concomitanza del Consiglio Provinciale) a seguito dell\u2019 ennesimo annuncio da parte della Societ\u00e0 della procedura di licenziamento per i lavoratori e il rischio pi\u00f9 che concreto che si arrivi purtroppo alla chiusura della Partecipata. Un \u201c destino amaro\u201d per questi lavoratori, che da quasi sei anni , a fine dicembre, ci arrivano con l\u2019 ansia, la forte preoccupazione, la paura per un \u201c futuro eternamente insicuro \u201c. Una vicenda che il sottoscritto segue molto da vicino da diversi anni, da cittadino e giornalista, non fosse altro ( ma non \u00e8 chiaramente l\u2019 unico aspetto, per chi conosce ed apprezza il mio impegno e la mia professionalit\u00e0) , purtroppo, per un personale coinvolgimento in sostanza in una \u201c vicenda parallela\u201d, in tema di Societ\u00e0 Partecipate della Provincia di Brindisi. &nbsp; Una brutta vicenda, ormai&#8230;<\/p>\n","protected":false},"author":2,"featured_media":144158,"comment_status":"open","ping_status":"closed","sticky":false,"template":"","format":"standard","meta":{"footnotes":""},"categories":[9],"tags":[],"class_list":["post-166279","post","type-post","status-publish","format-standard","has-post-thumbnail","hentry","category-interventi"],"_links":{"self":[{"href":"https:\/\/www.brundisium.net\/index.php\/wp-json\/wp\/v2\/posts\/166279","targetHints":{"allow":["GET"]}}],"collection":[{"href":"https:\/\/www.brundisium.net\/index.php\/wp-json\/wp\/v2\/posts"}],"about":[{"href":"https:\/\/www.brundisium.net\/index.php\/wp-json\/wp\/v2\/types\/post"}],"author":[{"embeddable":true,"href":"https:\/\/www.brundisium.net\/index.php\/wp-json\/wp\/v2\/users\/2"}],"replies":[{"embeddable":true,"href":"https:\/\/www.brundisium.net\/index.php\/wp-json\/wp\/v2\/comments?post=166279"}],"version-history":[{"count":1,"href":"https:\/\/www.brundisium.net\/index.php\/wp-json\/wp\/v2\/posts\/166279\/revisions"}],"predecessor-version":[{"id":166280,"href":"https:\/\/www.brundisium.net\/index.php\/wp-json\/wp\/v2\/posts\/166279\/revisions\/166280"}],"wp:featuredmedia":[{"embeddable":true,"href":"https:\/\/www.brundisium.net\/index.php\/wp-json\/wp\/v2\/media\/144158"}],"wp:attachment":[{"href":"https:\/\/www.brundisium.net\/index.php\/wp-json\/wp\/v2\/media?parent=166279"}],"wp:term":[{"taxonomy":"category","embeddable":true,"href":"https:\/\/www.brundisium.net\/index.php\/wp-json\/wp\/v2\/categories?post=166279"},{"taxonomy":"post_tag","embeddable":true,"href":"https:\/\/www.brundisium.net\/index.php\/wp-json\/wp\/v2\/tags?post=166279"}],"curies":[{"name":"wp","href":"https:\/\/api.w.org\/{rel}","templated":true}]}}