{"id":166837,"date":"2020-01-14T11:08:44","date_gmt":"2020-01-14T10:08:44","guid":{"rendered":"http:\/\/www.brundisium.net\/?p=166837"},"modified":"2020-01-14T11:08:44","modified_gmt":"2020-01-14T10:08:44","slug":"le-avventure-di-gocciolina-per-creare-un-ponte-di-continuita","status":"publish","type":"post","link":"https:\/\/www.brundisium.net\/index.php\/le-avventure-di-gocciolina-per-creare-un-ponte-di-continuita\/","title":{"rendered":"Le Avventure di Gocciolina per creare un ponte di continuit\u00e0"},"content":{"rendered":"<p><img loading=\"lazy\" decoding=\"async\" class=\"size-medium wp-image-166842 alignleft\" src=\"http:\/\/www.brundisium.net\/brun\/wp-content\/uploads\/2020\/01\/gocciolina-ceglie-9-300x169.jpg\" alt=\"\" width=\"300\" height=\"169\" srcset=\"https:\/\/www.brundisium.net\/brun\/wp-content\/uploads\/2020\/01\/gocciolina-ceglie-9-300x169.jpg 300w, https:\/\/www.brundisium.net\/brun\/wp-content\/uploads\/2020\/01\/gocciolina-ceglie-9-1024x576.jpg 1024w, https:\/\/www.brundisium.net\/brun\/wp-content\/uploads\/2020\/01\/gocciolina-ceglie-9-768x432.jpg 768w, https:\/\/www.brundisium.net\/brun\/wp-content\/uploads\/2020\/01\/gocciolina-ceglie-9-1536x864.jpg 1536w, https:\/\/www.brundisium.net\/brun\/wp-content\/uploads\/2020\/01\/gocciolina-ceglie-9.jpg 1600w\" sizes=\"auto, (max-width: 300px) 100vw, 300px\" \/><\/p>\n<p>Il calore del sole, i colori dei mari, dei fiumi, dei laghi e delle montagne; il sorriso e la trasformazione di \u201cGOCCIOLINA\u201d hanno catturato l\u2019attenzione e la fantasia dei bambini dell\u2019ultimo anno di Scuola dell\u2019Infanzia che sono stati accolti, mercoled\u00ec 8 gennaio 2020 nell\u2019aula polifunzionale del 1\u00b0 I. C. \u201cPreside Lucia Palazzo\u201d, dagli alunni delle classi quinte unitamente alle docenti delle future classi prime.<\/p>\n<p>&nbsp;<\/p>\n<p>Le attivit\u00e0 sviluppate hanno voluto incoraggiare il superamento delle prevedibili ansie e aspettative dei bambini e delle stesse docenti, le quali hanno avuto la preziosa opportunit\u00e0 di poter conoscere anticipatamente i futuri alunni, favorendo la nascita di idee e attivit\u00e0 da poter svolgere \u201cin situazione\u201d durante il successivo anno scolastico e facilitando quindi il tanto significativo momento dell\u2019accoglienza. I bambini hanno potuto conoscere le docenti che continueranno il percorso educativo; gli spazi che utilizzeranno nel nuovo ambiente scolastico.<\/p>\n<p>&nbsp;<\/p>\n<p>Per agevolare il passaggio degli alunni tra i diversi ordini di scuola, momento estremamente delicato attorno al quale si concentrano fantasie, interrogativi e timori, il Dirigente Scolastico Prof. Gaetano Dabbicco e le docenti hanno incontrato i genitori delle bambine e dei bambini cinquenni, gioved\u00ec 9 gennaio 2020 alle ore 17.00 nel padiglione C del plesso \u201cE. de Amicis\u201d per presentare il nostro PTOF (Piano Triennale dell\u2019Offerta Formativa).<\/p>\n<p>LINK VIDEO<br \/>\n<iframe loading=\"lazy\" title=\"Gocciolina 2\" width=\"500\" height=\"281\" src=\"https:\/\/www.youtube.com\/embed\/LlOlycn5J0E?feature=oembed\" frameborder=\"0\" allow=\"accelerometer; autoplay; clipboard-write; encrypted-media; gyroscope; picture-in-picture; web-share\" referrerpolicy=\"strict-origin-when-cross-origin\" allowfullscreen><\/iframe><\/p>\n<p>La storia di Gocciolina<br \/>\nUn giorno Gocciolina era tranquilla in mare, nuotando tra le onde con il suo amico Sole a farle compagnia. Faceva tanto caldo ed il Sole era sempre pi\u00f9 alto nel cielo.<br \/>\nAll&#8217;improvviso Gocciolina vide una grande nuvola bianca muoversi in cielo e pens\u00f2&#8230;&#8221;Che bella nuvola&#8230;quasi quasi volo lass\u00f9 e chiss\u00e0&#8230;forse l\u00ec far\u00e0 meno caldo&#8230;&#8221; ma mentre si domandava come fare per raggiungerla ecco che si trovava a volare leggera leggera verso la grande nuvola.<br \/>\nGocciolina era evaporata!!!<br \/>\nArrivata sulla nuvola not\u00f2 un&#8217;altra gocciolina che scrutava l&#8217;orizzonte con in mano un binocolo. &#8220;Ciao, chi sei? Io mi chiamo Gocciolina&#8221; disse allora andandole incontro. &#8220;Ciao Gocciolina sono il Capitano di questa bella nuvola, sei pronta per un bel viaggio?&#8221;<br \/>\nGocciolina era contentissima&#8230; la grande nuvola veniva sospinta dal bel vento estivo e lei ammirava il paesaggio che sembrava proprio piccolissimo da lass\u00f9.<br \/>\nAll&#8217;improvviso delle nuvole grigie in lontananza non facevano presagire nulla di buono&#8230;il vento ora era diventato pi\u00f9 forte e il Capitano intervenne &#8220;Forza mie piccole goccioline abbandonate la nave siamo all&#8217;interno del temporale!!!&#8221; Cos\u00ec Gocciolina e le altre si precipitarono gi\u00f9 dalla nuvola cadendo in un bellissimo fiume tra le montagne. Gocciolina era diventata pioggia!!!<br \/>\nQuando tutte le goccioline caddero e la pioggia cess\u00f2 pot\u00e9 finalmente ricominciare a riposarsi nell&#8217;acqua fresca tra le montagne.<\/p>\n","protected":false},"excerpt":{"rendered":"<p>Il calore del sole, i colori dei mari, dei fiumi, dei laghi e delle montagne; il sorriso e la trasformazione di \u201cGOCCIOLINA\u201d hanno catturato l\u2019attenzione e la fantasia dei bambini dell\u2019ultimo anno di Scuola dell\u2019Infanzia che sono stati accolti, mercoled\u00ec 8 gennaio 2020 nell\u2019aula polifunzionale del 1\u00b0 I. C. \u201cPreside Lucia Palazzo\u201d, dagli alunni delle classi quinte unitamente alle docenti delle future classi prime. &nbsp; Le attivit\u00e0 sviluppate hanno voluto incoraggiare il superamento delle prevedibili ansie e aspettative dei bambini e delle stesse docenti, le quali hanno avuto la preziosa opportunit\u00e0 di poter conoscere anticipatamente i futuri alunni, favorendo la nascita di idee e attivit\u00e0 da poter svolgere \u201cin situazione\u201d durante il successivo anno scolastico e facilitando quindi il tanto significativo momento dell\u2019accoglienza. I bambini hanno potuto conoscere le docenti che continueranno il percorso educativo; gli spazi che utilizzeranno nel nuovo ambiente scolastico. &nbsp; Per agevolare il passaggio degli alunni tra i diversi ordini di scuola, momento estremamente delicato attorno al quale si concentrano fantasie, interrogativi e timori, il Dirigente&#8230;<\/p>\n","protected":false},"author":2,"featured_media":166841,"comment_status":"open","ping_status":"closed","sticky":false,"template":"","format":"standard","meta":{"footnotes":""},"categories":[7],"tags":[],"class_list":["post-166837","post","type-post","status-publish","format-standard","has-post-thumbnail","hentry","category-news"],"_links":{"self":[{"href":"https:\/\/www.brundisium.net\/index.php\/wp-json\/wp\/v2\/posts\/166837","targetHints":{"allow":["GET"]}}],"collection":[{"href":"https:\/\/www.brundisium.net\/index.php\/wp-json\/wp\/v2\/posts"}],"about":[{"href":"https:\/\/www.brundisium.net\/index.php\/wp-json\/wp\/v2\/types\/post"}],"author":[{"embeddable":true,"href":"https:\/\/www.brundisium.net\/index.php\/wp-json\/wp\/v2\/users\/2"}],"replies":[{"embeddable":true,"href":"https:\/\/www.brundisium.net\/index.php\/wp-json\/wp\/v2\/comments?post=166837"}],"version-history":[{"count":1,"href":"https:\/\/www.brundisium.net\/index.php\/wp-json\/wp\/v2\/posts\/166837\/revisions"}],"predecessor-version":[{"id":166843,"href":"https:\/\/www.brundisium.net\/index.php\/wp-json\/wp\/v2\/posts\/166837\/revisions\/166843"}],"wp:featuredmedia":[{"embeddable":true,"href":"https:\/\/www.brundisium.net\/index.php\/wp-json\/wp\/v2\/media\/166841"}],"wp:attachment":[{"href":"https:\/\/www.brundisium.net\/index.php\/wp-json\/wp\/v2\/media?parent=166837"}],"wp:term":[{"taxonomy":"category","embeddable":true,"href":"https:\/\/www.brundisium.net\/index.php\/wp-json\/wp\/v2\/categories?post=166837"},{"taxonomy":"post_tag","embeddable":true,"href":"https:\/\/www.brundisium.net\/index.php\/wp-json\/wp\/v2\/tags?post=166837"}],"curies":[{"name":"wp","href":"https:\/\/api.w.org\/{rel}","templated":true}]}}