{"id":167105,"date":"2020-01-19T09:14:33","date_gmt":"2020-01-19T08:14:33","guid":{"rendered":"http:\/\/www.brundisium.net\/?p=167105"},"modified":"2020-01-19T23:16:38","modified_gmt":"2020-01-19T22:16:38","slug":"polo-messapia-premio-speciale-per-impegno-sociale-con-i-4-comuni-a-sud-di-brindisi","status":"publish","type":"post","link":"https:\/\/www.brundisium.net\/index.php\/polo-messapia-premio-speciale-per-impegno-sociale-con-i-4-comuni-a-sud-di-brindisi\/","title":{"rendered":"Polo Messapia: Premio Speciale per Impegno Sociale con i 4 Comuni a sud di Brindisi"},"content":{"rendered":"<p>La preside dell\u2019IISS Ferraris De Marco Valzani Rita Ortenzia DE VITO, con un progetto in rete che ha visto la sede del Polo Messapia \u201cValzani\u201d di San Pietro Vernotico come Scuola capofila con gli Istituti Comprensivi \u201cDe Simone\u201d di S. Pietro, \u201cValesium\u201d di Torchiarolo, \u201cManzoni-Alighieri\u201d di Cellino S. Marco-S. Donaci, ha dato vita ad una comunit\u00e0 educante allargata, con il coinvolgimento delle amministrazioni Comunali e la presenza attiva dei 4 Sindaci che, in pi\u00f9 occasioni, hanno preso parte a diversi incontri con gli studenti; ma straordinaria \u00e8 stata la partecipazione entusiastica delle comunit\u00e0 cittadine che vivono sui rispettivi Comuni.<\/p>\n<p>&nbsp;<\/p>\n<p>Un grande obiettivo raggiunto grazie alla tenacia della Dirigente De Vito e alla consapevolezza che lavorare in sinergia, coinvolgere comunit\u00e0 cittadine e istituzioni, condividere obiettivi comuni con le agenzie educative del territorio genera qualit\u00e0 all\u2019offerta formativa dei nostri ragazzi e crea soprattutto un forte senso di appartenenza al territorio che annulla i propri confini amministrativi per unire le risorse e poter ambire a importanti risultati.<\/p>\n<p>&nbsp;<\/p>\n<p>E l\u2019Ass.ne \u201cItalia in Arte nel Mondo\u201d, ha riconosciuto la valenza dell\u2019impegno profuso dalle scuole, l\u2019intesa tra i 4 Dirigenti scolastici che hanno lavorato ricorrendo anche al prestito dei docenti tra scuole, trasformando le sedi scolastiche in centri di ricerca e sviluppo del nostro territorio, mescolando studenti dei diversi ordini di scuola in modalit\u00e0 \u201cpeer to peer\u201d; insomma una vera rivoluzione che ha incontrato il favore di tutti e creato un fortissimo valore di comunit\u00e0\u2026altra.<\/p>\n<p>&nbsp;<\/p>\n<p>Grande emozione al momento della consegna del Premio per l\u2019Alto riconoscimento per i diritti umani civili e l\u2019impegno sociale \u201cLev Tolstoj\u201d, nel leggere la motivazione: \u201c&#8230;per l\u2019impegno sociale profuso col progetto \u201cLe Grandi Guerre: segni e identit\u00e0\u201d, nella creazione di una comunit\u00e0 educante allargata che rievoca i luoghi dell\u2019anima e consolida il senso di appartenenza oltre i confini amministrativi, rendendo i cittadini figli di una stessa comunit\u00e0\u201d.<br \/>\nAlla cerimonia, che si \u00e8 svolta presso il Teatro Apollo di Lecce, presenti il sindaco Pasquale Rizzo di S. Pietro, Flavio Caretto di Torchiarolo, Salvatore De Luca di Cellino, Angelo Marasco di S. Donaci, i Dirigenti scolastici Loreta Chirizzi, Giusy di Secl\u00ec, Antonio De Blasi e tutte comunit\u00e0 scolastiche che hanno reso possibile questo miracolo.<\/p>\n<p>&nbsp;<\/p>\n<p>&nbsp;<\/p>\n","protected":false},"excerpt":{"rendered":"<p>La preside dell\u2019IISS Ferraris De Marco Valzani Rita Ortenzia DE VITO, con un progetto in rete che ha visto la sede del Polo Messapia \u201cValzani\u201d di San Pietro Vernotico come Scuola capofila con gli Istituti Comprensivi \u201cDe Simone\u201d di S. Pietro, \u201cValesium\u201d di Torchiarolo, \u201cManzoni-Alighieri\u201d di Cellino S. Marco-S. Donaci, ha dato vita ad una comunit\u00e0 educante allargata, con il coinvolgimento delle amministrazioni Comunali e la presenza attiva dei 4 Sindaci che, in pi\u00f9 occasioni, hanno preso parte a diversi incontri con gli studenti; ma straordinaria \u00e8 stata la partecipazione entusiastica delle comunit\u00e0 cittadine che vivono sui rispettivi Comuni. &nbsp; Un grande obiettivo raggiunto grazie alla tenacia della Dirigente De Vito e alla consapevolezza che lavorare in sinergia, coinvolgere comunit\u00e0 cittadine e istituzioni, condividere obiettivi comuni con le agenzie educative del territorio genera qualit\u00e0 all\u2019offerta formativa dei nostri ragazzi e crea soprattutto un forte senso di appartenenza al territorio che annulla i propri confini amministrativi per unire le risorse e poter ambire a importanti risultati. &nbsp; E l\u2019Ass.ne \u201cItalia in&#8230;<\/p>\n","protected":false},"author":2,"featured_media":167106,"comment_status":"open","ping_status":"closed","sticky":false,"template":"","format":"standard","meta":{"footnotes":""},"categories":[7],"tags":[],"class_list":["post-167105","post","type-post","status-publish","format-standard","has-post-thumbnail","hentry","category-news"],"_links":{"self":[{"href":"https:\/\/www.brundisium.net\/index.php\/wp-json\/wp\/v2\/posts\/167105","targetHints":{"allow":["GET"]}}],"collection":[{"href":"https:\/\/www.brundisium.net\/index.php\/wp-json\/wp\/v2\/posts"}],"about":[{"href":"https:\/\/www.brundisium.net\/index.php\/wp-json\/wp\/v2\/types\/post"}],"author":[{"embeddable":true,"href":"https:\/\/www.brundisium.net\/index.php\/wp-json\/wp\/v2\/users\/2"}],"replies":[{"embeddable":true,"href":"https:\/\/www.brundisium.net\/index.php\/wp-json\/wp\/v2\/comments?post=167105"}],"version-history":[{"count":1,"href":"https:\/\/www.brundisium.net\/index.php\/wp-json\/wp\/v2\/posts\/167105\/revisions"}],"predecessor-version":[{"id":167107,"href":"https:\/\/www.brundisium.net\/index.php\/wp-json\/wp\/v2\/posts\/167105\/revisions\/167107"}],"wp:featuredmedia":[{"embeddable":true,"href":"https:\/\/www.brundisium.net\/index.php\/wp-json\/wp\/v2\/media\/167106"}],"wp:attachment":[{"href":"https:\/\/www.brundisium.net\/index.php\/wp-json\/wp\/v2\/media?parent=167105"}],"wp:term":[{"taxonomy":"category","embeddable":true,"href":"https:\/\/www.brundisium.net\/index.php\/wp-json\/wp\/v2\/categories?post=167105"},{"taxonomy":"post_tag","embeddable":true,"href":"https:\/\/www.brundisium.net\/index.php\/wp-json\/wp\/v2\/tags?post=167105"}],"curies":[{"name":"wp","href":"https:\/\/api.w.org\/{rel}","templated":true}]}}