{"id":167314,"date":"2020-01-24T18:06:25","date_gmt":"2020-01-24T17:06:25","guid":{"rendered":"http:\/\/www.brundisium.net\/?p=167314"},"modified":"2020-01-24T18:06:25","modified_gmt":"2020-01-24T17:06:25","slug":"la-prefettura-di-brindisi-celebra-il-giorno-della-memoria-2","status":"publish","type":"post","link":"https:\/\/www.brundisium.net\/index.php\/la-prefettura-di-brindisi-celebra-il-giorno-della-memoria-2\/","title":{"rendered":"La Prefettura di Brindisi celebra il \u201cGiorno della Memoria\u201d"},"content":{"rendered":"<p>Luned\u00ec 27 gennaio p.v., alle ore 10.00, nel Salone di Rappresentanza della Prefettura, alla presenza delle autorit\u00e0 civili e militari sar\u00e0 celebrato il \u201cGiorno della Memoria\u201d, in ricordo delle persecuzioni del popolo ebraico e dello sterminio nei campi nazisti dei deportati militari e civili italiani.<\/p>\n<p>La manifestazione, che ha lo scopo di mantenere viva la memoria di un tragico ed oscuro periodo della storia del nostro Paese, sar\u00e0 arricchita, anche quest\u2019anno, dal contributo degli studenti del Liceo Musicale \u201cDurano\u201d, del Liceo Classico \u201cMarzolla\u201d, del Liceo Scientifico \u201cFermi-Monticelli\u201d, del Liceo Artistico \u201cSimone\u201d, dell\u2019Istituto Industriale \u201cGiorgi\u201d, del Liceo delle Scienze Umane e Linguistico \u201cPalumbo\u201d, dell\u2019I.I.S.S. Ferraris\u2013De Marco\u2013Valzani \u2013Polo Tecnico Professionale \u201dMessapia\u201d e dell\u2019Istituto Professionale di Stato per i Servizi Sociali \u201cMorvillo-Falcone\u201d.<\/p>\n<p>Nel corso della cerimonia sar\u00e0 consegnata una \u201cMedaglia d\u2019Onore\u201d alla memoria del signor Carmelo SEMERARO di Mesagne, soldato dell\u2019Esercito Italiano sopravvissuto alla cattura ed alla successiva deportazione in un campo di concentramento tedesco, dopo l\u2019armistizio del 1943 .<\/p>\n","protected":false},"excerpt":{"rendered":"<p>Luned\u00ec 27 gennaio p.v., alle ore 10.00, nel Salone di Rappresentanza della Prefettura, alla presenza delle autorit\u00e0 civili e militari sar\u00e0 celebrato il \u201cGiorno della Memoria\u201d, in ricordo delle persecuzioni del popolo ebraico e dello sterminio nei campi nazisti dei deportati militari e civili italiani. La manifestazione, che ha lo scopo di mantenere viva la memoria di un tragico ed oscuro periodo della storia del nostro Paese, sar\u00e0 arricchita, anche quest\u2019anno, dal contributo degli studenti del Liceo Musicale \u201cDurano\u201d, del Liceo Classico \u201cMarzolla\u201d, del Liceo Scientifico \u201cFermi-Monticelli\u201d, del Liceo Artistico \u201cSimone\u201d, dell\u2019Istituto Industriale \u201cGiorgi\u201d, del Liceo delle Scienze Umane e Linguistico \u201cPalumbo\u201d, dell\u2019I.I.S.S. Ferraris\u2013De Marco\u2013Valzani \u2013Polo Tecnico Professionale \u201dMessapia\u201d e dell\u2019Istituto Professionale di Stato per i Servizi Sociali \u201cMorvillo-Falcone\u201d. Nel corso della cerimonia sar\u00e0 consegnata una \u201cMedaglia d\u2019Onore\u201d alla memoria del signor Carmelo SEMERARO di Mesagne, soldato dell\u2019Esercito Italiano sopravvissuto alla cattura ed alla successiva deportazione in un campo di concentramento tedesco, dopo l\u2019armistizio del 1943 .<\/p>\n","protected":false},"author":2,"featured_media":167325,"comment_status":"open","ping_status":"closed","sticky":false,"template":"","format":"standard","meta":{"footnotes":""},"categories":[7],"tags":[],"class_list":["post-167314","post","type-post","status-publish","format-standard","has-post-thumbnail","hentry","category-news"],"_links":{"self":[{"href":"https:\/\/www.brundisium.net\/index.php\/wp-json\/wp\/v2\/posts\/167314","targetHints":{"allow":["GET"]}}],"collection":[{"href":"https:\/\/www.brundisium.net\/index.php\/wp-json\/wp\/v2\/posts"}],"about":[{"href":"https:\/\/www.brundisium.net\/index.php\/wp-json\/wp\/v2\/types\/post"}],"author":[{"embeddable":true,"href":"https:\/\/www.brundisium.net\/index.php\/wp-json\/wp\/v2\/users\/2"}],"replies":[{"embeddable":true,"href":"https:\/\/www.brundisium.net\/index.php\/wp-json\/wp\/v2\/comments?post=167314"}],"version-history":[{"count":1,"href":"https:\/\/www.brundisium.net\/index.php\/wp-json\/wp\/v2\/posts\/167314\/revisions"}],"predecessor-version":[{"id":167326,"href":"https:\/\/www.brundisium.net\/index.php\/wp-json\/wp\/v2\/posts\/167314\/revisions\/167326"}],"wp:featuredmedia":[{"embeddable":true,"href":"https:\/\/www.brundisium.net\/index.php\/wp-json\/wp\/v2\/media\/167325"}],"wp:attachment":[{"href":"https:\/\/www.brundisium.net\/index.php\/wp-json\/wp\/v2\/media?parent=167314"}],"wp:term":[{"taxonomy":"category","embeddable":true,"href":"https:\/\/www.brundisium.net\/index.php\/wp-json\/wp\/v2\/categories?post=167314"},{"taxonomy":"post_tag","embeddable":true,"href":"https:\/\/www.brundisium.net\/index.php\/wp-json\/wp\/v2\/tags?post=167314"}],"curies":[{"name":"wp","href":"https:\/\/api.w.org\/{rel}","templated":true}]}}