{"id":167508,"date":"2020-01-28T00:19:12","date_gmt":"2020-01-27T23:19:12","guid":{"rendered":"http:\/\/www.brundisium.net\/?p=167508"},"modified":"2020-01-28T18:20:25","modified_gmt":"2020-01-28T17:20:25","slug":"indifferenti-mai-mesagne-ricorda-lolocausto","status":"publish","type":"post","link":"https:\/\/www.brundisium.net\/index.php\/indifferenti-mai-mesagne-ricorda-lolocausto\/","title":{"rendered":"Indifferenti mai: Mesagne ricorda l\u2019Olocausto"},"content":{"rendered":"<p>Il programma per celebrare la Giornata della Memoria &#8211; ricorrenza internazionale celebrata il 27 gennaio di ogni anno per commemorare le vittime della Shoah &#8211; a Mesagne ha visto l\u2019esordio con l\u2019iniziativa che si \u00e8 svolta presso il Liceo Scientifico \u201cEpifanio Ferdinando\u201d di Mesagne denominata \u201cAppunti di viaggio tornando da Auschwitz\u201d, a cura degli studenti delle classi quinte A e C e, per i canti, della professoressa Miriam Musa. <\/p>\n<p>\u201cConferendo la cittadinanza onoraria alla senatrice Liliana Segre, Mesagne ha preso posizione anche per il presente su quei rigurgiti di pericolosa intolleranza che sono ancora pi\u00f9 diffusi di quanto si possa credere. La memoria storica serve a respingere tutti gli strumenti di confronto che non si fondano sulla ragione e sul rispetto degli altri\u201d, ha ricordato il sindaco Toni Matarrelli.<br \/>\n L\u2019appuntamento \u00e8 il primo dei tre momenti in calendario nei prossimi giorni. Mercoled\u00ec 5 febbraio, nel Teatro comunale di Mesagne, sar\u00e0 proiettato il film \u201cAquile randagie\u201d, del regista Gianni Aureli. In mattinata, la visione sar\u00e0 riservata agli alunni delle Scuole primarie; a partire dalle ore 18 del pomeriggio \u00e8 previsto l\u2019intervento del prof. Salvatore Lezzi sul tema \u201cLa Resistenza in Europa\u201d. A seguire, la proiezione della pellicola sar\u00e0 garantita agli studenti delle Scuole medie e superiori. \u201cIl Giorno della Memoria, insieme all\u2019aspetto celebrativo\u2013 afferma il consulente politico alle Politiche scolastiche, Marco Cal\u00f2 \u2013 rappresenta, per i pi\u00f9 giovani e in realt\u00e0 per tutti noi, un\u2019occasione di riflessione sui valori della solidariet\u00e0 e della tolleranza sui quali poggia la Costituzione e la democrazia\u201d. <\/p>\n<p>Gioved\u00ec 6 e venerd\u00ec 7 febbraio, l\u2019auditorium del Liceo Scientifico accoglier\u00e0 la performance dei bambini delle quinte classi del secondo Circolo didattico \u201cGiovanni XXIII\u201d di Mesagne, sul tema \u201cBambine e bambini di fronte alla Shoah\u201d. Le iniziative sono patrocinate dal Comune di Mesagne e realizzate in collaborazione con le Scuole.<\/p>\n","protected":false},"excerpt":{"rendered":"<p>Il programma per celebrare la Giornata della Memoria &#8211; ricorrenza internazionale celebrata il 27 gennaio di ogni anno per commemorare le vittime della Shoah &#8211; a Mesagne ha visto l\u2019esordio con l\u2019iniziativa che si \u00e8 svolta presso il Liceo Scientifico \u201cEpifanio Ferdinando\u201d di Mesagne denominata \u201cAppunti di viaggio tornando da Auschwitz\u201d, a cura degli studenti delle classi quinte A e C e, per i canti, della professoressa Miriam Musa. \u201cConferendo la cittadinanza onoraria alla senatrice Liliana Segre, Mesagne ha preso posizione anche per il presente su quei rigurgiti di pericolosa intolleranza che sono ancora pi\u00f9 diffusi di quanto si possa credere. La memoria storica serve a respingere tutti gli strumenti di confronto che non si fondano sulla ragione e sul rispetto degli altri\u201d, ha ricordato il sindaco Toni Matarrelli. L\u2019appuntamento \u00e8 il primo dei tre momenti in calendario nei prossimi giorni. Mercoled\u00ec 5 febbraio, nel Teatro comunale di Mesagne, sar\u00e0 proiettato il film \u201cAquile randagie\u201d, del regista Gianni Aureli. In mattinata, la visione sar\u00e0 riservata agli alunni delle Scuole primarie;&#8230;<\/p>\n","protected":false},"author":2,"featured_media":167510,"comment_status":"open","ping_status":"closed","sticky":false,"template":"","format":"standard","meta":{"footnotes":""},"categories":[7],"tags":[],"class_list":["post-167508","post","type-post","status-publish","format-standard","has-post-thumbnail","hentry","category-news"],"_links":{"self":[{"href":"https:\/\/www.brundisium.net\/index.php\/wp-json\/wp\/v2\/posts\/167508","targetHints":{"allow":["GET"]}}],"collection":[{"href":"https:\/\/www.brundisium.net\/index.php\/wp-json\/wp\/v2\/posts"}],"about":[{"href":"https:\/\/www.brundisium.net\/index.php\/wp-json\/wp\/v2\/types\/post"}],"author":[{"embeddable":true,"href":"https:\/\/www.brundisium.net\/index.php\/wp-json\/wp\/v2\/users\/2"}],"replies":[{"embeddable":true,"href":"https:\/\/www.brundisium.net\/index.php\/wp-json\/wp\/v2\/comments?post=167508"}],"version-history":[{"count":1,"href":"https:\/\/www.brundisium.net\/index.php\/wp-json\/wp\/v2\/posts\/167508\/revisions"}],"predecessor-version":[{"id":167511,"href":"https:\/\/www.brundisium.net\/index.php\/wp-json\/wp\/v2\/posts\/167508\/revisions\/167511"}],"wp:featuredmedia":[{"embeddable":true,"href":"https:\/\/www.brundisium.net\/index.php\/wp-json\/wp\/v2\/media\/167510"}],"wp:attachment":[{"href":"https:\/\/www.brundisium.net\/index.php\/wp-json\/wp\/v2\/media?parent=167508"}],"wp:term":[{"taxonomy":"category","embeddable":true,"href":"https:\/\/www.brundisium.net\/index.php\/wp-json\/wp\/v2\/categories?post=167508"},{"taxonomy":"post_tag","embeddable":true,"href":"https:\/\/www.brundisium.net\/index.php\/wp-json\/wp\/v2\/tags?post=167508"}],"curies":[{"name":"wp","href":"https:\/\/api.w.org\/{rel}","templated":true}]}}