{"id":167671,"date":"2020-01-31T10:19:38","date_gmt":"2020-01-31T09:19:38","guid":{"rendered":"http:\/\/www.brundisium.net\/?p=167671"},"modified":"2020-01-31T08:34:59","modified_gmt":"2020-01-31T07:34:59","slug":"la-musica-per-tutti-martedi-4-febbraio-lopen-day-della-v-edizione","status":"publish","type":"post","link":"https:\/\/www.brundisium.net\/index.php\/la-musica-per-tutti-martedi-4-febbraio-lopen-day-della-v-edizione\/","title":{"rendered":"La Musica per tutti: marted\u00ec 4 febbraio l&#8217;open day della V edizione"},"content":{"rendered":"<p>Si parte! Marted\u00ec 4 febbraio alle ore 17.30 presso la Scuola primaria di Via Mignozzi del Secondo Circolo Didattico di Fasano si terr\u00e0 l\u2019open day della quinta edizione del progetto &#8220;La musica per tutti\u201d. La partecipazione ai laboratori musicali in programma \u00e8 gratuita, ma per questioni organizzative \u00e8 possibile iscriversi a partecipare, solo, fino a sabato 1 febbraio.<\/p>\n<p>&nbsp;<\/p>\n<p>Diverse novit\u00e0 caratterizzeranno questa quinta edizione, dove alla collaudata sinergia tra AccordiAbili ed Equoenonsolo si \u00e8 aggiunta la preziosa collaborazione del Secondo Circolo Didattico che ospiter\u00e0 nella sede di via Mignozzi le lezioni che si articoleranno con cadenza settimanale fino al saggio finale di inizio luglio.<\/p>\n<p>&nbsp;<\/p>\n<p>La direzione artistica del corso sar\u00e0 tenuta dai Maestri Vincenzo Deluci e Andrea Gargiulo, tra i maggiori esperti in Italia del metodo \u201cEl Sistema\u201d di A.J. Abreu. Di grande livello sar\u00e0 anche il team di esperti e maestri specializzati nell\u2019insegnamento della musica anche a corsisti con disabilit\u00e0 cognitive e che lavoreranno per dar corpo all\u2019obiettivo di formare un gruppo musicale che faccia musica e consenta a questi ragazzi di esibirsi in pubblico non solo nell\u2019ormai tradizionale saggio finale. Andrea Gargiulo curer\u00e0 le lezioni di musica d\u2019insieme, Vincenzo Deluci di tromba e musica elettronica, Davide Saccomano di canto, Gianni Renna di batteria e percussioni, Mariangela Rendini di musicoterapia, Onofrio Susca di tastiere e musicoterapia con strumenti orientali e Paolo Daniele di armonica, chitarra, applicazioni musicali per smartphone e tablet e corso Logic X base.<\/p>\n<p>&nbsp;<\/p>\n<p>Grazie alle donazioni ricevute attraverso il 5 per mille e alle varie iniziative di raccolta fondi promosse in favore di questo progetto, AccordiAbili per continuare ad offrire il sogno di avvicinarsi o di ritornare alla musica a sempre pi\u00f9 persone con limitazioni fisiche o cognitive, cofinanzier\u00e0 il corso permettendo la partecipazione gratuita a tutti gli associati con disabilit\u00e0 certificate a partire dall\u2019et\u00e0 di quattro anni..<\/p>\n<p>&nbsp;<\/p>\n<p>Le domande di iscrizione all\u2019open day, potranno essere ritirate e consegnate (entro e non oltre sabato 1 febbraio 2020), presso la Bottega del Mondo Equoenonsolo in via Fogazzaro, 59, oppure via mail a: accordiabili@gmail.com o info@equoenonsolo.it o telefonicamente al: 3288682626<\/p>\n","protected":false},"excerpt":{"rendered":"<p>Si parte! Marted\u00ec 4 febbraio alle ore 17.30 presso la Scuola primaria di Via Mignozzi del Secondo Circolo Didattico di Fasano si terr\u00e0 l\u2019open day della quinta edizione del progetto &#8220;La musica per tutti\u201d. La partecipazione ai laboratori musicali in programma \u00e8 gratuita, ma per questioni organizzative \u00e8 possibile iscriversi a partecipare, solo, fino a sabato 1 febbraio. &nbsp; Diverse novit\u00e0 caratterizzeranno questa quinta edizione, dove alla collaudata sinergia tra AccordiAbili ed Equoenonsolo si \u00e8 aggiunta la preziosa collaborazione del Secondo Circolo Didattico che ospiter\u00e0 nella sede di via Mignozzi le lezioni che si articoleranno con cadenza settimanale fino al saggio finale di inizio luglio. &nbsp; La direzione artistica del corso sar\u00e0 tenuta dai Maestri Vincenzo Deluci e Andrea Gargiulo, tra i maggiori esperti in Italia del metodo \u201cEl Sistema\u201d di A.J. Abreu. Di grande livello sar\u00e0 anche il team di esperti e maestri specializzati nell\u2019insegnamento della musica anche a corsisti con disabilit\u00e0 cognitive e che lavoreranno per dar corpo all\u2019obiettivo di formare un gruppo musicale che faccia musica e&#8230;<\/p>\n","protected":false},"author":2,"featured_media":95476,"comment_status":"open","ping_status":"closed","sticky":false,"template":"","format":"standard","meta":{"footnotes":""},"categories":[7],"tags":[],"class_list":["post-167671","post","type-post","status-publish","format-standard","has-post-thumbnail","hentry","category-news"],"_links":{"self":[{"href":"https:\/\/www.brundisium.net\/index.php\/wp-json\/wp\/v2\/posts\/167671","targetHints":{"allow":["GET"]}}],"collection":[{"href":"https:\/\/www.brundisium.net\/index.php\/wp-json\/wp\/v2\/posts"}],"about":[{"href":"https:\/\/www.brundisium.net\/index.php\/wp-json\/wp\/v2\/types\/post"}],"author":[{"embeddable":true,"href":"https:\/\/www.brundisium.net\/index.php\/wp-json\/wp\/v2\/users\/2"}],"replies":[{"embeddable":true,"href":"https:\/\/www.brundisium.net\/index.php\/wp-json\/wp\/v2\/comments?post=167671"}],"version-history":[{"count":1,"href":"https:\/\/www.brundisium.net\/index.php\/wp-json\/wp\/v2\/posts\/167671\/revisions"}],"predecessor-version":[{"id":167672,"href":"https:\/\/www.brundisium.net\/index.php\/wp-json\/wp\/v2\/posts\/167671\/revisions\/167672"}],"wp:featuredmedia":[{"embeddable":true,"href":"https:\/\/www.brundisium.net\/index.php\/wp-json\/wp\/v2\/media\/95476"}],"wp:attachment":[{"href":"https:\/\/www.brundisium.net\/index.php\/wp-json\/wp\/v2\/media?parent=167671"}],"wp:term":[{"taxonomy":"category","embeddable":true,"href":"https:\/\/www.brundisium.net\/index.php\/wp-json\/wp\/v2\/categories?post=167671"},{"taxonomy":"post_tag","embeddable":true,"href":"https:\/\/www.brundisium.net\/index.php\/wp-json\/wp\/v2\/tags?post=167671"}],"curies":[{"name":"wp","href":"https:\/\/api.w.org\/{rel}","templated":true}]}}