{"id":167715,"date":"2020-02-01T16:12:08","date_gmt":"2020-02-01T15:12:08","guid":{"rendered":"http:\/\/www.brundisium.net\/?p=167715"},"modified":"2020-02-02T16:15:01","modified_gmt":"2020-02-02T15:15:01","slug":"anche-una-delegazione-di-brindisi-allassemblea-nazionale-della-fiva-confcommercio","status":"publish","type":"post","link":"https:\/\/www.brundisium.net\/index.php\/anche-una-delegazione-di-brindisi-allassemblea-nazionale-della-fiva-confcommercio\/","title":{"rendered":"Anche una delegazione di Brindisi all&#8217;assemblea nazionale della Fiva Confcommercio"},"content":{"rendered":"<p>Si svolger\u00e0 domani, domenica 2 Febbraio, a Milano, l&#8217;Assemblea Nazionale dei Quadri Dirigenti della FIVA-CONFCOMMERCIO (Federazione Italiana Venditori Ambulanti). Vi partecipa una delegazione provinciale Fiva-Confcommercio Brindisi guidata dal Coordinatore Provinciale Tommaso Attanasi. Si tratta di una iniziativa alla quale interverr\u00e0 anche il Viceministro all&#8217;Economia e alle Finanze On. Laura Castelli.<\/p>\n<p>&nbsp;<\/p>\n<p>I temi importanti che saranno affrontati e che riguardano le questioni relative al commercio su aree pubbliche, saranno i seguenti:<\/p>\n<p>1) Canone unico per la occupazione del suolo pubblico, che decorrer\u00e0 dal 1 Gennaio 2021<\/p>\n<p>2) Rinnovo delle concessioni di posteggio.<\/p>\n<p>3) Slittamento del termine per l&#8217;invio telematico dei corrispettivi<\/p>\n<p>4) Abusivismo, vera spina nel fianco della Categoria<\/p>\n<p>5) Riordino dei Mercati nel quadro di una migliore sostenibilit\u00e0<\/p>\n<p>6) Abbassamento della pressione fiscale per le piccole Imprese<\/p>\n<p>&nbsp;<\/p>\n<p>L&#8217;auspicio \u00e8 quello di definire problematiche importanti a tutela degli Operatori su Aree Pubbliche, gi\u00e0 vessati da una pressione fiscale asfissiante e deleteria.<\/p>\n","protected":false},"excerpt":{"rendered":"<p>Si svolger\u00e0 domani, domenica 2 Febbraio, a Milano, l&#8217;Assemblea Nazionale dei Quadri Dirigenti della FIVA-CONFCOMMERCIO (Federazione Italiana Venditori Ambulanti). Vi partecipa una delegazione provinciale Fiva-Confcommercio Brindisi guidata dal Coordinatore Provinciale Tommaso Attanasi. Si tratta di una iniziativa alla quale interverr\u00e0 anche il Viceministro all&#8217;Economia e alle Finanze On. Laura Castelli. &nbsp; I temi importanti che saranno affrontati e che riguardano le questioni relative al commercio su aree pubbliche, saranno i seguenti: 1) Canone unico per la occupazione del suolo pubblico, che decorrer\u00e0 dal 1 Gennaio 2021 2) Rinnovo delle concessioni di posteggio. 3) Slittamento del termine per l&#8217;invio telematico dei corrispettivi 4) Abusivismo, vera spina nel fianco della Categoria 5) Riordino dei Mercati nel quadro di una migliore sostenibilit\u00e0 6) Abbassamento della pressione fiscale per le piccole Imprese &nbsp; L&#8217;auspicio \u00e8 quello di definire problematiche importanti a tutela degli Operatori su Aree Pubbliche, gi\u00e0 vessati da una pressione fiscale asfissiante e deleteria.<\/p>\n","protected":false},"author":2,"featured_media":167716,"comment_status":"open","ping_status":"closed","sticky":false,"template":"","format":"standard","meta":{"footnotes":""},"categories":[7],"tags":[],"class_list":["post-167715","post","type-post","status-publish","format-standard","has-post-thumbnail","hentry","category-news"],"_links":{"self":[{"href":"https:\/\/www.brundisium.net\/index.php\/wp-json\/wp\/v2\/posts\/167715","targetHints":{"allow":["GET"]}}],"collection":[{"href":"https:\/\/www.brundisium.net\/index.php\/wp-json\/wp\/v2\/posts"}],"about":[{"href":"https:\/\/www.brundisium.net\/index.php\/wp-json\/wp\/v2\/types\/post"}],"author":[{"embeddable":true,"href":"https:\/\/www.brundisium.net\/index.php\/wp-json\/wp\/v2\/users\/2"}],"replies":[{"embeddable":true,"href":"https:\/\/www.brundisium.net\/index.php\/wp-json\/wp\/v2\/comments?post=167715"}],"version-history":[{"count":1,"href":"https:\/\/www.brundisium.net\/index.php\/wp-json\/wp\/v2\/posts\/167715\/revisions"}],"predecessor-version":[{"id":167717,"href":"https:\/\/www.brundisium.net\/index.php\/wp-json\/wp\/v2\/posts\/167715\/revisions\/167717"}],"wp:featuredmedia":[{"embeddable":true,"href":"https:\/\/www.brundisium.net\/index.php\/wp-json\/wp\/v2\/media\/167716"}],"wp:attachment":[{"href":"https:\/\/www.brundisium.net\/index.php\/wp-json\/wp\/v2\/media?parent=167715"}],"wp:term":[{"taxonomy":"category","embeddable":true,"href":"https:\/\/www.brundisium.net\/index.php\/wp-json\/wp\/v2\/categories?post=167715"},{"taxonomy":"post_tag","embeddable":true,"href":"https:\/\/www.brundisium.net\/index.php\/wp-json\/wp\/v2\/tags?post=167715"}],"curies":[{"name":"wp","href":"https:\/\/api.w.org\/{rel}","templated":true}]}}