{"id":167880,"date":"2020-02-05T22:08:23","date_gmt":"2020-02-05T21:08:23","guid":{"rendered":"http:\/\/www.brundisium.net\/?p=167880"},"modified":"2020-02-08T10:59:34","modified_gmt":"2020-02-08T09:59:34","slug":"furti-nelle-scuole-svolto-vertice-in-prefettura","status":"publish","type":"post","link":"https:\/\/www.brundisium.net\/index.php\/furti-nelle-scuole-svolto-vertice-in-prefettura\/","title":{"rendered":"Furti nelle scuole: svolto vertice in Prefettura"},"content":{"rendered":"<p>A seguito di reiterati episodi di danneggiamento e furti, compiuti di recente all\u2019interno di  istituti scolastici  di istruzione secondaria  di primo grado nel comune Capoluogo, si \u00e8 tenuta stamane in Prefettura una riunione convocata dal  Prefetto in adesione alla richiesta del Sindaco.<br \/>\nAll\u2019incontro hanno preso parte, oltre ai vertici territoriali delle Forze dell\u2019Ordine, il Sindaco di Brindisi, l\u2019Assessore ai Servizi Sociali ed il Comandante della Polizia locale  ed i Dirigenti  scolastici degli istituti direttamente interessati.<br \/>\nAll\u2019esito della disamina  degli episodi che, oltre a causare danni sotto il profilo economico, hanno ingenerato preoccupazione nella comunit\u00e0 scolastica,  si \u00e8 convenuto di intensificare presso gli istituti scolastici l\u2019attivit\u00e0 di prevenzione generale e controllo da parte delle Forze dell\u2019ordine, con il coinvolgimento della  Polizia Locale.<br \/>\nParticolare attenzione \u00e8 stata rivolta al tema del potenziamento delle misure di difesa passiva, con invito ad implementarne la dotazione, laddove carente, attingendo anche ad eventuali  finanziamenti pubblici, mantenendo in efficienza gli impianti gi\u00e0 operativi.<br \/>\n E\u2019 stata, inoltre, condivisa l\u2019esigenza di valorizzare l\u2019utilizzo di sistemi di allarme e dispositivi antintrusione, di cui alcune scuole sono gi\u00e0 dotate.<br \/>\nIl Prefetto ha posto l\u2019accento anche sul progetto \u201cScuole Sicure\u201d 2019\/2020,candidato dal  Comune di Brindisi e ammesso dal Ministero dell\u2019Interno al finanziamento per 40.788,89 euro a valere sul fondo per la sicurezza urbana istituito dall\u2019articolo35 quater del decreto-legge 4 ottobre 2018, n.113, convertito con modificazioni dalla legge 1\u00b0dicembre 2018, n.132.<br \/>\nIl progetto, in corso di attuazione, prevede nell\u2019ambito degli interventi integrati finalizzati al rafforzamento delle azioni di prevenzione e contrasto allo spaccio di sostanze stupefacenti nelle aree circostanti gli istituti scolastici, anche  l\u2019implementazione dell\u2019attuale sistema di videosorveglianza presso le scuole medie del capoluogo, attraverso l\u2019utilizzo di telecamere che ampliano in raggio di visualizzazione a zone esterne.<br \/>\nAl fine di arricchire il quadro informativo necessario a sviluppare azioni di prevenzione e contrasto pi\u00f9 efficaci, si \u00e8 convenuto  che, nei prossimi giorni, avr\u00e0 luogo un tavolo tecnico- operativo presso la Questura, con la partecipazione del Comune, della Polizia Locale e  dei dirigenti scolastici.<\/p>\n","protected":false},"excerpt":{"rendered":"<p>A seguito di reiterati episodi di danneggiamento e furti, compiuti di recente all\u2019interno di istituti scolastici di istruzione secondaria di primo grado nel comune Capoluogo, si \u00e8 tenuta stamane in Prefettura una riunione convocata dal Prefetto in adesione alla richiesta del Sindaco. All\u2019incontro hanno preso parte, oltre ai vertici territoriali delle Forze dell\u2019Ordine, il Sindaco di Brindisi, l\u2019Assessore ai Servizi Sociali ed il Comandante della Polizia locale ed i Dirigenti scolastici degli istituti direttamente interessati. All\u2019esito della disamina degli episodi che, oltre a causare danni sotto il profilo economico, hanno ingenerato preoccupazione nella comunit\u00e0 scolastica, si \u00e8 convenuto di intensificare presso gli istituti scolastici l\u2019attivit\u00e0 di prevenzione generale e controllo da parte delle Forze dell\u2019ordine, con il coinvolgimento della Polizia Locale. Particolare attenzione \u00e8 stata rivolta al tema del potenziamento delle misure di difesa passiva, con invito ad implementarne la dotazione, laddove carente, attingendo anche ad eventuali finanziamenti pubblici, mantenendo in efficienza gli impianti gi\u00e0 operativi. E\u2019 stata, inoltre, condivisa l\u2019esigenza di valorizzare l\u2019utilizzo di sistemi di allarme e dispositivi&#8230;<\/p>\n","protected":false},"author":2,"featured_media":119761,"comment_status":"open","ping_status":"closed","sticky":false,"template":"","format":"standard","meta":{"footnotes":""},"categories":[7],"tags":[],"class_list":["post-167880","post","type-post","status-publish","format-standard","has-post-thumbnail","hentry","category-news"],"_links":{"self":[{"href":"https:\/\/www.brundisium.net\/index.php\/wp-json\/wp\/v2\/posts\/167880","targetHints":{"allow":["GET"]}}],"collection":[{"href":"https:\/\/www.brundisium.net\/index.php\/wp-json\/wp\/v2\/posts"}],"about":[{"href":"https:\/\/www.brundisium.net\/index.php\/wp-json\/wp\/v2\/types\/post"}],"author":[{"embeddable":true,"href":"https:\/\/www.brundisium.net\/index.php\/wp-json\/wp\/v2\/users\/2"}],"replies":[{"embeddable":true,"href":"https:\/\/www.brundisium.net\/index.php\/wp-json\/wp\/v2\/comments?post=167880"}],"version-history":[{"count":1,"href":"https:\/\/www.brundisium.net\/index.php\/wp-json\/wp\/v2\/posts\/167880\/revisions"}],"predecessor-version":[{"id":167881,"href":"https:\/\/www.brundisium.net\/index.php\/wp-json\/wp\/v2\/posts\/167880\/revisions\/167881"}],"wp:featuredmedia":[{"embeddable":true,"href":"https:\/\/www.brundisium.net\/index.php\/wp-json\/wp\/v2\/media\/119761"}],"wp:attachment":[{"href":"https:\/\/www.brundisium.net\/index.php\/wp-json\/wp\/v2\/media?parent=167880"}],"wp:term":[{"taxonomy":"category","embeddable":true,"href":"https:\/\/www.brundisium.net\/index.php\/wp-json\/wp\/v2\/categories?post=167880"},{"taxonomy":"post_tag","embeddable":true,"href":"https:\/\/www.brundisium.net\/index.php\/wp-json\/wp\/v2\/tags?post=167880"}],"curies":[{"name":"wp","href":"https:\/\/api.w.org\/{rel}","templated":true}]}}