{"id":167896,"date":"2020-02-07T00:31:19","date_gmt":"2020-02-06T23:31:19","guid":{"rendered":"http:\/\/www.brundisium.net\/?p=167896"},"modified":"2020-02-07T10:31:55","modified_gmt":"2020-02-07T09:31:55","slug":"v-giornata-mondiale-della-lingua-ellenica","status":"publish","type":"post","link":"https:\/\/www.brundisium.net\/index.php\/v-giornata-mondiale-della-lingua-ellenica\/","title":{"rendered":"V Giornata Mondiale della Lingua Ellenica"},"content":{"rendered":"<p>La Giornata Mondiale della Lingua Ellenica si celebra il 9 febbraio, anniversario della morte del poeta nazionale Greco Dionisios Solomos, il quale nella sua opera \u00abDialogo sulla lingua\u00bb, mettenedo in relazione la libert\u00e0 e la lingua, pronuncia le seguenti parole \u00ab\u039c\u03ae\u03b3\u03b1\u03c1\u03b9\u03c2 \u03ad\u03c7\u03c9 \u03ac\u03bb\u03bb\u03bf \u03c3\u03c4\u03cc \u03bd\u03bf\u03c5 \u03bc\u03bf\u03c5, \u03c0\u03ac\u03c1\u03b5\u03be \u03b5\u03bb\u03b5\u03c5\u03b8\u03b5\u03c1\u03af\u03b1 \u03ba\u03b1\u03b9 \u03b3\u03bb\u03ce\u03c3\u03c3\u03b1\u00bb \u00abNull&#8217;altro ho in mente che libert\u00e0 e lingua\u00bb sottolineando che la libert\u00e0 e il linguaggio sono interconnessi. Ed \u00e8 naturale perch\u00e9 attraverso la lingua si esprimono i significati e i pensieri delle persone, si descrivono e si analizzano i concetti e le situazioni, attraverso il linguaggio le persone comunicano tra loro e si trasmette alle generazioni future un&#8217;intera cultura e l&#8217;amore per la libert\u00e0. Ma soprattutto la lingua \u00e8 l\u2019incarnazione della libert\u00e0 stessa.<\/p>\n<p>La lingua greca \u00e8 caratterizzata dalla ricchezza lessicale, dalla capacit\u00e0 di creare nuove parole, dalla precisione del significato. \u00c8 inoltre la lingua dell\u2019insegnamento e della sapienza, che si distingue per la sua musicalit\u00e0 e flessibilit\u00e0, ha una luce proprio ed una ininterrotta continuit\u00e0 storica di 7000 anni.<\/p>\n<p>Il Comitato Promotore quest\u2019anno ha scelto il tema \u201cLa Grecia nello spazio e nel tempo\u201dper celebrare la giornata mondiale della lingua greca.<\/p>\n<p>&nbsp;<\/p>\n<p>Gli studenti prenderanno parte ad un affascinante viaggio alla ricerca di antichi luoghi mitici, nei poemi di Omero, nell&#8217;antica Agor\u00e0 di Atene, a Tebe, Delfi, Siracusa, Lesbo, Argos, Creta e Cipro e non solo; questo approccio vitale alla conoscenza aiuta gli studenti a comprendere meglio il ruolo e l&#8217;importanza della mitologia nella vita degli antichi greci e il fascino che le vicende mitiche esercitano su di noi ancora oggi.<\/p>\n<p>&nbsp;<\/p>\n<p>I docenti Adele Filippo, Alessandra Manieri, Saulo Delle Donne della Facolt\u00e0 di Lettere e Filosofia dell\u2019Universit\u00e0 del Salento, per la seconda volta, organizzano la manifestazione per la celebrazione della lingua greca con la partecipazione della Grec\u00eca Salentina e della Comunit\u00e0 Ellenica San Nicola di Myra di Brindisi.<\/p>\n<p>&nbsp;<\/p>\n<p>Quest\u2019anno la manifestazione si svilupper\u00e0 in due giornate, l\u20198 e il 10 febbraio. La giornata dell\u00b48 febbraio, che si svolger\u00e0 presso l\u2019Edificio 6 in via Valesio, aula 3, alle ore 09:00, sar\u00e0 dedicata allo studio sulla diffusione della lingua greca nello spazio e sul suo percorso evolutivo nel tempo (dal greco classico al greco cristiano e bizantino sino al neogreco e al greco parlato in terra salentina). Interverranno i professori: Carmine Catenacci, Universit\u00e0 di Chieti, Antonio Cacciari, Universit\u00e0 di Bologna, Enrico Maltese, Universit\u00e0 di Torino, Filippomaria Pontani, Universit\u00e0 di Venezia, Marcello Aprile, Universit\u00e0 del Salento.<br \/>\nReferenti Scientifici: Alessandro Capone, Saulo Delle Donne, Adele Filippo, Francesco Giannachi, Alessandra Manieri.<\/p>\n<p>&nbsp;<\/p>\n<p>Il 10 Febbraio alle ore 09:00 al Centro Congressi Ecotekne, comincer\u00e0 la Maratona letteraria dei licei di Lecce e Provincia, Brindisi e Provincia e dei comprensori scolastici della Grec\u00eca Salentina, che si esibiranno in performances letterarie, artistiche e musicali.<\/p>\n<p>&nbsp;<\/p>\n<p>Le manifestazioni artistico-culturali continueranno per gran parte del mese di febbraio, nel territorio salentino e nei paesi della Grecia, Calimera, Castrignano dei Greci, Corigliano d\u2019Otranto, Martano, Martignano, Melpignano, Soleto, Sternatia e Zollino, grazie al contributo delle associazioni culturali del Territorio.<\/p>\n<p>&nbsp;<\/p>\n<p>&nbsp;<\/p>\n<p><b><i>COMUNIT\u00c0<\/i><\/b><em><strong>\u00a0ELLENICA SAN NICOLA DI MYRA DI BRINDISI E PROVINCIA<\/strong><\/em><\/p>\n","protected":false},"excerpt":{"rendered":"<p>La Giornata Mondiale della Lingua Ellenica si celebra il 9 febbraio, anniversario della morte del poeta nazionale Greco Dionisios Solomos, il quale nella sua opera \u00abDialogo sulla lingua\u00bb, mettenedo in relazione la libert\u00e0 e la lingua, pronuncia le seguenti parole \u00ab\u039c\u03ae\u03b3\u03b1\u03c1\u03b9\u03c2 \u03ad\u03c7\u03c9 \u03ac\u03bb\u03bb\u03bf \u03c3\u03c4\u03cc \u03bd\u03bf\u03c5 \u03bc\u03bf\u03c5, \u03c0\u03ac\u03c1\u03b5\u03be \u03b5\u03bb\u03b5\u03c5\u03b8\u03b5\u03c1\u03af\u03b1 \u03ba\u03b1\u03b9 \u03b3\u03bb\u03ce\u03c3\u03c3\u03b1\u00bb \u00abNull&#8217;altro ho in mente che libert\u00e0 e lingua\u00bb sottolineando che la libert\u00e0 e il linguaggio sono interconnessi. Ed \u00e8 naturale perch\u00e9 attraverso la lingua si esprimono i significati e i pensieri delle persone, si descrivono e si analizzano i concetti e le situazioni, attraverso il linguaggio le persone comunicano tra loro e si trasmette alle generazioni future un&#8217;intera cultura e l&#8217;amore per la libert\u00e0. Ma soprattutto la lingua \u00e8 l\u2019incarnazione della libert\u00e0 stessa. La lingua greca \u00e8 caratterizzata dalla ricchezza lessicale, dalla capacit\u00e0 di creare nuove parole, dalla precisione del significato. \u00c8 inoltre la lingua dell\u2019insegnamento e della sapienza, che si distingue per la sua musicalit\u00e0 e flessibilit\u00e0, ha una luce proprio ed una ininterrotta continuit\u00e0 storica di 7000 anni&#8230;.<\/p>\n","protected":false},"author":2,"featured_media":128182,"comment_status":"open","ping_status":"closed","sticky":false,"template":"","format":"standard","meta":{"footnotes":""},"categories":[7],"tags":[],"class_list":["post-167896","post","type-post","status-publish","format-standard","has-post-thumbnail","hentry","category-news"],"_links":{"self":[{"href":"https:\/\/www.brundisium.net\/index.php\/wp-json\/wp\/v2\/posts\/167896","targetHints":{"allow":["GET"]}}],"collection":[{"href":"https:\/\/www.brundisium.net\/index.php\/wp-json\/wp\/v2\/posts"}],"about":[{"href":"https:\/\/www.brundisium.net\/index.php\/wp-json\/wp\/v2\/types\/post"}],"author":[{"embeddable":true,"href":"https:\/\/www.brundisium.net\/index.php\/wp-json\/wp\/v2\/users\/2"}],"replies":[{"embeddable":true,"href":"https:\/\/www.brundisium.net\/index.php\/wp-json\/wp\/v2\/comments?post=167896"}],"version-history":[{"count":1,"href":"https:\/\/www.brundisium.net\/index.php\/wp-json\/wp\/v2\/posts\/167896\/revisions"}],"predecessor-version":[{"id":167905,"href":"https:\/\/www.brundisium.net\/index.php\/wp-json\/wp\/v2\/posts\/167896\/revisions\/167905"}],"wp:featuredmedia":[{"embeddable":true,"href":"https:\/\/www.brundisium.net\/index.php\/wp-json\/wp\/v2\/media\/128182"}],"wp:attachment":[{"href":"https:\/\/www.brundisium.net\/index.php\/wp-json\/wp\/v2\/media?parent=167896"}],"wp:term":[{"taxonomy":"category","embeddable":true,"href":"https:\/\/www.brundisium.net\/index.php\/wp-json\/wp\/v2\/categories?post=167896"},{"taxonomy":"post_tag","embeddable":true,"href":"https:\/\/www.brundisium.net\/index.php\/wp-json\/wp\/v2\/tags?post=167896"}],"curies":[{"name":"wp","href":"https:\/\/api.w.org\/{rel}","templated":true}]}}