{"id":167899,"date":"2020-02-07T10:20:42","date_gmt":"2020-02-07T09:20:42","guid":{"rendered":"http:\/\/www.brundisium.net\/?p=167899"},"modified":"2020-02-07T10:20:42","modified_gmt":"2020-02-07T09:20:42","slug":"castellucci-cisl-dopo-lincontro-sul-porto-al-mise","status":"publish","type":"post","link":"https:\/\/www.brundisium.net\/index.php\/castellucci-cisl-dopo-lincontro-sul-porto-al-mise\/","title":{"rendered":"Castellucci (Cisl) dopo l&#8217;incontro sul Porto al Mise"},"content":{"rendered":"<p>\u201cGli esiti dell\u2019incontro odierno di approfondimento delle criticit\u00e0 inerenti all&#8217;area portuale di Brindisi e al suo indotto, anche al fine di individuare le necessarie misure di rilancio delle attivit\u00e0 produttive coinvolte, autorizzano fondate speranze che possa aprirsi una fase di maggiore attenzione da parte del Governo per il nostro territorio.<br \/>\nAbbiamo colto con interesse le dichiarazioni della Sottosegretaria Alessandra Todde quando ha affermato, tra l\u2019altro, che il rilancio del porto di Brindisi \u00e8 una delle priorit\u00e0 del Governo e si \u00e8 ufficialmente impegnata a coinvolgere anche Invitalia in vista del prossimo incontro, sul medesimo argomento, che si terr\u00e0 ancora al Mise.<\/p>\n<p>Se la Puglia viene percepita, a ragione, come una grande piastra logistica, Brindisi \u00e8 tra le pochissime citt\u00e0 del Mezzogiorno a poter vantare un porto ed un aeroporto ottimamente collegati con i restanti capoluoghi di provincia pugliesi.<\/p>\n<p>Le grandi potenzialit\u00e0 produttive presenti in quest\u2019area consentono oggi, pi\u00f9 che di crogiolarsi sull&#8217;individuazione delle responsabilit\u00e0 del passato, di proiettarsi in una visione di futuro in grado di declinare contestualmente salute, occupazione, sostenibilit\u00e0 ambientale, sicurezza interna ed esterna a tutti i luoghi di lavoro e in generale nell&#8217;intero territorio brindisino.<\/p>\n<p>Il tutto pu\u00f2 e deve connettersi a prospettive di rilancio di ogni comparto produttivo di Brindisi e del restante territorio, a fronte di tassi di disoccupazione di giovani e di ultra 50enni pari a circa il doppio della media nazionale.<br \/>\nNon c\u2019\u00e8 pi\u00f9 tempo da perdere ed anzi, bisogna lavorare di anticipo, nel trovare soluzioni che possano ridare forza all\u2019economia di questa parte della Puglia.<\/p>\n<p>E\u2019 stato un bel segnale che al Mise, oggi, fosse rappresentato tutto il territorio, in ogni sua componente ricca delle specifiche sensibilit\u00e0, per rappresentare anche le criticit\u00e0 presenti e future in vista dei processi di decarbonizzazione, ovvero degli effetti negativi che potrebbero generare sull&#8217;occupazione, sull&#8217;economia e che interesserebbero il nostro patrimonio produttivo, a cominciare dalla Centrale Enel di Cerano, dove credibilmente si potrebbero perdere migliaia di posti di lavoro, diretti ed indiretti, anche altamente qualificati.<\/p>\n<p>Serve, dunque, un Patto per il lavoro e per lo sviluppo del territorio, dove mettere a sistema tutti gli strumenti possibili, come Zes, Cis Brindisi, Area di crisi complessa, Porto con le relative opere infrastrutturali da completare al pi\u00f9 presto, sburocratizzando i vari processi.<\/p>\n<p>Al contempo occorrer\u00e0 elaborare progettualit\u00e0 aggiuntiva, con i restanti settori produttivi, a vantaggio specialmente delle fasce giovanili e dei settori in particolare sofferenza occupazionale, per cogliere appieno la disponibilit\u00e0 manifestata dal Governo.<\/p>\n<p>Condizione indispensabile, per tutto questo, dovr\u00e0 essere la coesione e l\u2019inclusione, anche per rafforzare e meglio strutturare la forza contrattuale dell\u2019intero nostro territorio.\u201d<\/p>\n<p>&nbsp;<\/p>\n<p>&nbsp;<\/p>\n<p><em><strong>Antonio Castellucci<\/strong><\/em><\/p>\n","protected":false},"excerpt":{"rendered":"<p>\u201cGli esiti dell\u2019incontro odierno di approfondimento delle criticit\u00e0 inerenti all&#8217;area portuale di Brindisi e al suo indotto, anche al fine di individuare le necessarie misure di rilancio delle attivit\u00e0 produttive coinvolte, autorizzano fondate speranze che possa aprirsi una fase di maggiore attenzione da parte del Governo per il nostro territorio. Abbiamo colto con interesse le dichiarazioni della Sottosegretaria Alessandra Todde quando ha affermato, tra l\u2019altro, che il rilancio del porto di Brindisi \u00e8 una delle priorit\u00e0 del Governo e si \u00e8 ufficialmente impegnata a coinvolgere anche Invitalia in vista del prossimo incontro, sul medesimo argomento, che si terr\u00e0 ancora al Mise. Se la Puglia viene percepita, a ragione, come una grande piastra logistica, Brindisi \u00e8 tra le pochissime citt\u00e0 del Mezzogiorno a poter vantare un porto ed un aeroporto ottimamente collegati con i restanti capoluoghi di provincia pugliesi. Le grandi potenzialit\u00e0 produttive presenti in quest\u2019area consentono oggi, pi\u00f9 che di crogiolarsi sull&#8217;individuazione delle responsabilit\u00e0 del passato, di proiettarsi in una visione di futuro in grado di declinare contestualmente salute, occupazione,&#8230;<\/p>\n","protected":false},"author":2,"featured_media":125706,"comment_status":"open","ping_status":"closed","sticky":false,"template":"","format":"standard","meta":{"footnotes":""},"categories":[7],"tags":[],"class_list":["post-167899","post","type-post","status-publish","format-standard","has-post-thumbnail","hentry","category-news"],"_links":{"self":[{"href":"https:\/\/www.brundisium.net\/index.php\/wp-json\/wp\/v2\/posts\/167899","targetHints":{"allow":["GET"]}}],"collection":[{"href":"https:\/\/www.brundisium.net\/index.php\/wp-json\/wp\/v2\/posts"}],"about":[{"href":"https:\/\/www.brundisium.net\/index.php\/wp-json\/wp\/v2\/types\/post"}],"author":[{"embeddable":true,"href":"https:\/\/www.brundisium.net\/index.php\/wp-json\/wp\/v2\/users\/2"}],"replies":[{"embeddable":true,"href":"https:\/\/www.brundisium.net\/index.php\/wp-json\/wp\/v2\/comments?post=167899"}],"version-history":[{"count":1,"href":"https:\/\/www.brundisium.net\/index.php\/wp-json\/wp\/v2\/posts\/167899\/revisions"}],"predecessor-version":[{"id":167900,"href":"https:\/\/www.brundisium.net\/index.php\/wp-json\/wp\/v2\/posts\/167899\/revisions\/167900"}],"wp:featuredmedia":[{"embeddable":true,"href":"https:\/\/www.brundisium.net\/index.php\/wp-json\/wp\/v2\/media\/125706"}],"wp:attachment":[{"href":"https:\/\/www.brundisium.net\/index.php\/wp-json\/wp\/v2\/media?parent=167899"}],"wp:term":[{"taxonomy":"category","embeddable":true,"href":"https:\/\/www.brundisium.net\/index.php\/wp-json\/wp\/v2\/categories?post=167899"},{"taxonomy":"post_tag","embeddable":true,"href":"https:\/\/www.brundisium.net\/index.php\/wp-json\/wp\/v2\/tags?post=167899"}],"curies":[{"name":"wp","href":"https:\/\/api.w.org\/{rel}","templated":true}]}}