{"id":167977,"date":"2020-02-09T11:14:17","date_gmt":"2020-02-09T10:14:17","guid":{"rendered":"http:\/\/www.brundisium.net\/?p=167977"},"modified":"2020-02-09T10:15:41","modified_gmt":"2020-02-09T09:15:41","slug":"a-mesagne-tappa-della-marcia-mondiale-per-la-pace-e-la-nonviolenza","status":"publish","type":"post","link":"https:\/\/www.brundisium.net\/index.php\/a-mesagne-tappa-della-marcia-mondiale-per-la-pace-e-la-nonviolenza\/","title":{"rendered":"A Mesagne tappa della \u201cMarcia mondiale per la Pace e la nonviolenza\u201d"},"content":{"rendered":"<p>Una delegazione della seconda \u201cMarcia mondiale per la Pace e la nonviolenza\u201d si \u00e8 fermata a Mesagne, nel Castello comunale. \u201cIl tema della pace, essenza quotidiana del nostro agire, \u00e8 un impegno da promuovere attraverso azioni simboliche e concrete. Confermo la disponibilit\u00e0 della nostra citt\u00e0 ad aderire ad ogni iniziativa utile a mantenere viva l\u2019attenzione su un argomento cos\u00ec trasversale\u201d, ha commentato il sindaco Toni Matarrelli.<\/p>\n<p>&nbsp;<\/p>\n<p>Sono intervenuti Tiziana Volta, membro del Coordinamento mondiale della Marcia; Ada Donno, presidente \u201cAssociazione delle donne\u201d della regione mediterranea e vicepresidente della \u201cFederazione democratica internazionale delle donne\u201d, ed alcuni volontari. Ad accoglierli c\u2019erano Salvatore Musa, consigliere comunale di San Vito dei Normanni, delegato all\u2019Animazione culturale; Silvia Di Dio, presidente della fondazione \u201cLorenzo Caiolo\u201d, e Alma Sammarco, vicepresidente di \u201cPuglia Hortus\u201d. In videoconferenza, si \u00e8 tenuto il collegamento con Shirine Jurdi, responsabile Wilpf Libano della \u201cLega delle donne per la pace\u201d. Per Mesagne, Marco Cal\u00f2, consulente alle Politiche culturali, ha salutato cos\u00ec i presenti: \u201cRingrazio per averci coinvolto in quest\u2019azione di sensibilizzazione su tematiche importanti come il superamento di ogni forma di discriminazione e la creazione delle condizioni per lo sviluppo sostenibile, partendo dall\u2019impegno dagli enti locali. Su questi aspetti sarebbe un grave errore pensare che non sia utile, ai giorni nostri, fermarsi a riflettere ogni volta che \u00e8 possibile\u201d.<\/p>\n<p>&nbsp;<\/p>\n<p>La Marcia \u00e8 partita il 2 ottobre 2019, a dieci anni dalla prima e nel giorno del 150\u00b0 anniversario dalla nascita di Gandhi. La delegazione internazionale ha gi\u00e0 visitato quattro continenti, incontrando singole persone, studenti, istituzioni in vari paesi dell&#8217;Africa, delle Americhe, dell&#8217;Oceania e dell&#8217;Asia. La seconda Marcia mondiale si concluder\u00e0 a Madrid l&#8217;8 marzo. \u201cIn questi cinque mesi di cammino, si sta cercando di diffondere la cultura di pace e della nonviolenza attiva; il disarmo, in particolare quello nucleare, la difesa dell&#8217;ambiente e la valorizzazione delle diversit\u00e0\u201d, ha spiegato Tiziana Volta. Dopo Mesagne, nei prossimi mesi, si svolgeranno altri appuntamenti a Brindisi, San Vito dei Normanni, Ostuni.<\/p>\n<p>&nbsp;<\/p>\n","protected":false},"excerpt":{"rendered":"<p>Una delegazione della seconda \u201cMarcia mondiale per la Pace e la nonviolenza\u201d si \u00e8 fermata a Mesagne, nel Castello comunale. \u201cIl tema della pace, essenza quotidiana del nostro agire, \u00e8 un impegno da promuovere attraverso azioni simboliche e concrete. Confermo la disponibilit\u00e0 della nostra citt\u00e0 ad aderire ad ogni iniziativa utile a mantenere viva l\u2019attenzione su un argomento cos\u00ec trasversale\u201d, ha commentato il sindaco Toni Matarrelli. &nbsp; Sono intervenuti Tiziana Volta, membro del Coordinamento mondiale della Marcia; Ada Donno, presidente \u201cAssociazione delle donne\u201d della regione mediterranea e vicepresidente della \u201cFederazione democratica internazionale delle donne\u201d, ed alcuni volontari. Ad accoglierli c\u2019erano Salvatore Musa, consigliere comunale di San Vito dei Normanni, delegato all\u2019Animazione culturale; Silvia Di Dio, presidente della fondazione \u201cLorenzo Caiolo\u201d, e Alma Sammarco, vicepresidente di \u201cPuglia Hortus\u201d. In videoconferenza, si \u00e8 tenuto il collegamento con Shirine Jurdi, responsabile Wilpf Libano della \u201cLega delle donne per la pace\u201d. Per Mesagne, Marco Cal\u00f2, consulente alle Politiche culturali, ha salutato cos\u00ec i presenti: \u201cRingrazio per averci coinvolto in quest\u2019azione di sensibilizzazione su tematiche&#8230;<\/p>\n","protected":false},"author":2,"featured_media":167978,"comment_status":"open","ping_status":"closed","sticky":false,"template":"","format":"standard","meta":{"footnotes":""},"categories":[7],"tags":[],"class_list":["post-167977","post","type-post","status-publish","format-standard","has-post-thumbnail","hentry","category-news"],"_links":{"self":[{"href":"https:\/\/www.brundisium.net\/index.php\/wp-json\/wp\/v2\/posts\/167977","targetHints":{"allow":["GET"]}}],"collection":[{"href":"https:\/\/www.brundisium.net\/index.php\/wp-json\/wp\/v2\/posts"}],"about":[{"href":"https:\/\/www.brundisium.net\/index.php\/wp-json\/wp\/v2\/types\/post"}],"author":[{"embeddable":true,"href":"https:\/\/www.brundisium.net\/index.php\/wp-json\/wp\/v2\/users\/2"}],"replies":[{"embeddable":true,"href":"https:\/\/www.brundisium.net\/index.php\/wp-json\/wp\/v2\/comments?post=167977"}],"version-history":[{"count":1,"href":"https:\/\/www.brundisium.net\/index.php\/wp-json\/wp\/v2\/posts\/167977\/revisions"}],"predecessor-version":[{"id":167979,"href":"https:\/\/www.brundisium.net\/index.php\/wp-json\/wp\/v2\/posts\/167977\/revisions\/167979"}],"wp:featuredmedia":[{"embeddable":true,"href":"https:\/\/www.brundisium.net\/index.php\/wp-json\/wp\/v2\/media\/167978"}],"wp:attachment":[{"href":"https:\/\/www.brundisium.net\/index.php\/wp-json\/wp\/v2\/media?parent=167977"}],"wp:term":[{"taxonomy":"category","embeddable":true,"href":"https:\/\/www.brundisium.net\/index.php\/wp-json\/wp\/v2\/categories?post=167977"},{"taxonomy":"post_tag","embeddable":true,"href":"https:\/\/www.brundisium.net\/index.php\/wp-json\/wp\/v2\/tags?post=167977"}],"curies":[{"name":"wp","href":"https:\/\/api.w.org\/{rel}","templated":true}]}}