{"id":168086,"date":"2020-02-11T18:13:34","date_gmt":"2020-02-11T17:13:34","guid":{"rendered":"http:\/\/www.brundisium.net\/?p=168086"},"modified":"2020-02-13T18:16:01","modified_gmt":"2020-02-13T17:16:01","slug":"decarbonizzazione-incontro-in-prefettura-tra-enel-e-sindacati","status":"publish","type":"post","link":"https:\/\/www.brundisium.net\/index.php\/decarbonizzazione-incontro-in-prefettura-tra-enel-e-sindacati\/","title":{"rendered":"Decarbonizzazione: incontro in Prefettura tra Enel e Sindacati"},"content":{"rendered":"<p>\tSi \u00e8 svolto nella mattinata odierna, nel salone di rappresentanza della Prefettura, un tavolo di confronto, presieduto dal Prefetto, tra il management di ENEL, e le Organizzazioni Sindacali dei lavoratori, FILCTEM CGIL, FLAEI CISL e UILTEC UIL, per discutere delle prospettive future della centrale termoelettrica ENEL di Brindisi, alla luce del programmato processo di decarbonizzazione, che dovr\u00e0 concludersi entro il 2025.<br \/>\n\tIl progetto di riconversione della centrale prevede la sostituzione con 3 nuove unit\u00e0 a gas delle 4 unit\u00e0 a carbone esistenti.<br \/>\n\tDurante l\u2019incontro, le OO.SS. hanno richiesto all\u2019azienda di garantire una qualificata riconversione del sito energetico di Brindisi, salvaguardando i livelli occupazionali e le professionalit\u00e0 presenti sul territorio. In particolare, i rappresentanti sindacali hanno auspicato che la riconversione non si limiti solamente all\u2019installazione di nuovi gruppi di produzione a ciclo combinato a gas ma venga estesa anche alla realizzazione di nuovi impianti per la produzione di energia da fonti rinnovabili. Inoltre \u00e8 stata espressa preoccupazione per il destino del Laboratorio Chimico-Ambientale.<br \/>\n\tL\u2019azienda, mostrandosi disponibile al confronto ed al dialogo con i lavoratori, ha confermato il programma di decarbonizzazione e la contestuale riconversione della centrale in impianto a gas, a cui si proceder\u00e0 una volta concluso l\u2019iter autorizzatorio in corso. Il progetto, come confermato dai rappresentanti di ENEL presenti all\u2019incontro, sar\u00e0 realizzato con gradualit\u00e0 e con attenzione per i risvolti occupazionali. A tal riguardo, il management aziendale ha ribadito che nessuno degli attuali lavoratori presenti a Brindisi perder\u00e0 il proprio posto di lavoro e che i ricollocamenti si stanno realizzando su base volontaria ed a seguito di un processo di re-skilling.<br \/>\nI sindacati, pur prendendo atto degli impegni assunti dall\u2019azienda, hanno sottolineato la necessit\u00e0 di nuovi investimenti per la centrale \u201cFederico II\u201d, volti ad espanderne il fabbisogno lavorativo, nonch\u00e9 una maggiore centralit\u00e0 dell\u2019insediamento produttivo brindisino nel progetto di sviluppo nazionale di ENEL.<br \/>\nIl Prefetto ha assicurato comunque che il contenuto dell\u2019incontro sar\u00e0 portato all\u2019attenzione della Presidenza del Consiglio dei Ministri e del Ministero dello Sviluppo Economico, nell\u2019ambito delle iniziative di monitoraggio delle prospettive di sviluppo economico del territorio e dei potenziali risvolti occupazionali delle vertenze aziendali in atto.<\/p>\n","protected":false},"excerpt":{"rendered":"<p>Si \u00e8 svolto nella mattinata odierna, nel salone di rappresentanza della Prefettura, un tavolo di confronto, presieduto dal Prefetto, tra il management di ENEL, e le Organizzazioni Sindacali dei lavoratori, FILCTEM CGIL, FLAEI CISL e UILTEC UIL, per discutere delle prospettive future della centrale termoelettrica ENEL di Brindisi, alla luce del programmato processo di decarbonizzazione, che dovr\u00e0 concludersi entro il 2025. Il progetto di riconversione della centrale prevede la sostituzione con 3 nuove unit\u00e0 a gas delle 4 unit\u00e0 a carbone esistenti. Durante l\u2019incontro, le OO.SS. hanno richiesto all\u2019azienda di garantire una qualificata riconversione del sito energetico di Brindisi, salvaguardando i livelli occupazionali e le professionalit\u00e0 presenti sul territorio. In particolare, i rappresentanti sindacali hanno auspicato che la riconversione non si limiti solamente all\u2019installazione di nuovi gruppi di produzione a ciclo combinato a gas ma venga estesa anche alla realizzazione di nuovi impianti per la produzione di energia da fonti rinnovabili. Inoltre \u00e8 stata espressa preoccupazione per il destino del Laboratorio Chimico-Ambientale. L\u2019azienda, mostrandosi disponibile al confronto ed al dialogo&#8230;<\/p>\n","protected":false},"author":2,"featured_media":168087,"comment_status":"open","ping_status":"closed","sticky":false,"template":"","format":"standard","meta":{"footnotes":""},"categories":[7],"tags":[],"class_list":["post-168086","post","type-post","status-publish","format-standard","has-post-thumbnail","hentry","category-news"],"_links":{"self":[{"href":"https:\/\/www.brundisium.net\/index.php\/wp-json\/wp\/v2\/posts\/168086","targetHints":{"allow":["GET"]}}],"collection":[{"href":"https:\/\/www.brundisium.net\/index.php\/wp-json\/wp\/v2\/posts"}],"about":[{"href":"https:\/\/www.brundisium.net\/index.php\/wp-json\/wp\/v2\/types\/post"}],"author":[{"embeddable":true,"href":"https:\/\/www.brundisium.net\/index.php\/wp-json\/wp\/v2\/users\/2"}],"replies":[{"embeddable":true,"href":"https:\/\/www.brundisium.net\/index.php\/wp-json\/wp\/v2\/comments?post=168086"}],"version-history":[{"count":1,"href":"https:\/\/www.brundisium.net\/index.php\/wp-json\/wp\/v2\/posts\/168086\/revisions"}],"predecessor-version":[{"id":168088,"href":"https:\/\/www.brundisium.net\/index.php\/wp-json\/wp\/v2\/posts\/168086\/revisions\/168088"}],"wp:featuredmedia":[{"embeddable":true,"href":"https:\/\/www.brundisium.net\/index.php\/wp-json\/wp\/v2\/media\/168087"}],"wp:attachment":[{"href":"https:\/\/www.brundisium.net\/index.php\/wp-json\/wp\/v2\/media?parent=168086"}],"wp:term":[{"taxonomy":"category","embeddable":true,"href":"https:\/\/www.brundisium.net\/index.php\/wp-json\/wp\/v2\/categories?post=168086"},{"taxonomy":"post_tag","embeddable":true,"href":"https:\/\/www.brundisium.net\/index.php\/wp-json\/wp\/v2\/tags?post=168086"}],"curies":[{"name":"wp","href":"https:\/\/api.w.org\/{rel}","templated":true}]}}