{"id":168126,"date":"2020-02-11T14:17:22","date_gmt":"2020-02-11T13:17:22","guid":{"rendered":"http:\/\/www.brundisium.net\/?p=168126"},"modified":"2020-02-13T19:48:36","modified_gmt":"2020-02-13T18:48:36","slug":"brindisi-ottiene-finanziamento-per-laccesso-a-diversamente-abili-su-spiaggia-pubblica","status":"publish","type":"post","link":"https:\/\/www.brundisium.net\/index.php\/brindisi-ottiene-finanziamento-per-laccesso-a-diversamente-abili-su-spiaggia-pubblica\/","title":{"rendered":"Brindisi ottiene finanziamento per l&#8217;accesso a diversamente abili su spiaggia pubblica"},"content":{"rendered":"<p>Il Comune di Brindisi ha ottenuto un finanziamento regionale nell\u2019ambito delle \u201cNorme a sostegno dell\u2019accessibilit\u00e0 delle aree demaniali destinate alla libera balneazione per le persone diversamente abili\u201d.<\/p>\n<p>Il progetto presentato prevede l\u2019allestimento di attrezzature a favore dell\u2019accessibilit\u00e0 delle persone diversamente abili, in condizioni di sicurezza, nell\u2019area litorale adiacente all\u2019accesso nord del Parco costiero comunale \u201cPunta Penne Punta del Serrone\u201d, inserendosi in un contesto di pregio ambientale, gi\u00e0 valorizzato con adeguate infrastrutture comunali che verranno integrate con pedane e zone d\u2019ombra, sia come camminamenti sia come piattaforma.<\/p>\n<p>Sono state richieste, inoltre, tre sedie job per il loro trasporto oltre alle tre gi\u00e0 ottenute lo scorso anno e messe a disposizione degli stabilimenti balneari.<\/p>\n<p>\u201cLa scorsa estate &#8211; racconta l\u2019assessore con delega alle Politiche Ambientali Roberta Lopalco &#8211; ho ricevuto per mano di Simona Maniscalco, che si \u00e8 fatta portavoce di un gruppo di cittadini, una petizione popolare per rendere accessibile ai diversamente abili, una spiaggia pubblica. Il bando regionale \u00e8 stata l\u2019occasione giusta per accogliere le loro istanze e realizzare un passo in avanti nel rendere accessibile a tutti un\u2019area meravigliosa del nostro litorale\u201d.<\/p>\n<p>Attraverso la petizione, i cittadini avevano chiesto l\u2019istallazione di una passerella nei pressi della spiaggia vicino a Torre Testa. Tuttavia il sito richiesto, oltre ad avere problematiche relative alla sicurezza stradale concomitante con sosta e trasbordo degli utenti, \u00e8 esterno alla linea di demanio marittimo; dunque non poteva essere destinatario di questo finanziamento.<\/p>\n<p>Insieme ai tecnici del settore Ambiente hanno individuato l\u2019area alternativa proprio in prossimit\u00e0 del Parco costiero al fine migliorarne e valorizzarne l\u2019accessibilit\u00e0 da parte di tutti.<\/p>\n<p>\u201cPoter accogliere una richiesta cos\u00ec importante \u00e8 motivo d\u2019orgoglio per questa amministrazione &#8211; continua l\u2019assessore Lopalco &#8211; che ha a cuore il tema della disabilit\u00e0 e sta producendo azioni concrete per rendere la citt\u00e0 accessibile a tutti. Questo \u00e8 un passo realizzato insieme ed \u00e8 solo una delle iniziative della giunta in fase di pianificazione, progettazione e realizzazione volte a migliorare la qualit\u00e0 della vita dei nostri cittadini con problemi di deambulazione\u201d.<\/p>\n<p>11 febbraio 2020<\/p>\n","protected":false},"excerpt":{"rendered":"<p>Il Comune di Brindisi ha ottenuto un finanziamento regionale nell\u2019ambito delle \u201cNorme a sostegno dell\u2019accessibilit\u00e0 delle aree demaniali destinate alla libera balneazione per le persone diversamente abili\u201d. Il progetto presentato prevede l\u2019allestimento di attrezzature a favore dell\u2019accessibilit\u00e0 delle persone diversamente abili, in condizioni di sicurezza, nell\u2019area litorale adiacente all\u2019accesso nord del Parco costiero comunale \u201cPunta Penne Punta del Serrone\u201d, inserendosi in un contesto di pregio ambientale, gi\u00e0 valorizzato con adeguate infrastrutture comunali che verranno integrate con pedane e zone d\u2019ombra, sia come camminamenti sia come piattaforma. Sono state richieste, inoltre, tre sedie job per il loro trasporto oltre alle tre gi\u00e0 ottenute lo scorso anno e messe a disposizione degli stabilimenti balneari. \u201cLa scorsa estate &#8211; racconta l\u2019assessore con delega alle Politiche Ambientali Roberta Lopalco &#8211; ho ricevuto per mano di Simona Maniscalco, che si \u00e8 fatta portavoce di un gruppo di cittadini, una petizione popolare per rendere accessibile ai diversamente abili, una spiaggia pubblica. Il bando regionale \u00e8 stata l\u2019occasione giusta per accogliere le loro istanze e realizzare un&#8230;<\/p>\n","protected":false},"author":2,"featured_media":168132,"comment_status":"open","ping_status":"closed","sticky":false,"template":"","format":"standard","meta":{"footnotes":""},"categories":[7],"tags":[],"class_list":["post-168126","post","type-post","status-publish","format-standard","has-post-thumbnail","hentry","category-news"],"_links":{"self":[{"href":"https:\/\/www.brundisium.net\/index.php\/wp-json\/wp\/v2\/posts\/168126","targetHints":{"allow":["GET"]}}],"collection":[{"href":"https:\/\/www.brundisium.net\/index.php\/wp-json\/wp\/v2\/posts"}],"about":[{"href":"https:\/\/www.brundisium.net\/index.php\/wp-json\/wp\/v2\/types\/post"}],"author":[{"embeddable":true,"href":"https:\/\/www.brundisium.net\/index.php\/wp-json\/wp\/v2\/users\/2"}],"replies":[{"embeddable":true,"href":"https:\/\/www.brundisium.net\/index.php\/wp-json\/wp\/v2\/comments?post=168126"}],"version-history":[{"count":1,"href":"https:\/\/www.brundisium.net\/index.php\/wp-json\/wp\/v2\/posts\/168126\/revisions"}],"predecessor-version":[{"id":168133,"href":"https:\/\/www.brundisium.net\/index.php\/wp-json\/wp\/v2\/posts\/168126\/revisions\/168133"}],"wp:featuredmedia":[{"embeddable":true,"href":"https:\/\/www.brundisium.net\/index.php\/wp-json\/wp\/v2\/media\/168132"}],"wp:attachment":[{"href":"https:\/\/www.brundisium.net\/index.php\/wp-json\/wp\/v2\/media?parent=168126"}],"wp:term":[{"taxonomy":"category","embeddable":true,"href":"https:\/\/www.brundisium.net\/index.php\/wp-json\/wp\/v2\/categories?post=168126"},{"taxonomy":"post_tag","embeddable":true,"href":"https:\/\/www.brundisium.net\/index.php\/wp-json\/wp\/v2\/tags?post=168126"}],"curies":[{"name":"wp","href":"https:\/\/api.w.org\/{rel}","templated":true}]}}