{"id":168312,"date":"2020-02-16T13:11:22","date_gmt":"2020-02-16T12:11:22","guid":{"rendered":"http:\/\/www.brundisium.net\/?p=168312"},"modified":"2020-02-17T19:17:03","modified_gmt":"2020-02-17T18:17:03","slug":"pallamano-brixen-junior-fasano-40-26","status":"publish","type":"post","link":"https:\/\/www.brundisium.net\/index.php\/pallamano-brixen-junior-fasano-40-26\/","title":{"rendered":"Pallamano: Brixen-Junior Fasano 40-26."},"content":{"rendered":"<p>Terza sconfitta consecutiva per la Junior Fasano, superata ieri con un perentorio 40-26 al termine di una gara che ha visto la compagine biancazzurra in partita solo nel primo terzo della sfida. Dopo un avvio equilibrato infatti, con Flavio Messina e compagni sempre a contatto nel punteggio con i padroni di casa, gli ultimi 10\u2019 della prima frazione facevano registrare un parziale di 8-1 a favore dei locali, che rientravano negli spogliatoi all\u2019intervallo avanti sul 20-11. Subito il colpo, la formazione fasanese non riusciva a reagire nella ripresa e di fatto non rientrava mai in partita, con il team brissinese che allungava ulteriormente e chiudeva la contesa sul 40-26 a proprio favore. I ragazzi allenati da Francesco Ancona sono ora chiamati alla pronta reazione, attesa gi\u00e0 nella Final8 di Coppa Italia in programma al PalaEstra di Siena nel prossimo week-end. La Junior Fasano esordir\u00e0 venerd\u00ec nei quarti di finale alle 16.30 contro il Pressano, a sua volta reduce dalla batosta interna contro il Bozen, mentre in campionato il prossimo match \u00e8 in calendario per il 29\/02, quando nella palestra Zizzi giunger\u00e0 il Siena e sar\u00e0 importante tornare a muovere la classifica per allontanarsi quanto prima dalla zona retrocessione.<\/p>\n<p>&nbsp;<\/p>\n<p>Brixen-Junior Fasano: 40-26 (20-11 p.t.)<br \/>\nBrixen: Basic 3, Brugger 3, Cutura 3, Di Giulio 3, Dorfmann 2, Hirber 1, Lazarevic 9, Mitterutzner 4, Muhlogger 1, Pfattner, Pivetta 2, Ploner, Salcher 2, Schatzer 3, Wieland 4, Wierer. All.: Rudolf Neuner.<br \/>\nJunior Fasano: Angeloni, Angiolini 6, Bargelli 2, Beharevic, Colella 1, Knezevic 4, Messina 3, Notarangelo, Palmisano, Pavani, Pignatelli 6, Pugliese 4. All.: Francesco Ancona.<br \/>\nArbitri: Zancanella-Testa.<\/p>\n<p>&nbsp;<\/p>\n<p>Risultati 3^ giornata di ritorno:<\/p>\n<p>Cassano Magnago-Conversano 29-24, Siena-Gaeta 31-20, Trieste-Fondi 29-23, Brixen-Junior Fasano 40-26, Merano-Cologne 26-23, Eppan-Sassari 24-26, Pressano-Bozen 19-33.<\/p>\n<p>&nbsp;<\/p>\n<p>Classifica:<\/p>\n<p>Conversano 30, Bozen 28, Cassano Magnago 27, Siena 26, Sassari 25, Brixen 24, Pressano 17, Merano 16, Junior Fasano 13, Fondi 11, Gaeta, Eppan e Trieste 10, Cologne 5.<\/p>\n<p>&nbsp;<\/p>\n<p>Prossimo turno (29\/02):<\/p>\n<p>Fondi-Brixen, Sassari-Trieste, Junior Fasano-Siena, Merano-Eppan, Conversano-Pressano, Gaeta-Bozen, Cologne-Cassano Magnago.<\/p>\n<p>&nbsp;<\/p>\n<p>Coppa Italia (PalaEstra \u2013 Siena)<br \/>\nQuarti di finale (21.02): 14.30 Conversano-Cassano Magnago (A), 16.30 Pressano-Junior Fasano (B), 18.30 Bozen-Brixen (D), 20.30 Siena-Trieste (C).<br \/>\nSemifinali (22.02): 18.30 A-D, 20.30 B-C.<br \/>\nFinali (23.02): 14.30 3\u00b0posto, 18.30 1\u00b0 posto.<\/p>\n<p>&nbsp;<\/p>\n<p>UFFICIO STAMPA JUNIOR FASANO<\/p>\n","protected":false},"excerpt":{"rendered":"<p>Terza sconfitta consecutiva per la Junior Fasano, superata ieri con un perentorio 40-26 al termine di una gara che ha visto la compagine biancazzurra in partita solo nel primo terzo della sfida. Dopo un avvio equilibrato infatti, con Flavio Messina e compagni sempre a contatto nel punteggio con i padroni di casa, gli ultimi 10\u2019 della prima frazione facevano registrare un parziale di 8-1 a favore dei locali, che rientravano negli spogliatoi all\u2019intervallo avanti sul 20-11. Subito il colpo, la formazione fasanese non riusciva a reagire nella ripresa e di fatto non rientrava mai in partita, con il team brissinese che allungava ulteriormente e chiudeva la contesa sul 40-26 a proprio favore. I ragazzi allenati da Francesco Ancona sono ora chiamati alla pronta reazione, attesa gi\u00e0 nella Final8 di Coppa Italia in programma al PalaEstra di Siena nel prossimo week-end. La Junior Fasano esordir\u00e0 venerd\u00ec nei quarti di finale alle 16.30 contro il Pressano, a sua volta reduce dalla batosta interna contro il Bozen, mentre in campionato il prossimo match&#8230;<\/p>\n","protected":false},"author":2,"featured_media":160376,"comment_status":"open","ping_status":"closed","sticky":false,"template":"","format":"standard","meta":{"footnotes":""},"categories":[263],"tags":[],"class_list":["post-168312","post","type-post","status-publish","format-standard","has-post-thumbnail","hentry","category-pallamano"],"_links":{"self":[{"href":"https:\/\/www.brundisium.net\/index.php\/wp-json\/wp\/v2\/posts\/168312","targetHints":{"allow":["GET"]}}],"collection":[{"href":"https:\/\/www.brundisium.net\/index.php\/wp-json\/wp\/v2\/posts"}],"about":[{"href":"https:\/\/www.brundisium.net\/index.php\/wp-json\/wp\/v2\/types\/post"}],"author":[{"embeddable":true,"href":"https:\/\/www.brundisium.net\/index.php\/wp-json\/wp\/v2\/users\/2"}],"replies":[{"embeddable":true,"href":"https:\/\/www.brundisium.net\/index.php\/wp-json\/wp\/v2\/comments?post=168312"}],"version-history":[{"count":1,"href":"https:\/\/www.brundisium.net\/index.php\/wp-json\/wp\/v2\/posts\/168312\/revisions"}],"predecessor-version":[{"id":168315,"href":"https:\/\/www.brundisium.net\/index.php\/wp-json\/wp\/v2\/posts\/168312\/revisions\/168315"}],"wp:featuredmedia":[{"embeddable":true,"href":"https:\/\/www.brundisium.net\/index.php\/wp-json\/wp\/v2\/media\/160376"}],"wp:attachment":[{"href":"https:\/\/www.brundisium.net\/index.php\/wp-json\/wp\/v2\/media?parent=168312"}],"wp:term":[{"taxonomy":"category","embeddable":true,"href":"https:\/\/www.brundisium.net\/index.php\/wp-json\/wp\/v2\/categories?post=168312"},{"taxonomy":"post_tag","embeddable":true,"href":"https:\/\/www.brundisium.net\/index.php\/wp-json\/wp\/v2\/tags?post=168312"}],"curies":[{"name":"wp","href":"https:\/\/api.w.org\/{rel}","templated":true}]}}