{"id":168414,"date":"2020-02-19T12:10:52","date_gmt":"2020-02-19T11:10:52","guid":{"rendered":"http:\/\/www.brundisium.net\/?p=168414"},"modified":"2020-02-19T12:10:52","modified_gmt":"2020-02-19T11:10:52","slug":"chiara-civello-in-concerto-a-mesagne","status":"publish","type":"post","link":"https:\/\/www.brundisium.net\/index.php\/chiara-civello-in-concerto-a-mesagne\/","title":{"rendered":"Chiara Civello in concerto a Mesagne"},"content":{"rendered":"<p>CHIARA CIVELLO IN CONCERTO A MESAGNE<br \/>\nL&#8217;Associazione RiCreAzione e Libreria Spazio d&#8217;Autore di Mesagne, organizzano il concerto di CHIARA CIVELLO, venerd\u00ec 27 marzo 2020.<br \/>\nPer la prima volta a Mesagne, la cantautrice e musicista polistrumentista si esibir\u00e0 nella splendida cornice del Teatro Comunale e porter\u00e0 sul palco il suo &#8220;Eclipse Tour&#8221;.<br \/>\nIl quotidiano \u00abLa Repubblica\u00bb l\u2019ha recentemente definita \u00abla mosca bianca\u00bb: perfino nel suo paese d\u2019origine, dove in tredici anni di carriera sono usciti sei album di successo, Chiara Civello rimane un\u2019outsider. N\u00e9 pop, n\u00e9 jazz, lontanissima dalle classificazioni asettiche della musica leggera e avidamente aperta sul mondo, questa italiana spumeggiante potrebbe essere la figlia segreta di Ennio Morricone, di Michel Legrand e di Astrud Gilberto. Per Tony Bennett, Chiara Civello \u00e8 &#8220;la migliore cantante jazz della sua generazione&#8221;.<br \/>\nLa sua voce soave, la sua latinit\u00e0 particolare e il suo percorso fuori dal coro hanno sedotto Marc Collin, l\u2019inventore del gruppo Nouvelle Vague, che ha visto in lei la figura portante della nouvelle vague italiana. L\u2019ha perci\u00f2 inserita in Kwaidan, la sua etichetta di pop alternativo, e ha prodotto il disco Eclipse, offrendole in questo modo quel french touch che ancora mancava al suo pregevole percorso.<br \/>\nPerch\u00e9 se \u00e8 vero che Chiara Civello arriva in territorio vergine in Francia, \u00e8 anche vero che ha gi\u00e0 vissuto mille vite. Vanta perfino una serie di collaborazioni di prestigio dall\u2019altra parte dell\u2019Atlantico, da Burt Bacharach a Esperanza Spalding o Al Jarreau, da Chico Buarque a Gilberto Gil. Accompagner\u00e0 inf>atti quest\u2019ultimo in scena per tutta l\u2019estate nella sua tourn\u00e9e europea&#8230; <\/p>\n<p>Iperattiva, Chiara Civello \u00e8 un\u2019insaziabile raccoglitrice di suoni, sempre in partenza, e niente le piace di pi\u00f9 che addormentarsi la sera pensando a tutto quello che le resta ancora da scoprire. \u00c8 proprio lei a citare la sindrome di Wanderlust, quel virus del viaggio che l\u2019ha spinta ad attraversare l\u2019oceano all\u2019et\u00e0 di 18 anni, dopo aver vinto una borsa di studio al Berklee College of Music di Boston.  Da allora, ha costruito una carriera tra tre continenti, con un piede in Italia, uno negli Stati Uniti e il cuore in Brasile.<br \/>\nA Mesagne la vedremo in scena da sola, con una selezione di brani eseguiti con chitarra e pianoforte.<br \/>\nPer maggiori informazioni e prevendite : 338 90 44 095  oppure  ricreazioneassociazione@gmail.com<br \/>\nBiglietti in vendita anche su eventbrite.it<\/p>\n","protected":false},"excerpt":{"rendered":"<p>CHIARA CIVELLO IN CONCERTO A MESAGNE L&#8217;Associazione RiCreAzione e Libreria Spazio d&#8217;Autore di Mesagne, organizzano il concerto di CHIARA CIVELLO, venerd\u00ec 27 marzo 2020. Per la prima volta a Mesagne, la cantautrice e musicista polistrumentista si esibir\u00e0 nella splendida cornice del Teatro Comunale e porter\u00e0 sul palco il suo &#8220;Eclipse Tour&#8221;. Il quotidiano \u00abLa Repubblica\u00bb l\u2019ha recentemente definita \u00abla mosca bianca\u00bb: perfino nel suo paese d\u2019origine, dove in tredici anni di carriera sono usciti sei album di successo, Chiara Civello rimane un\u2019outsider. N\u00e9 pop, n\u00e9 jazz, lontanissima dalle classificazioni asettiche della musica leggera e avidamente aperta sul mondo, questa italiana spumeggiante potrebbe essere la figlia segreta di Ennio Morricone, di Michel Legrand e di Astrud Gilberto. Per Tony Bennett, Chiara Civello \u00e8 &#8220;la migliore cantante jazz della sua generazione&#8221;. La sua voce soave, la sua latinit\u00e0 particolare e il suo percorso fuori dal coro hanno sedotto Marc Collin, l\u2019inventore del gruppo Nouvelle Vague, che ha visto in lei la figura portante della nouvelle vague italiana. L\u2019ha perci\u00f2 inserita in Kwaidan,&#8230;<\/p>\n","protected":false},"author":2,"featured_media":168418,"comment_status":"open","ping_status":"closed","sticky":false,"template":"","format":"standard","meta":{"footnotes":""},"categories":[7],"tags":[],"class_list":["post-168414","post","type-post","status-publish","format-standard","has-post-thumbnail","hentry","category-news"],"_links":{"self":[{"href":"https:\/\/www.brundisium.net\/index.php\/wp-json\/wp\/v2\/posts\/168414","targetHints":{"allow":["GET"]}}],"collection":[{"href":"https:\/\/www.brundisium.net\/index.php\/wp-json\/wp\/v2\/posts"}],"about":[{"href":"https:\/\/www.brundisium.net\/index.php\/wp-json\/wp\/v2\/types\/post"}],"author":[{"embeddable":true,"href":"https:\/\/www.brundisium.net\/index.php\/wp-json\/wp\/v2\/users\/2"}],"replies":[{"embeddable":true,"href":"https:\/\/www.brundisium.net\/index.php\/wp-json\/wp\/v2\/comments?post=168414"}],"version-history":[{"count":1,"href":"https:\/\/www.brundisium.net\/index.php\/wp-json\/wp\/v2\/posts\/168414\/revisions"}],"predecessor-version":[{"id":168421,"href":"https:\/\/www.brundisium.net\/index.php\/wp-json\/wp\/v2\/posts\/168414\/revisions\/168421"}],"wp:featuredmedia":[{"embeddable":true,"href":"https:\/\/www.brundisium.net\/index.php\/wp-json\/wp\/v2\/media\/168418"}],"wp:attachment":[{"href":"https:\/\/www.brundisium.net\/index.php\/wp-json\/wp\/v2\/media?parent=168414"}],"wp:term":[{"taxonomy":"category","embeddable":true,"href":"https:\/\/www.brundisium.net\/index.php\/wp-json\/wp\/v2\/categories?post=168414"},{"taxonomy":"post_tag","embeddable":true,"href":"https:\/\/www.brundisium.net\/index.php\/wp-json\/wp\/v2\/tags?post=168414"}],"curies":[{"name":"wp","href":"https:\/\/api.w.org\/{rel}","templated":true}]}}