{"id":168442,"date":"2020-02-20T09:25:44","date_gmt":"2020-02-20T08:25:44","guid":{"rendered":"http:\/\/www.brundisium.net\/?p=168442"},"modified":"2020-02-20T08:56:50","modified_gmt":"2020-02-20T07:56:50","slug":"disporre-della-vita-eutanasia-profili-etici-e-giuridici-se-ne-parla-domani-a-san-vito","status":"publish","type":"post","link":"https:\/\/www.brundisium.net\/index.php\/disporre-della-vita-eutanasia-profili-etici-e-giuridici-se-ne-parla-domani-a-san-vito\/","title":{"rendered":"Disporre della vita\u2026 Eutanasia profili etici e giuridici: se ne parla domani a San Vito"},"content":{"rendered":"<p>\nVenerd\u00ec 21 febbraio p.v. alle ore 19,00, si svolger\u00e0 presso la Chiesa di S. Giovanni in S. Vito dei Normanni il convegno \u201cDisporre della vita\u2026 Eutanasia profili etici e giuridici\u201d in occasione della giornata diocesana della Vita.<br \/>\nInfatti, anche quest\u2019anno l\u2019Ufficio di Pastorale Sociale diocesano ha voluto sottolineare l\u2019importanza dell\u2019evento organizzando un momento di riflessione sull\u2019importanza e la centralit\u00e0 della dignit\u00e0 della persona, anche sofferente, che va sempre tutelata.<br \/>\nRelatori saranno la dott.ssa Assuntina MORRESI docente presso l\u2019Universit\u00e0 di Perugia e Componente del comitato Nazionale di Bioetica ed il dott. Alfredo MANTOVANO, magistrato presso la Corte di Cassazione e vicepresidente del Centro Studi Livatino. Introdurr\u00e0 il convengo il sig. Enzo NIGRO, Presidente dell\u2019Unitalsi e componente dell\u2019Ufficio di Pastorale Sociale. Concluder\u00e0 l\u2019appuntamento S.E. Mons. Domenico CALIANDRO, Arcivescovo di Brindisi\/Ostuni.<br \/>\nL\u2019evento prender\u00e0 le mosse dal messaggio di Papa Francesco per la 42\u00aa Giornata Nazionale per la Vita che sottolinea l\u2019importanza di respingere la cultura dello scarto che affigge ogni aspetto della nostra societ\u00e0. Afferma il Santo Padre che \u201cpossiamo solo diventare consapevoli di essere in vita una volta che gi\u00e0 l\u2019abbiamo ricevuta, prima di ogni nostra intenzione e decisione. Vivere significa necessariamente essere figli, accolti e curati, anche se talvolta in modo inadeguato (\u2026) Non tutti fanno l\u2019esperienza di essere accolti da coloro che li hanno generati: numerose sono le forme di aborto, di abbandono, di maltrattamento e di abuso\u201d.<br \/>\nLa riflessione di quest\u2019anno riguarder\u00e0 l\u2019eutanasia, ultima frontiera dell\u2019attacco alla vita sofferente e vera espressione della cultura dello scarto, poich\u00e9 sempre pi\u00f9 spesso nei consessi giuridici e legislativi viene rappresentata nella falsa veste di diritto individuale. In realt\u00e0, come afferma il Papa, la decisione di sopprimere una vita anche allo stadio terminale, perch\u00e9 ritenuta indegna di essere vissuta, \u201c\u00e8 una \u201cstrada sbrigativa di fronte a scelte che non sono, come potrebbero sembrare, espressione di libert\u00e0 della persona, quando includono lo scarto del malato come possibilit\u00e0, o falsa compassione di fronte alla richiesta di essere aiutati ad anticipare la morte&#8221;.<br \/>\nARCIDIOCESI DI BRINDISI-OSTUNI<br \/>\nUffici per la Pastorale sociale <\/p>\n","protected":false},"excerpt":{"rendered":"<p>Venerd\u00ec 21 febbraio p.v. alle ore 19,00, si svolger\u00e0 presso la Chiesa di S. Giovanni in S. Vito dei Normanni il convegno \u201cDisporre della vita\u2026 Eutanasia profili etici e giuridici\u201d in occasione della giornata diocesana della Vita. Infatti, anche quest\u2019anno l\u2019Ufficio di Pastorale Sociale diocesano ha voluto sottolineare l\u2019importanza dell\u2019evento organizzando un momento di riflessione sull\u2019importanza e la centralit\u00e0 della dignit\u00e0 della persona, anche sofferente, che va sempre tutelata. Relatori saranno la dott.ssa Assuntina MORRESI docente presso l\u2019Universit\u00e0 di Perugia e Componente del comitato Nazionale di Bioetica ed il dott. Alfredo MANTOVANO, magistrato presso la Corte di Cassazione e vicepresidente del Centro Studi Livatino. Introdurr\u00e0 il convengo il sig. Enzo NIGRO, Presidente dell\u2019Unitalsi e componente dell\u2019Ufficio di Pastorale Sociale. Concluder\u00e0 l\u2019appuntamento S.E. Mons. Domenico CALIANDRO, Arcivescovo di Brindisi\/Ostuni. L\u2019evento prender\u00e0 le mosse dal messaggio di Papa Francesco per la 42\u00aa Giornata Nazionale per la Vita che sottolinea l\u2019importanza di respingere la cultura dello scarto che affigge ogni aspetto della nostra societ\u00e0. Afferma il Santo Padre che \u201cpossiamo solo diventare consapevoli&#8230;<\/p>\n","protected":false},"author":2,"featured_media":67659,"comment_status":"open","ping_status":"closed","sticky":false,"template":"","format":"standard","meta":{"footnotes":""},"categories":[7],"tags":[],"class_list":["post-168442","post","type-post","status-publish","format-standard","has-post-thumbnail","hentry","category-news"],"_links":{"self":[{"href":"https:\/\/www.brundisium.net\/index.php\/wp-json\/wp\/v2\/posts\/168442","targetHints":{"allow":["GET"]}}],"collection":[{"href":"https:\/\/www.brundisium.net\/index.php\/wp-json\/wp\/v2\/posts"}],"about":[{"href":"https:\/\/www.brundisium.net\/index.php\/wp-json\/wp\/v2\/types\/post"}],"author":[{"embeddable":true,"href":"https:\/\/www.brundisium.net\/index.php\/wp-json\/wp\/v2\/users\/2"}],"replies":[{"embeddable":true,"href":"https:\/\/www.brundisium.net\/index.php\/wp-json\/wp\/v2\/comments?post=168442"}],"version-history":[{"count":1,"href":"https:\/\/www.brundisium.net\/index.php\/wp-json\/wp\/v2\/posts\/168442\/revisions"}],"predecessor-version":[{"id":168470,"href":"https:\/\/www.brundisium.net\/index.php\/wp-json\/wp\/v2\/posts\/168442\/revisions\/168470"}],"wp:featuredmedia":[{"embeddable":true,"href":"https:\/\/www.brundisium.net\/index.php\/wp-json\/wp\/v2\/media\/67659"}],"wp:attachment":[{"href":"https:\/\/www.brundisium.net\/index.php\/wp-json\/wp\/v2\/media?parent=168442"}],"wp:term":[{"taxonomy":"category","embeddable":true,"href":"https:\/\/www.brundisium.net\/index.php\/wp-json\/wp\/v2\/categories?post=168442"},{"taxonomy":"post_tag","embeddable":true,"href":"https:\/\/www.brundisium.net\/index.php\/wp-json\/wp\/v2\/tags?post=168442"}],"curies":[{"name":"wp","href":"https:\/\/api.w.org\/{rel}","templated":true}]}}