{"id":168443,"date":"2020-02-19T22:33:22","date_gmt":"2020-02-19T21:33:22","guid":{"rendered":"http:\/\/www.brundisium.net\/?p=168443"},"modified":"2020-02-26T18:04:44","modified_gmt":"2020-02-26T17:04:44","slug":"emio-greco-a-brindisi-per-il-corso-ecipa-per-danzatore-coreografo","status":"publish","type":"post","link":"https:\/\/www.brundisium.net\/index.php\/emio-greco-a-brindisi-per-il-corso-ecipa-per-danzatore-coreografo\/","title":{"rendered":"Emio Greco a Brindisi per il corso Ecipa per &#8220;Danzatore Coreografo&#8221;"},"content":{"rendered":"<p>Ecipa, ente di formazione emanazione della CNA di Brindisi e accreditato presso la Regione Puglia, si \u00e8 aggiudicato per l\u2019anno formativo 2019\/2020 il finanziamento per la formazione di 18 danzatori mediante un corso di Qualifica della durata di 900 ore tra teoria della danza e stage presso scuole e accademie convenzionate.<\/p>\n<p>&nbsp;<\/p>\n<p>Il corso \u00e8 completamente gratuito per i partecipanti che otterranno la Qualifica di DANZATORE COREOGRAFO. Le attivit\u00e0 sono cofinanziate dalla Regione Puglia e dal Fondo Sociale con Avviso pubblico per progetti di formazione finalizzati all\u2019acquisizione di qualifiche professionali regionali nei settori prioritari.<\/p>\n<p>&nbsp;<\/p>\n<p>Tra i partner del progetto DANZAMARE un brindisino d\u2019eccellenza che ritorna nella sua casa per portare qualit\u00e0 ed energia ai danzatori di Ecipa: Emio Greco.<\/p>\n<p>&nbsp;<\/p>\n<p>I laboratori di approfondimento messi a disposizione del gruppo allievi da Ecipa grazie a collaborazioni esterne di rilievo permettono appunto di realizzare eventi come la MASTER CLASS svoltasi il 18 e il 19 febbraio presso la meravigliosa location del palco del TEATRO VERDI di Brindisi assieme al maestro Greco. Un ritrovo di anima e corpo e un laboratorio di arricchimento coreografico che ha tenuto gli allievi in movimento e concatenati da una coinvolgente energia.<\/p>\n<p>&nbsp;<\/p>\n<p>La master class ha dato valore alla fusione anima e corpo attraverso un lavoro di lungo e introspettivo riscaldamento muscolare, per concludersi con la realizzazione di una coreografica di danza contemporanea realizzata ad hoc per la classe con l\u2019intento di incanalare nell\u2019immagine corporea di un fiore l\u2019energia sperimentata nei due intensi giorni di lavoro.<\/p>\n<p>&nbsp;<\/p>\n<p>Un\u2019occasione praticamente unica per gli allievi danzatori che si sono ritrovati immersi nel mondo della ICK di Emio Greco e Pieter Scholten.<\/p>\n<p>&nbsp;<\/p>\n<p>Lo stesso greco ha ribadito l\u2019importanza di lavorare nella sua citt\u00e0 con ragazzi pugliesi, quasi a ricreare un legame con le sue origini e spera vivamente che le competenze acquisite dai giovani talenti siano realmente fruibili per il territorio locale in termini di opportunit\u00e0, innovazione e cultura. Non a caso spiega che la scelta di tenere la master class presso il Teatro Verdi risponde pienamente al desiderio di portare un valore aggiunto ai nostri giovani.<\/p>\n<p>&nbsp;<\/p>\n<p>La novit\u00e0 quindi che finalmente la Regione Puglia e l\u2019Unione Europea guardano a nuovi settori del mercato del lavoro e all\u2019ambito Cultura e Spettacolo come un mondo ricco di professionalit\u00e0 e di professionisti che necessitano di un riconoscimento e di una certificazione delle competenze utili per lavorare con la danza e per la danza mediante finanziamenti pubblici.<\/p>\n<p>&nbsp;<\/p>\n<p>Con Determina Dirigenziale n. 638 del 06\/06\/2019 pubblicata sul Bollettino regionale n. 65 del 13\/06\/2019, infatti la Regione Puglia approva ed autorizza ad ECIPA l\u2019avvio del corso in oggetto: 900 ore di formazione altamente professionalizzanti per la figura professionale di \u201cTecnico dell\u2019esecuzione, interpretazione e ideazione di coreografie in spettacoli di danza e balletti classici e contemporanei\u201c, ovvero DANZATORE COREOGRAFO, figura repertoriata tra le Qualifiche riconosciute dalla Regione Puglia n. 447 e validata in tutto il territorio nazionale.<\/p>\n<p>&nbsp;<\/p>\n<p>Le 900 ore di formazione, da svolgersi nella durata massima di un anno, saranno suddivise in:<br \/>\n\u2022 450 di teoria e sperimentazioni laboratoriali presso la sede formativa di Ecipa;<br \/>\n\u2022 360 ore di stage presso scuole di danza e Netwoork Danza del territorio pugliese;<br \/>\n\u2022 90 ore di stage presso la scuola ARTEDANZA Catanzaro.<\/p>\n<p>&nbsp;<\/p>\n<p>Ecipa offre inoltre per i 18 allievi 100 ore di laboratori di approfondimento in varie aree disciplinari con artisti dal grande calibro, anche internazionale, tra cui appunto il coreografo brindisino EMIO GRECO.<br \/>\nL\u2019artista, nato a Brindisi nel 1965, muove i primi passi di danza nella citt\u00e0 pugliese, per poi decidere di trasferirsi a Cannes per frequentare il Centro di danza internazionale di Rossella Hightower. Preso il diploma, lavora per quattro anni nel Ballet Antibes di Patrick Tridon. Nel 1987 si trasferisce a Parigi e nel 1992 entra nella compagnia del coreografo Jan Fabre; dal 1996 al 1998 ha poi collaborato a varie produzioni con la coreografa giapponese Saburo Teshigawara. Il punto di svolta nella sua carriera arriva con l\u2019incontro con Pieter C. Scholten nel 1995, con cui fonder\u00e0 ad Amsterdam, nel 1996, l\u2019ICK, Compagnia di danza PC per la quale, oltre a creare coreografie, hanno avviato programmi di ricerca, dibattiti e progetti educativi. Greco e Scholten avvertirono la necessit\u00e0 di sviluppare un nuovo vocabolario di danza in cui ci fosse spazio per la vulnerabilit\u00e0 e gli impulsi fisici del corpo; cos\u00ec, per entrambi i coreografi, la ricerca di una nuova drammaturgia della danza del corpo \u00e8 diventata una fonte importante per le loro produzioni di danza. Inoltre, dal 2014 al 2018, Emio Greco e Pieter C. Scholten sono stati anche direttori del Ballet National de Marseille (BNM).<\/p>\n<p>\u00c8 importante sottolineare la scelta della collaborazione con Emio Greco che riguarda sia il prestigio e la professionalit\u00e0 raggiunti dall\u2019artista, sia le sue origini brindisine. Lo stesso Greco ha raccontato il suo Sud con lo spettacolo \u201cRocco\u201d, cogliendo l\u2019occasione per parlare della sua terra e del tema delle migrazioni, sulle orme del film di Visconti, \u201cRocco e i suoi fratelli\u201d a cui lo spettacolo \u00e8 ispirato; ha inoltre presentato l\u2019Italia, oltre che come terra di origine e di ispirazione, anche come luogo di ritorno.<\/p>\n<p>&nbsp;<\/p>\n<p>Al termine dell\u2019intero percorso di formazione DANZAMARE i 18 allievi fortunati selezionati da Ecipa mediante Bando pubblico saranno preparati per sostenere un ESAME DI QUALIFICA dinanzi ad una Commissione appositamente composta.<br \/>\nObiettivo del corso \u00e8 il riconoscimento professionale di abilit\u00e0, arte e qualit\u00e0 che non sempre lasciano coniugare una professione ad una passione.<br \/>\nEcipa cercher\u00e0 di creare opportunit\u00e0 ed occasioni per gli allievi pi\u00f9 talentuosi grazie ai numerosi partner, docenti professionisti ed esperti del settore danza coinvolti nelle attivit\u00e0, alcuni provenienti anche dall\u2019estero.<\/p>\n<p>&nbsp;<\/p>\n<p>Punto di forza del progetto \u00e8 certamente il valore che ECIPA ha voluto offrire alla rete di partenariato realizzando un vero e proprio circuito di valore nel mondo della danza, non solo a livello brindisino, al fine di offrire agli allievi grandi opportunit\u00e0 di crescita professionale.<\/p>\n<p>&nbsp;<\/p>\n<p>SI ringraziano nell\u2019occasione tutti i docenti del corso, le scuole di danza partner, la fondazione Nuovo Teatro Verdi.<\/p>\n<p>&nbsp;<\/p>\n\n\t\t<style type=\"text\/css\">\n\t\t\t#gallery-1 {\n\t\t\t\tmargin: auto;\n\t\t\t}\n\t\t\t#gallery-1 .gallery-item {\n\t\t\t\tfloat: left;\n\t\t\t\tmargin-top: 10px;\n\t\t\t\ttext-align: center;\n\t\t\t\twidth: 25%;\n\t\t\t}\n\t\t\t#gallery-1 img {\n\t\t\t\tborder: 2px solid #cfcfcf;\n\t\t\t}\n\t\t\t#gallery-1 .gallery-caption {\n\t\t\t\tmargin-left: 0;\n\t\t\t}\n\t\t\t\/* see gallery_shortcode() in wp-includes\/media.php *\/\n\t\t<\/style>\n\t\t<div id='gallery-1' class='gallery galleryid-168443 gallery-columns-4 gallery-size-thumbnail'><dl class='gallery-item'>\n\t\t\t<dt class='gallery-icon landscape'>\n\t\t\t\t<a href='https:\/\/www.brundisium.net\/index.php\/emio-greco-a-brindisi-per-il-corso-ecipa-per-danzatore-coreografo\/emio-greco-ecipa-danzamare-9\/'><img loading=\"lazy\" decoding=\"async\" width=\"150\" height=\"150\" src=\"https:\/\/www.brundisium.net\/brun\/wp-content\/uploads\/2020\/02\/EMIO-GRECO-ecipa-danzamare-9-150x150.jpg\" class=\"attachment-thumbnail size-thumbnail\" alt=\"\" srcset=\"https:\/\/www.brundisium.net\/brun\/wp-content\/uploads\/2020\/02\/EMIO-GRECO-ecipa-danzamare-9-150x150.jpg 150w, https:\/\/www.brundisium.net\/brun\/wp-content\/uploads\/2020\/02\/EMIO-GRECO-ecipa-danzamare-9-600x600.jpg 600w, https:\/\/www.brundisium.net\/brun\/wp-content\/uploads\/2020\/02\/EMIO-GRECO-ecipa-danzamare-9-1500x1500.jpg 1500w, https:\/\/www.brundisium.net\/brun\/wp-content\/uploads\/2020\/02\/EMIO-GRECO-ecipa-danzamare-9-60x60.jpg 60w\" sizes=\"auto, (max-width: 150px) 100vw, 150px\" \/><\/a>\n\t\t\t<\/dt><\/dl><dl class='gallery-item'>\n\t\t\t<dt class='gallery-icon landscape'>\n\t\t\t\t<a href='https:\/\/www.brundisium.net\/index.php\/emio-greco-a-brindisi-per-il-corso-ecipa-per-danzatore-coreografo\/emio-greco-ecipa-danzamare-8\/'><img loading=\"lazy\" decoding=\"async\" width=\"150\" height=\"150\" src=\"https:\/\/www.brundisium.net\/brun\/wp-content\/uploads\/2020\/02\/EMIO-GRECO-ecipa-danzamare-8-150x150.jpg\" class=\"attachment-thumbnail size-thumbnail\" alt=\"\" srcset=\"https:\/\/www.brundisium.net\/brun\/wp-content\/uploads\/2020\/02\/EMIO-GRECO-ecipa-danzamare-8-150x150.jpg 150w, https:\/\/www.brundisium.net\/brun\/wp-content\/uploads\/2020\/02\/EMIO-GRECO-ecipa-danzamare-8-600x600.jpg 600w, https:\/\/www.brundisium.net\/brun\/wp-content\/uploads\/2020\/02\/EMIO-GRECO-ecipa-danzamare-8-1500x1500.jpg 1500w, https:\/\/www.brundisium.net\/brun\/wp-content\/uploads\/2020\/02\/EMIO-GRECO-ecipa-danzamare-8-60x60.jpg 60w\" sizes=\"auto, (max-width: 150px) 100vw, 150px\" \/><\/a>\n\t\t\t<\/dt><\/dl><dl class='gallery-item'>\n\t\t\t<dt class='gallery-icon landscape'>\n\t\t\t\t<a href='https:\/\/www.brundisium.net\/index.php\/emio-greco-a-brindisi-per-il-corso-ecipa-per-danzatore-coreografo\/emio-greco-ecipa-danzamare-7\/'><img loading=\"lazy\" decoding=\"async\" width=\"150\" height=\"150\" src=\"https:\/\/www.brundisium.net\/brun\/wp-content\/uploads\/2020\/02\/EMIO-GRECO-ecipa-danzamare-7-150x150.jpg\" class=\"attachment-thumbnail size-thumbnail\" alt=\"\" srcset=\"https:\/\/www.brundisium.net\/brun\/wp-content\/uploads\/2020\/02\/EMIO-GRECO-ecipa-danzamare-7-150x150.jpg 150w, https:\/\/www.brundisium.net\/brun\/wp-content\/uploads\/2020\/02\/EMIO-GRECO-ecipa-danzamare-7-600x600.jpg 600w, https:\/\/www.brundisium.net\/brun\/wp-content\/uploads\/2020\/02\/EMIO-GRECO-ecipa-danzamare-7-1500x1500.jpg 1500w, https:\/\/www.brundisium.net\/brun\/wp-content\/uploads\/2020\/02\/EMIO-GRECO-ecipa-danzamare-7-60x60.jpg 60w\" sizes=\"auto, (max-width: 150px) 100vw, 150px\" \/><\/a>\n\t\t\t<\/dt><\/dl><dl class='gallery-item'>\n\t\t\t<dt class='gallery-icon landscape'>\n\t\t\t\t<a href='https:\/\/www.brundisium.net\/index.php\/emio-greco-a-brindisi-per-il-corso-ecipa-per-danzatore-coreografo\/emio-greco-ecipa-danzamare-6\/'><img loading=\"lazy\" decoding=\"async\" width=\"150\" height=\"150\" src=\"https:\/\/www.brundisium.net\/brun\/wp-content\/uploads\/2020\/02\/EMIO-GRECO-ecipa-danzamare-6-150x150.jpg\" class=\"attachment-thumbnail size-thumbnail\" alt=\"\" srcset=\"https:\/\/www.brundisium.net\/brun\/wp-content\/uploads\/2020\/02\/EMIO-GRECO-ecipa-danzamare-6-150x150.jpg 150w, https:\/\/www.brundisium.net\/brun\/wp-content\/uploads\/2020\/02\/EMIO-GRECO-ecipa-danzamare-6-600x600.jpg 600w, https:\/\/www.brundisium.net\/brun\/wp-content\/uploads\/2020\/02\/EMIO-GRECO-ecipa-danzamare-6-1500x1500.jpg 1500w, https:\/\/www.brundisium.net\/brun\/wp-content\/uploads\/2020\/02\/EMIO-GRECO-ecipa-danzamare-6-60x60.jpg 60w\" sizes=\"auto, (max-width: 150px) 100vw, 150px\" \/><\/a>\n\t\t\t<\/dt><\/dl><br style=\"clear: both\" \/><dl class='gallery-item'>\n\t\t\t<dt class='gallery-icon landscape'>\n\t\t\t\t<a href='https:\/\/www.brundisium.net\/index.php\/emio-greco-a-brindisi-per-il-corso-ecipa-per-danzatore-coreografo\/emio-greco-ecipa-danzamare-5\/'><img loading=\"lazy\" decoding=\"async\" width=\"150\" height=\"150\" src=\"https:\/\/www.brundisium.net\/brun\/wp-content\/uploads\/2020\/02\/EMIO-GRECO-ecipa-danzamare-5-150x150.jpg\" class=\"attachment-thumbnail size-thumbnail\" alt=\"\" srcset=\"https:\/\/www.brundisium.net\/brun\/wp-content\/uploads\/2020\/02\/EMIO-GRECO-ecipa-danzamare-5-150x150.jpg 150w, https:\/\/www.brundisium.net\/brun\/wp-content\/uploads\/2020\/02\/EMIO-GRECO-ecipa-danzamare-5-600x600.jpg 600w, https:\/\/www.brundisium.net\/brun\/wp-content\/uploads\/2020\/02\/EMIO-GRECO-ecipa-danzamare-5-1500x1500.jpg 1500w, https:\/\/www.brundisium.net\/brun\/wp-content\/uploads\/2020\/02\/EMIO-GRECO-ecipa-danzamare-5-60x60.jpg 60w\" sizes=\"auto, (max-width: 150px) 100vw, 150px\" \/><\/a>\n\t\t\t<\/dt><\/dl><dl class='gallery-item'>\n\t\t\t<dt class='gallery-icon landscape'>\n\t\t\t\t<a href='https:\/\/www.brundisium.net\/index.php\/emio-greco-a-brindisi-per-il-corso-ecipa-per-danzatore-coreografo\/emio-greco-ecipa-danzamare-4\/'><img loading=\"lazy\" decoding=\"async\" width=\"150\" height=\"150\" src=\"https:\/\/www.brundisium.net\/brun\/wp-content\/uploads\/2020\/02\/EMIO-GRECO-ecipa-danzamare-4-150x150.jpg\" class=\"attachment-thumbnail size-thumbnail\" alt=\"\" srcset=\"https:\/\/www.brundisium.net\/brun\/wp-content\/uploads\/2020\/02\/EMIO-GRECO-ecipa-danzamare-4-150x150.jpg 150w, https:\/\/www.brundisium.net\/brun\/wp-content\/uploads\/2020\/02\/EMIO-GRECO-ecipa-danzamare-4-600x600.jpg 600w, https:\/\/www.brundisium.net\/brun\/wp-content\/uploads\/2020\/02\/EMIO-GRECO-ecipa-danzamare-4-1500x1500.jpg 1500w, https:\/\/www.brundisium.net\/brun\/wp-content\/uploads\/2020\/02\/EMIO-GRECO-ecipa-danzamare-4-60x60.jpg 60w\" sizes=\"auto, (max-width: 150px) 100vw, 150px\" \/><\/a>\n\t\t\t<\/dt><\/dl><dl class='gallery-item'>\n\t\t\t<dt class='gallery-icon landscape'>\n\t\t\t\t<a href='https:\/\/www.brundisium.net\/index.php\/emio-greco-a-brindisi-per-il-corso-ecipa-per-danzatore-coreografo\/emio-greco-ecipa-danzamare-3\/'><img loading=\"lazy\" decoding=\"async\" width=\"150\" height=\"150\" src=\"https:\/\/www.brundisium.net\/brun\/wp-content\/uploads\/2020\/02\/EMIO-GRECO-ecipa-danzamare-3-150x150.jpg\" class=\"attachment-thumbnail size-thumbnail\" alt=\"\" srcset=\"https:\/\/www.brundisium.net\/brun\/wp-content\/uploads\/2020\/02\/EMIO-GRECO-ecipa-danzamare-3-150x150.jpg 150w, https:\/\/www.brundisium.net\/brun\/wp-content\/uploads\/2020\/02\/EMIO-GRECO-ecipa-danzamare-3-600x600.jpg 600w, https:\/\/www.brundisium.net\/brun\/wp-content\/uploads\/2020\/02\/EMIO-GRECO-ecipa-danzamare-3-1500x1500.jpg 1500w, https:\/\/www.brundisium.net\/brun\/wp-content\/uploads\/2020\/02\/EMIO-GRECO-ecipa-danzamare-3-60x60.jpg 60w\" sizes=\"auto, (max-width: 150px) 100vw, 150px\" \/><\/a>\n\t\t\t<\/dt><\/dl><dl class='gallery-item'>\n\t\t\t<dt class='gallery-icon landscape'>\n\t\t\t\t<a href='https:\/\/www.brundisium.net\/index.php\/emio-greco-a-brindisi-per-il-corso-ecipa-per-danzatore-coreografo\/emio-greco-ecipa-danzamare-2\/'><img loading=\"lazy\" decoding=\"async\" width=\"150\" height=\"150\" src=\"https:\/\/www.brundisium.net\/brun\/wp-content\/uploads\/2020\/02\/EMIO-GRECO-ecipa-danzamare-2-150x150.jpg\" class=\"attachment-thumbnail size-thumbnail\" alt=\"\" srcset=\"https:\/\/www.brundisium.net\/brun\/wp-content\/uploads\/2020\/02\/EMIO-GRECO-ecipa-danzamare-2-150x150.jpg 150w, https:\/\/www.brundisium.net\/brun\/wp-content\/uploads\/2020\/02\/EMIO-GRECO-ecipa-danzamare-2-600x600.jpg 600w, https:\/\/www.brundisium.net\/brun\/wp-content\/uploads\/2020\/02\/EMIO-GRECO-ecipa-danzamare-2-1500x1500.jpg 1500w, https:\/\/www.brundisium.net\/brun\/wp-content\/uploads\/2020\/02\/EMIO-GRECO-ecipa-danzamare-2-60x60.jpg 60w\" sizes=\"auto, (max-width: 150px) 100vw, 150px\" \/><\/a>\n\t\t\t<\/dt><\/dl><br style=\"clear: both\" \/><dl class='gallery-item'>\n\t\t\t<dt class='gallery-icon landscape'>\n\t\t\t\t<a href='https:\/\/www.brundisium.net\/index.php\/emio-greco-a-brindisi-per-il-corso-ecipa-per-danzatore-coreografo\/emio-greco-ecipa-danzamare-1\/'><img loading=\"lazy\" decoding=\"async\" width=\"150\" height=\"150\" src=\"https:\/\/www.brundisium.net\/brun\/wp-content\/uploads\/2020\/02\/EMIO-GRECO-ecipa-danzamare-1-150x150.jpg\" class=\"attachment-thumbnail size-thumbnail\" alt=\"\" srcset=\"https:\/\/www.brundisium.net\/brun\/wp-content\/uploads\/2020\/02\/EMIO-GRECO-ecipa-danzamare-1-150x150.jpg 150w, https:\/\/www.brundisium.net\/brun\/wp-content\/uploads\/2020\/02\/EMIO-GRECO-ecipa-danzamare-1-600x600.jpg 600w, https:\/\/www.brundisium.net\/brun\/wp-content\/uploads\/2020\/02\/EMIO-GRECO-ecipa-danzamare-1-1500x1500.jpg 1500w, https:\/\/www.brundisium.net\/brun\/wp-content\/uploads\/2020\/02\/EMIO-GRECO-ecipa-danzamare-1-60x60.jpg 60w\" sizes=\"auto, (max-width: 150px) 100vw, 150px\" \/><\/a>\n\t\t\t<\/dt><\/dl><dl class='gallery-item'>\n\t\t\t<dt class='gallery-icon landscape'>\n\t\t\t\t<a href='https:\/\/www.brundisium.net\/index.php\/emio-greco-a-brindisi-per-il-corso-ecipa-per-danzatore-coreografo\/emio-greco\/'><img loading=\"lazy\" decoding=\"async\" width=\"150\" height=\"150\" src=\"https:\/\/www.brundisium.net\/brun\/wp-content\/uploads\/2020\/02\/EMIO-GRECO-150x150.jpg\" class=\"attachment-thumbnail size-thumbnail\" alt=\"\" srcset=\"https:\/\/www.brundisium.net\/brun\/wp-content\/uploads\/2020\/02\/EMIO-GRECO-150x150.jpg 150w, https:\/\/www.brundisium.net\/brun\/wp-content\/uploads\/2020\/02\/EMIO-GRECO-600x600.jpg 600w, https:\/\/www.brundisium.net\/brun\/wp-content\/uploads\/2020\/02\/EMIO-GRECO-60x60.jpg 60w\" sizes=\"auto, (max-width: 150px) 100vw, 150px\" \/><\/a>\n\t\t\t<\/dt><\/dl><dl class='gallery-item'>\n\t\t\t<dt class='gallery-icon landscape'>\n\t\t\t\t<a href='https:\/\/www.brundisium.net\/index.php\/emio-greco-a-brindisi-per-il-corso-ecipa-per-danzatore-coreografo\/emio-greco-ecipa-danzamare-11\/'><img loading=\"lazy\" decoding=\"async\" width=\"150\" height=\"150\" src=\"https:\/\/www.brundisium.net\/brun\/wp-content\/uploads\/2020\/02\/EMIO-GRECO-ecipa-danzamare-11-150x150.jpg\" class=\"attachment-thumbnail size-thumbnail\" alt=\"\" srcset=\"https:\/\/www.brundisium.net\/brun\/wp-content\/uploads\/2020\/02\/EMIO-GRECO-ecipa-danzamare-11-150x150.jpg 150w, https:\/\/www.brundisium.net\/brun\/wp-content\/uploads\/2020\/02\/EMIO-GRECO-ecipa-danzamare-11-600x600.jpg 600w, https:\/\/www.brundisium.net\/brun\/wp-content\/uploads\/2020\/02\/EMIO-GRECO-ecipa-danzamare-11-1500x1500.jpg 1500w, https:\/\/www.brundisium.net\/brun\/wp-content\/uploads\/2020\/02\/EMIO-GRECO-ecipa-danzamare-11-60x60.jpg 60w\" sizes=\"auto, (max-width: 150px) 100vw, 150px\" \/><\/a>\n\t\t\t<\/dt><\/dl><dl class='gallery-item'>\n\t\t\t<dt class='gallery-icon landscape'>\n\t\t\t\t<a href='https:\/\/www.brundisium.net\/index.php\/emio-greco-a-brindisi-per-il-corso-ecipa-per-danzatore-coreografo\/emio-greco-ecipa-danzamare-10\/'><img loading=\"lazy\" decoding=\"async\" width=\"150\" height=\"150\" src=\"https:\/\/www.brundisium.net\/brun\/wp-content\/uploads\/2020\/02\/EMIO-GRECO-ecipa-danzamare-10-150x150.jpg\" class=\"attachment-thumbnail size-thumbnail\" alt=\"\" srcset=\"https:\/\/www.brundisium.net\/brun\/wp-content\/uploads\/2020\/02\/EMIO-GRECO-ecipa-danzamare-10-150x150.jpg 150w, https:\/\/www.brundisium.net\/brun\/wp-content\/uploads\/2020\/02\/EMIO-GRECO-ecipa-danzamare-10-600x600.jpg 600w, https:\/\/www.brundisium.net\/brun\/wp-content\/uploads\/2020\/02\/EMIO-GRECO-ecipa-danzamare-10-1500x1500.jpg 1500w, https:\/\/www.brundisium.net\/brun\/wp-content\/uploads\/2020\/02\/EMIO-GRECO-ecipa-danzamare-10-60x60.jpg 60w\" sizes=\"auto, (max-width: 150px) 100vw, 150px\" \/><\/a>\n\t\t\t<\/dt><\/dl><br style=\"clear: both\" \/>\n\t\t<\/div>\n\n<p>Foto: Domenico Summa<\/p>\n","protected":false},"excerpt":{"rendered":"<p>Ecipa, ente di formazione emanazione della CNA di Brindisi e accreditato presso la Regione Puglia, si \u00e8 aggiudicato per l\u2019anno formativo 2019\/2020 il finanziamento per la formazione di 18 danzatori mediante un corso di Qualifica della durata di 900 ore tra teoria della danza e stage presso scuole e accademie convenzionate. &nbsp; Il corso \u00e8 completamente gratuito per i partecipanti che otterranno la Qualifica di DANZATORE COREOGRAFO. Le attivit\u00e0 sono cofinanziate dalla Regione Puglia e dal Fondo Sociale con Avviso pubblico per progetti di formazione finalizzati all\u2019acquisizione di qualifiche professionali regionali nei settori prioritari. &nbsp; Tra i partner del progetto DANZAMARE un brindisino d\u2019eccellenza che ritorna nella sua casa per portare qualit\u00e0 ed energia ai danzatori di Ecipa: Emio Greco. &nbsp; I laboratori di approfondimento messi a disposizione del gruppo allievi da Ecipa grazie a collaborazioni esterne di rilievo permettono appunto di realizzare eventi come la MASTER CLASS svoltasi il 18 e il 19 febbraio presso la meravigliosa location del palco del TEATRO VERDI di Brindisi assieme al maestro Greco&#8230;.<\/p>\n","protected":false},"author":2,"featured_media":168444,"comment_status":"open","ping_status":"closed","sticky":false,"template":"","format":"standard","meta":{"footnotes":""},"categories":[7],"tags":[],"class_list":["post-168443","post","type-post","status-publish","format-standard","has-post-thumbnail","hentry","category-news"],"_links":{"self":[{"href":"https:\/\/www.brundisium.net\/index.php\/wp-json\/wp\/v2\/posts\/168443","targetHints":{"allow":["GET"]}}],"collection":[{"href":"https:\/\/www.brundisium.net\/index.php\/wp-json\/wp\/v2\/posts"}],"about":[{"href":"https:\/\/www.brundisium.net\/index.php\/wp-json\/wp\/v2\/types\/post"}],"author":[{"embeddable":true,"href":"https:\/\/www.brundisium.net\/index.php\/wp-json\/wp\/v2\/users\/2"}],"replies":[{"embeddable":true,"href":"https:\/\/www.brundisium.net\/index.php\/wp-json\/wp\/v2\/comments?post=168443"}],"version-history":[{"count":1,"href":"https:\/\/www.brundisium.net\/index.php\/wp-json\/wp\/v2\/posts\/168443\/revisions"}],"predecessor-version":[{"id":168457,"href":"https:\/\/www.brundisium.net\/index.php\/wp-json\/wp\/v2\/posts\/168443\/revisions\/168457"}],"wp:featuredmedia":[{"embeddable":true,"href":"https:\/\/www.brundisium.net\/index.php\/wp-json\/wp\/v2\/media\/168444"}],"wp:attachment":[{"href":"https:\/\/www.brundisium.net\/index.php\/wp-json\/wp\/v2\/media?parent=168443"}],"wp:term":[{"taxonomy":"category","embeddable":true,"href":"https:\/\/www.brundisium.net\/index.php\/wp-json\/wp\/v2\/categories?post=168443"},{"taxonomy":"post_tag","embeddable":true,"href":"https:\/\/www.brundisium.net\/index.php\/wp-json\/wp\/v2\/tags?post=168443"}],"curies":[{"name":"wp","href":"https:\/\/api.w.org\/{rel}","templated":true}]}}