{"id":169097,"date":"2020-03-03T19:57:22","date_gmt":"2020-03-03T18:57:22","guid":{"rendered":"http:\/\/www.brundisium.net\/?p=169097"},"modified":"2020-03-03T19:57:22","modified_gmt":"2020-03-03T18:57:22","slug":"pums-ostuni-domani-incontro-aperto-alla-cittadinanza","status":"publish","type":"post","link":"https:\/\/www.brundisium.net\/index.php\/pums-ostuni-domani-incontro-aperto-alla-cittadinanza\/","title":{"rendered":"PUMS Ostuni: domani incontro aperto alla cittadinanza"},"content":{"rendered":"<p>Una modalit\u00e0 aperta e partecipativa, come anche nelle indicazioni della Unione europea e delle Linee Guida regionali sui PUMS, \u00e8 la modalit\u00e0 prescelta dall\u2019Amministrazione Comunale di Ostuni e dal raggruppamento di aziende consulenti per la redazione del \u201cPUMS\u201d (\u201cPiano Urbano per la Mobilit\u00e0 Sostenibile\u201d), con Elaborazioni.org Srl Capofila, societ\u00e0 di ingegneria di Bari esperta in pianificazione e progettazione nell\u2019ambito della mobilit\u00e0 urbana sicura e sostenibile, ed Isfort SpA, Istituto Superiore di Formazione e Ricerca per i Trasporti di Roma, esperto in ricerche ed analisi in ambito di trasporti. Una modalit\u00e0 idonea a costruire assieme ad Associazioni, cittadini, tecnici ed Amministratori, una visione di sviluppo della \u201cmobilit\u00e0 sostenibile\u201d del territorio ostunese: dal centro citt\u00e0, verso le zone periferiche, collinari e zone mare; dalla mobilit\u00e0 quotidiana di spostamento a quella pi\u00f9 caratteristica dei periodi turistici.<\/p>\n<p>&nbsp;<\/p>\n<p>\u201cSi apre un momento di riflessione \u2013 riferisce l\u2019assessore all\u2019Urbanistica Eliana Pecere &#8211; su quali possono essere gli scenari futuri per la nostra citt\u00e0 e su come il tema della mobilit\u00e0 in chiave sostenibile possa essere elemento di connessione e ricucitura tra il centro urbano e le diverse parti del territorio al fine di valorizzare il grande patrimonio comune che viviamo quotidianamente. Auspichiamo, inoltre, che questo incontro possa fungere da stimolo all\u2019avvio di nuovi progetti imprenditoriali sui servizi alla mobilit\u00e0.\u201d<\/p>\n<p>&nbsp;<\/p>\n<p>Al fine di costruire una visione di sviluppo di una mobilit\u00e0 urbana sostenibile, in linea con i canoni europei, ovvero con al centro \u201cle persone\u201d, con le loro modalit\u00e0 di spostamento sostenibili (i piedi, la bici ed il trasporto pubblico), l\u2019Amministrazione di Ostuni invita tutti coloro interessati ad offrire un contributo alla redazione del PUMS, al primo incontro pubblico che si terr\u00e0 mercoled\u00ec prossimo 4 marzo, presso il primo piano del Palazzo di Citt\u00e0, nel corridoio aperto, dalle ore 17.00 sino alle 20.00 circa.<\/p>\n<p>&nbsp;<\/p>\n<p>\u201cNon si tratter\u00e0 di un classico incontro, ma di un percorso di informazione e confronto con i cittadini al fine di fare emergere le prime indicazioni sul sistema di mobilit\u00e0 urbana dell\u2019intero territorio di Ostuni. \u2013 chiude il Sindaco Guglielmo Cavallo &#8211; Per questo, chiediamo di potervi partecipare sin dall\u2019inizio, poich\u00e8 la modalit\u00e0 utilizzata permetter\u00e0 di accogliere i partecipanti da parte di esperti facilitatori che sapranno condurli e accompagnarli, in modo informato, verso gli strumenti di lavoro.\u201d<\/p>\n<p>&nbsp;<\/p>\n<p>Info e contatti: pumsostuni@elaborazioni.org<\/p>\n","protected":false},"excerpt":{"rendered":"<p>Una modalit\u00e0 aperta e partecipativa, come anche nelle indicazioni della Unione europea e delle Linee Guida regionali sui PUMS, \u00e8 la modalit\u00e0 prescelta dall\u2019Amministrazione Comunale di Ostuni e dal raggruppamento di aziende consulenti per la redazione del \u201cPUMS\u201d (\u201cPiano Urbano per la Mobilit\u00e0 Sostenibile\u201d), con Elaborazioni.org Srl Capofila, societ\u00e0 di ingegneria di Bari esperta in pianificazione e progettazione nell\u2019ambito della mobilit\u00e0 urbana sicura e sostenibile, ed Isfort SpA, Istituto Superiore di Formazione e Ricerca per i Trasporti di Roma, esperto in ricerche ed analisi in ambito di trasporti. Una modalit\u00e0 idonea a costruire assieme ad Associazioni, cittadini, tecnici ed Amministratori, una visione di sviluppo della \u201cmobilit\u00e0 sostenibile\u201d del territorio ostunese: dal centro citt\u00e0, verso le zone periferiche, collinari e zone mare; dalla mobilit\u00e0 quotidiana di spostamento a quella pi\u00f9 caratteristica dei periodi turistici. &nbsp; \u201cSi apre un momento di riflessione \u2013 riferisce l\u2019assessore all\u2019Urbanistica Eliana Pecere &#8211; su quali possono essere gli scenari futuri per la nostra citt\u00e0 e su come il tema della mobilit\u00e0 in chiave sostenibile possa essere&#8230;<\/p>\n","protected":false},"author":2,"featured_media":169098,"comment_status":"open","ping_status":"closed","sticky":false,"template":"","format":"standard","meta":{"footnotes":""},"categories":[7],"tags":[],"class_list":["post-169097","post","type-post","status-publish","format-standard","has-post-thumbnail","hentry","category-news"],"_links":{"self":[{"href":"https:\/\/www.brundisium.net\/index.php\/wp-json\/wp\/v2\/posts\/169097","targetHints":{"allow":["GET"]}}],"collection":[{"href":"https:\/\/www.brundisium.net\/index.php\/wp-json\/wp\/v2\/posts"}],"about":[{"href":"https:\/\/www.brundisium.net\/index.php\/wp-json\/wp\/v2\/types\/post"}],"author":[{"embeddable":true,"href":"https:\/\/www.brundisium.net\/index.php\/wp-json\/wp\/v2\/users\/2"}],"replies":[{"embeddable":true,"href":"https:\/\/www.brundisium.net\/index.php\/wp-json\/wp\/v2\/comments?post=169097"}],"version-history":[{"count":1,"href":"https:\/\/www.brundisium.net\/index.php\/wp-json\/wp\/v2\/posts\/169097\/revisions"}],"predecessor-version":[{"id":169099,"href":"https:\/\/www.brundisium.net\/index.php\/wp-json\/wp\/v2\/posts\/169097\/revisions\/169099"}],"wp:featuredmedia":[{"embeddable":true,"href":"https:\/\/www.brundisium.net\/index.php\/wp-json\/wp\/v2\/media\/169098"}],"wp:attachment":[{"href":"https:\/\/www.brundisium.net\/index.php\/wp-json\/wp\/v2\/media?parent=169097"}],"wp:term":[{"taxonomy":"category","embeddable":true,"href":"https:\/\/www.brundisium.net\/index.php\/wp-json\/wp\/v2\/categories?post=169097"},{"taxonomy":"post_tag","embeddable":true,"href":"https:\/\/www.brundisium.net\/index.php\/wp-json\/wp\/v2\/tags?post=169097"}],"curies":[{"name":"wp","href":"https:\/\/api.w.org\/{rel}","templated":true}]}}