{"id":169124,"date":"2020-04-03T07:19:25","date_gmt":"2020-04-03T05:19:25","guid":{"rendered":"http:\/\/www.brundisium.net\/?p=169124"},"modified":"2020-04-09T22:03:06","modified_gmt":"2020-04-09T20:03:06","slug":"primavera-ed-allergia-di-rocco-palmisano","status":"publish","type":"post","link":"https:\/\/www.brundisium.net\/index.php\/primavera-ed-allergia-di-rocco-palmisano\/","title":{"rendered":"Primavera ed allergia. Di Rocco Palmisano"},"content":{"rendered":"<p>La primavera \u00e8 iniziata e con essa i primi sintomi di allergia. Se ricordate, come ho gi\u00e0 scritto l\u2019anno scorso, io non credo che la causa dei sintomi allergici siano gli innocenti pollini dei fiori primaverili. I pollini possono rappresentare, tutt\u2019al pi\u00f9, la goccia che fa traboccare il vaso. Il vero motivo dello scatenarsi dei disturbi allergici \u00e8 nella maggiore capacit\u00e0 dell\u2019organismo di scaricare le tossine accumulate nei tessuti nel periodo invernale a causa di una diminuita attivit\u00e0 drenante.<\/p>\n<p>&nbsp;<\/p>\n<p>Infatti, nel periodo invernale ci si veste di pi\u00f9 e prendiamo meno luce\/sole. Nel periodo invernale mangiamo pi\u00f9 cibi grassi (quindi, pi\u00f9 tossici) per combattere il freddo. Sempre nel periodo invernale facciamo meno movimento. Inoltre, con il freddo diminuisce la velocit\u00e0 circolatoria rallentando il drenaggio delle tossine da parte degli organi emuntori. Ecco perch\u00e9 in primavera, con l\u2019innalzamento della temperatura e l\u2019aumento della circolazione il corpo elimina maggiori quantit\u00e0 di tossine le quali sono altamente irritanti per le mucose.<\/p>\n<p>&nbsp;<\/p>\n<p>Infatti, i maggiori sintomi allergici si manifestano negli organi che sono rivestiti dalle delicatissime mucose: occhi, naso, bocca, gola, bronchi, apparato gastroenterico. Per affrontare in modo naturale i sintomi allergici, basta diluire le tossine che sono alla base. Poich\u00e9 le tossine sono pressoch\u00e9 di natura acida, basterebbe bere grandi quantit\u00e0 di acqua alcalina idrogenata per fare regredire i fastidiosi sintomi in pochi giorni.<\/p>\n<p>&nbsp;<\/p>\n<p>Purtroppo, questo semplice, economico ed efficace metodo antico non viene pi\u00f9 insegnato ai medici odierni i quali si limitano a prescrivere (da protocollo) farmaci antistaminici e cortisonici. I predetti farmaci danno l\u2019illusione momentanea di guarigione, ma al prezzo di effetti collaterali peggiori dei sintomi combattuti. Perch\u00e9 non viene insegnato ai medici la causa che sta alla base dei sintomi allergici? Perch\u00e9, oggi, tutta la cultura, compresa quella medico-sanitaria, \u00e8 semplicemente superficiale. Se, oggi, il medico \u00e8 diventato un semplice \u201cprescrittore\u201d di farmaci, al 50%, \u00e8 colpa del paziente che pretende la medicina piuttosto che cambiare lo stile di vita.<\/p>\n<p>&nbsp;<\/p>\n<p>Finch\u00e9 tutti quanti non capiremo che i nostri malanni sono la conseguenza dei nostri comportamenti sbagliati o sregolati, la salute, tanta agognata da noi tutti, sar\u00e0 un illusorio miraggio. La condizione di salute \u00e8 un nostro diritto-dovere la quale, in qualche modo, deve essere conquista o, meglio ancora, meritata. A differenza del dono della vita ricevuta dai nostri genitori, la salute ce la dobbiamo \u201cguadagnare\u201d rispettando le regole fisiologiche del corpo ma, anche, quelle relazionali dell\u2019ambiente in cui viviamo.<\/p>\n<p>&nbsp;<\/p>\n<p>L\u2019ambiente di cui parlo \u00e8 il tessuto familiare, sociale, territoriale, atmosferico, ecc. Se inquiniamo l\u2019ambiente in cui viviamo, \u00e8 ovvio che ci intossichiamo! Se viviamo in un ufficio ove l\u2019aria \u00e8 pieno di fumo, \u00e8 normale ammalarsi. Se viviamo vicino ad una fabbrica che inquina l\u2019atmosfera e le falde acquifere, la percentuale delle malattie degenerative sar\u00e0 sicuramente elevata. Quindi, il comportamento della specie umana ha un impatto determinante, nel bene e nel male, anche nei confronti delle altre specie animali e dell\u2019intero pianeta. Dobbiamo convincerci che il pianeta non \u00e8 una propriet\u00e0 esclusiva della nostra specie; anzi, senza le altre specie viventi, soprattutto i batteri e le piante, noi non esisteremmo.<\/p>\n<p>&nbsp;<\/p>\n<p>Continua\u2026<\/p>\n<p>Rocco Palmisano<\/p>\n","protected":false},"excerpt":{"rendered":"<p>La primavera \u00e8 iniziata e con essa i primi sintomi di allergia. Se ricordate, come ho gi\u00e0 scritto l\u2019anno scorso, io non credo che la causa dei sintomi allergici siano gli innocenti pollini dei fiori primaverili. I pollini possono rappresentare, tutt\u2019al pi\u00f9, la goccia che fa traboccare il vaso. Il vero motivo dello scatenarsi dei disturbi allergici \u00e8 nella maggiore capacit\u00e0 dell\u2019organismo di scaricare le tossine accumulate nei tessuti nel periodo invernale a causa di una diminuita attivit\u00e0 drenante. &nbsp; Infatti, nel periodo invernale ci si veste di pi\u00f9 e prendiamo meno luce\/sole. Nel periodo invernale mangiamo pi\u00f9 cibi grassi (quindi, pi\u00f9 tossici) per combattere il freddo. Sempre nel periodo invernale facciamo meno movimento. Inoltre, con il freddo diminuisce la velocit\u00e0 circolatoria rallentando il drenaggio delle tossine da parte degli organi emuntori. Ecco perch\u00e9 in primavera, con l\u2019innalzamento della temperatura e l\u2019aumento della circolazione il corpo elimina maggiori quantit\u00e0 di tossine le quali sono altamente irritanti per le mucose. &nbsp; Infatti, i maggiori sintomi allergici si manifestano negli organi che&#8230;<\/p>\n","protected":false},"author":2,"featured_media":150822,"comment_status":"open","ping_status":"closed","sticky":false,"template":"","format":"standard","meta":{"footnotes":""},"categories":[9],"tags":[],"class_list":["post-169124","post","type-post","status-publish","format-standard","has-post-thumbnail","hentry","category-interventi"],"_links":{"self":[{"href":"https:\/\/www.brundisium.net\/index.php\/wp-json\/wp\/v2\/posts\/169124","targetHints":{"allow":["GET"]}}],"collection":[{"href":"https:\/\/www.brundisium.net\/index.php\/wp-json\/wp\/v2\/posts"}],"about":[{"href":"https:\/\/www.brundisium.net\/index.php\/wp-json\/wp\/v2\/types\/post"}],"author":[{"embeddable":true,"href":"https:\/\/www.brundisium.net\/index.php\/wp-json\/wp\/v2\/users\/2"}],"replies":[{"embeddable":true,"href":"https:\/\/www.brundisium.net\/index.php\/wp-json\/wp\/v2\/comments?post=169124"}],"version-history":[{"count":1,"href":"https:\/\/www.brundisium.net\/index.php\/wp-json\/wp\/v2\/posts\/169124\/revisions"}],"predecessor-version":[{"id":169126,"href":"https:\/\/www.brundisium.net\/index.php\/wp-json\/wp\/v2\/posts\/169124\/revisions\/169126"}],"wp:featuredmedia":[{"embeddable":true,"href":"https:\/\/www.brundisium.net\/index.php\/wp-json\/wp\/v2\/media\/150822"}],"wp:attachment":[{"href":"https:\/\/www.brundisium.net\/index.php\/wp-json\/wp\/v2\/media?parent=169124"}],"wp:term":[{"taxonomy":"category","embeddable":true,"href":"https:\/\/www.brundisium.net\/index.php\/wp-json\/wp\/v2\/categories?post=169124"},{"taxonomy":"post_tag","embeddable":true,"href":"https:\/\/www.brundisium.net\/index.php\/wp-json\/wp\/v2\/tags?post=169124"}],"curies":[{"name":"wp","href":"https:\/\/api.w.org\/{rel}","templated":true}]}}