{"id":169140,"date":"2020-03-04T13:00:53","date_gmt":"2020-03-04T12:00:53","guid":{"rendered":"http:\/\/www.brundisium.net\/?p=169140"},"modified":"2020-03-04T13:22:33","modified_gmt":"2020-03-04T12:22:33","slug":"coronavirus-rossi-risponde-a-romano-gia-attivo-smart-working-per-dipendenti-comunali","status":"publish","type":"post","link":"https:\/\/www.brundisium.net\/index.php\/coronavirus-rossi-risponde-a-romano-gia-attivo-smart-working-per-dipendenti-comunali\/","title":{"rendered":"Coronavirus, Rossi risponde a Romano: &#8220;Gi\u00e0 attivo smart working per dipendenti comunali&#8221;"},"content":{"rendered":"<p>\u201cHa ragione il consigliere regionale Pino Romano sulla necessit\u00e0 di attivare la modalit\u00e0 di smart working per i dipendenti comunali; circostanza gi\u00e0 attiva dallo scorso 26 febbraio per il Comune di Brindisi.<br \/>\nCi sono gi\u00e0 dipendenti che hanno richiesto di farlo con motivazioni di carattere precauzionale, ai quali \u00e8 stata concessa sottoscrivendo un disciplinare di comportamento.<\/p>\n<p>Inoltre rappresento al consigliere Romano che, nella riunione che si \u00e8 svolta ieri in prefettura con tutti i sindaci della provincia e con il direttore generale dell\u2019Asl Giuseppe Pasqualone, come del resto previsto nei decreti governativi gi\u00e0 emanati, il mandato di presidio sanitario \u00e8 di competenza dell\u2019Asl che sta ottemperando a tutte le prescrizioni. Dunque anche l\u2019indagine sugli immunodepressi e i relativi provvedimenti saranno adottati su indicazione dell\u2019organo sanitario. <\/p>\n<p>La soluzione concordata con il prefetto Umberto Guidato e con i sindaci \u00e8 quella di non andare in ordine sparso ma essere coordinati tra noi e con Asl.Esattamente la stessa determinazione che \u00e8 stata precedentemente assunta dalla conferenza dei sindaci Asl che si \u00e8 svolta il 27 febbraio scorso. Vi sono pertanto tavoli permanenti la cui operativit\u00e0 viene attivata in tempo reale sulla scorta della conoscenza dei dati di cui solo Asl \u00e8 in possesso.<\/p>\n<p>Credo che questa organizzazione eviti situazioni di allarmismo nella consapevolezza di un monitoraggio continuo. D\u2019altro canto ove ogni sindaco agisse autonomamente si rischierebbe di rendere inefficaci i provvedimenti trattandosi di territori aperti avulsi dalla zona rossa\u201d, lo dichiara il sindaco Riccardo Rossi.<\/p>\n","protected":false},"excerpt":{"rendered":"<p>\u201cHa ragione il consigliere regionale Pino Romano sulla necessit\u00e0 di attivare la modalit\u00e0 di smart working per i dipendenti comunali; circostanza gi\u00e0 attiva dallo scorso 26 febbraio per il Comune di Brindisi. Ci sono gi\u00e0 dipendenti che hanno richiesto di farlo con motivazioni di carattere precauzionale, ai quali \u00e8 stata concessa sottoscrivendo un disciplinare di comportamento. Inoltre rappresento al consigliere Romano che, nella riunione che si \u00e8 svolta ieri in prefettura con tutti i sindaci della provincia e con il direttore generale dell\u2019Asl Giuseppe Pasqualone, come del resto previsto nei decreti governativi gi\u00e0 emanati, il mandato di presidio sanitario \u00e8 di competenza dell\u2019Asl che sta ottemperando a tutte le prescrizioni. Dunque anche l\u2019indagine sugli immunodepressi e i relativi provvedimenti saranno adottati su indicazione dell\u2019organo sanitario. La soluzione concordata con il prefetto Umberto Guidato e con i sindaci \u00e8 quella di non andare in ordine sparso ma essere coordinati tra noi e con Asl.Esattamente la stessa determinazione che \u00e8 stata precedentemente assunta dalla conferenza dei sindaci Asl che si \u00e8 svolta&#8230;<\/p>\n","protected":false},"author":2,"featured_media":154176,"comment_status":"open","ping_status":"closed","sticky":false,"template":"","format":"standard","meta":{"footnotes":""},"categories":[7],"tags":[],"class_list":["post-169140","post","type-post","status-publish","format-standard","has-post-thumbnail","hentry","category-news"],"_links":{"self":[{"href":"https:\/\/www.brundisium.net\/index.php\/wp-json\/wp\/v2\/posts\/169140","targetHints":{"allow":["GET"]}}],"collection":[{"href":"https:\/\/www.brundisium.net\/index.php\/wp-json\/wp\/v2\/posts"}],"about":[{"href":"https:\/\/www.brundisium.net\/index.php\/wp-json\/wp\/v2\/types\/post"}],"author":[{"embeddable":true,"href":"https:\/\/www.brundisium.net\/index.php\/wp-json\/wp\/v2\/users\/2"}],"replies":[{"embeddable":true,"href":"https:\/\/www.brundisium.net\/index.php\/wp-json\/wp\/v2\/comments?post=169140"}],"version-history":[{"count":1,"href":"https:\/\/www.brundisium.net\/index.php\/wp-json\/wp\/v2\/posts\/169140\/revisions"}],"predecessor-version":[{"id":169141,"href":"https:\/\/www.brundisium.net\/index.php\/wp-json\/wp\/v2\/posts\/169140\/revisions\/169141"}],"wp:featuredmedia":[{"embeddable":true,"href":"https:\/\/www.brundisium.net\/index.php\/wp-json\/wp\/v2\/media\/154176"}],"wp:attachment":[{"href":"https:\/\/www.brundisium.net\/index.php\/wp-json\/wp\/v2\/media?parent=169140"}],"wp:term":[{"taxonomy":"category","embeddable":true,"href":"https:\/\/www.brundisium.net\/index.php\/wp-json\/wp\/v2\/categories?post=169140"},{"taxonomy":"post_tag","embeddable":true,"href":"https:\/\/www.brundisium.net\/index.php\/wp-json\/wp\/v2\/tags?post=169140"}],"curies":[{"name":"wp","href":"https:\/\/api.w.org\/{rel}","templated":true}]}}