{"id":169175,"date":"2020-03-04T17:12:19","date_gmt":"2020-03-04T16:12:19","guid":{"rendered":"http:\/\/www.brundisium.net\/?p=169175"},"modified":"2020-03-04T17:12:19","modified_gmt":"2020-03-04T16:12:19","slug":"al-via-le-iscrizioni-per-la-xxxv-regata-internazionale-brindisi-corfu-on-line-il-pre-bando","status":"publish","type":"post","link":"https:\/\/www.brundisium.net\/index.php\/al-via-le-iscrizioni-per-la-xxxv-regata-internazionale-brindisi-corfu-on-line-il-pre-bando\/","title":{"rendered":"Al via le iscrizioni per la XXXV Regata Internazionale Brindisi-Corf\u00f9. On line il pre-bando"},"content":{"rendered":"<p>Con la pubblicazione online del pre-bando di regata sono aperte ufficialmente le iscrizioni per la partecipazione alla 35^ edizione della Regata velica internazionale Brindisi-Corf\u00f9 (la modulistica \u00e8 scaricabile attraverso il sito internet <a href=\"http:\/\/www.brindisi-corfu.com\">www.brindisi-corfu.com<\/a> \u2013 info 3296256611).<\/p>\n<p>&nbsp;<\/p>\n<p>Anche quest\u2019anno non mancheranno le novit\u00e0 che renderanno questo evento ancor pi\u00f9 uno dei pi\u00f9 importanti del Mediterraneo.<\/p>\n<p>&nbsp;<\/p>\n<p>La \u201cBrindisi-Corf\u00f9\u201d ha ottenuto l\u2019ennesimo riconoscimento prestigioso, visto che \u00e8 stata inserita tra le tappe del primo Campionato Nazionale Multiscafi. Si tratta di una novit\u00e0 che far\u00e0 lievitare ulteriormente il tasso di notoriet\u00e0, sulla stampa nazionale ed internazionale, dell\u2019unica Regata che unisce le sponde dell\u2019Italia e della Grecia.<\/p>\n<p>&nbsp;<\/p>\n<p>Il comitato organizzatore, inoltre, \u00e8 impegnato a rendere fattibile la partenza di un container da Brindisi a Corf\u00f9 che sar\u00e0 messo a disposizione degli equipaggi per il trasporto di attrezzatura delle singole imbarcazioni: Nei prossimi giorni saranno resi noti ulteriori dettagli dal punto di vista organizzativo.<\/p>\n<p>&nbsp;<\/p>\n<p>La Regata partir\u00e0 da Brindisi alle ore 12 di domenica 7 giugno 2020, mentre l\u2019arrivo \u00e8 previsto nell\u2019isola di Corf\u00f9 dopo aver percorso 104 miglia sfoderando, come al solito, grandi capacit\u00e0 tecniche e sportive.<\/p>\n<p>&nbsp;<\/p>\n<p>La data di partenza sar\u00e0 preceduta da un ricco programma di eventi che si svolgeranno sul Lungomare Regina Margherita (dove sar\u00e0 realizzato il villaggio della Regata) e nel cuore della citt\u00e0 di Brindisi, coinvolgendo cittadini, turisti e regatanti in un mix di dibattiti, mostre e spettacoli.<\/p>\n<p>&nbsp;<\/p>\n<p>Dopo l\u2019arrivo la grande \u201cfesta\u201d della Regata Brindisi-Corf\u00f9 vivr\u00e0 la sua pagina greca con la tradizionale cerimonia di premiazione ed il crew party organizzato in collaborazione con il Marina Gouvia Sailing Club.<\/p>\n<p>&nbsp;<\/p>\n<p>&nbsp;<\/p>\n","protected":false},"excerpt":{"rendered":"<p>Con la pubblicazione online del pre-bando di regata sono aperte ufficialmente le iscrizioni per la partecipazione alla 35^ edizione della Regata velica internazionale Brindisi-Corf\u00f9 (la modulistica \u00e8 scaricabile attraverso il sito internet www.brindisi-corfu.com \u2013 info 3296256611). &nbsp; Anche quest\u2019anno non mancheranno le novit\u00e0 che renderanno questo evento ancor pi\u00f9 uno dei pi\u00f9 importanti del Mediterraneo. &nbsp; La \u201cBrindisi-Corf\u00f9\u201d ha ottenuto l\u2019ennesimo riconoscimento prestigioso, visto che \u00e8 stata inserita tra le tappe del primo Campionato Nazionale Multiscafi. Si tratta di una novit\u00e0 che far\u00e0 lievitare ulteriormente il tasso di notoriet\u00e0, sulla stampa nazionale ed internazionale, dell\u2019unica Regata che unisce le sponde dell\u2019Italia e della Grecia. &nbsp; Il comitato organizzatore, inoltre, \u00e8 impegnato a rendere fattibile la partenza di un container da Brindisi a Corf\u00f9 che sar\u00e0 messo a disposizione degli equipaggi per il trasporto di attrezzatura delle singole imbarcazioni: Nei prossimi giorni saranno resi noti ulteriori dettagli dal punto di vista organizzativo. &nbsp; La Regata partir\u00e0 da Brindisi alle ore 12 di domenica 7 giugno 2020, mentre l\u2019arrivo \u00e8 previsto nell\u2019isola&#8230;<\/p>\n","protected":false},"author":2,"featured_media":12951,"comment_status":"open","ping_status":"closed","sticky":false,"template":"","format":"standard","meta":{"footnotes":""},"categories":[7],"tags":[],"class_list":["post-169175","post","type-post","status-publish","format-standard","has-post-thumbnail","hentry","category-news"],"_links":{"self":[{"href":"https:\/\/www.brundisium.net\/index.php\/wp-json\/wp\/v2\/posts\/169175","targetHints":{"allow":["GET"]}}],"collection":[{"href":"https:\/\/www.brundisium.net\/index.php\/wp-json\/wp\/v2\/posts"}],"about":[{"href":"https:\/\/www.brundisium.net\/index.php\/wp-json\/wp\/v2\/types\/post"}],"author":[{"embeddable":true,"href":"https:\/\/www.brundisium.net\/index.php\/wp-json\/wp\/v2\/users\/2"}],"replies":[{"embeddable":true,"href":"https:\/\/www.brundisium.net\/index.php\/wp-json\/wp\/v2\/comments?post=169175"}],"version-history":[{"count":1,"href":"https:\/\/www.brundisium.net\/index.php\/wp-json\/wp\/v2\/posts\/169175\/revisions"}],"predecessor-version":[{"id":169176,"href":"https:\/\/www.brundisium.net\/index.php\/wp-json\/wp\/v2\/posts\/169175\/revisions\/169176"}],"wp:featuredmedia":[{"embeddable":true,"href":"https:\/\/www.brundisium.net\/index.php\/wp-json\/wp\/v2\/media\/12951"}],"wp:attachment":[{"href":"https:\/\/www.brundisium.net\/index.php\/wp-json\/wp\/v2\/media?parent=169175"}],"wp:term":[{"taxonomy":"category","embeddable":true,"href":"https:\/\/www.brundisium.net\/index.php\/wp-json\/wp\/v2\/categories?post=169175"},{"taxonomy":"post_tag","embeddable":true,"href":"https:\/\/www.brundisium.net\/index.php\/wp-json\/wp\/v2\/tags?post=169175"}],"curies":[{"name":"wp","href":"https:\/\/api.w.org\/{rel}","templated":true}]}}