{"id":169750,"date":"2020-03-17T17:00:23","date_gmt":"2020-03-17T16:00:23","guid":{"rendered":"http:\/\/www.brundisium.net\/?p=169750"},"modified":"2020-03-17T17:00:23","modified_gmt":"2020-03-17T16:00:23","slug":"miglietta-fi-emiliano-si-attivi-subito-a-riaprire-lospedale-di-san-pietro","status":"publish","type":"post","link":"https:\/\/www.brundisium.net\/index.php\/miglietta-fi-emiliano-si-attivi-subito-a-riaprire-lospedale-di-san-pietro\/","title":{"rendered":"Miglietta (FI): &#8220;Emiliano si attivi subito a riaprire l\u2019ospedale di San Pietro&#8221;"},"content":{"rendered":"<p>Lancio un appello a tutti gli amministratori locali dei comuni limitrofi, affinch\u00e9 si faccia un coro unico per la riapertura dell\u2019ospedale di San Pietro Vernotico.<br \/>\nLa richiesta non deve essere strumentale, n\u00e9 da intendersi come lo slogan di una campagna elettorale, ma deve essere la richiesta di un diritto alla salvaguardia della propria salute e della propria vita.<br \/>\nAlla luce degli ultimi avvenimenti, non possiamo permetterci di rimanere inermi, solo rinchiusi in quarantena nelle nostre case con la speranza che non arrivi il contagio, mentre dal nord continua l\u2019esodo incontrollato di nostri conterranei che rientrano a casa!!<br \/>\nAssolutamente, il nostro compito e quello del Governatore Emiliano in primis, \u00e8 quello di non farsi trovare impreparati quando nelle prossime settimane \u00e8 previsto il picco massimo di contagio nella nostra zona.<br \/>\nOltretutto, in termini percentuali, Brindisi e poi Foggia sono le province pugliesi pi\u00f9 colpite e la Puglia, rappresenta la il 6,2% dei casi positivi al covid-19 in Italia (al 15 marzo).<br \/>\n Il virus Covid-19, da molti sottovalutato, \u00e8 altamente contagioso e pu\u00f2 interessare una larga fascia della popolazione, inoltre si manifesta in diverse forme pi\u00f9 o meno gravi, richiedendo nel 15% dei casi circa, anche il ricovero ospedaliero per cure e terapie con l\u2019ausilio di respirazione assistita.<br \/>\nIl piano di ospedaliero emergenza Coronavirus della regione Puglia, reso noto questa mattina dal presidente M. Emiliano, insieme al direttore del dipartimento politiche per la salute V. Montanaro e al responsabile del coordinamento emergenze epidemiologiche Pier Luigi Lopalco, esclude totalmente l\u2019impiego del nosocomio \u201cN. Melli\u201d di San Pietro V.co (Br), malgrado la sua strategica collocazione geografica a cavallo delle province di Brindisi e Lecce.<br \/>\nConsiderati il numero degli abitanti nel territorio Brindisino, circa 400.000 e l\u2019alta percentuale dei contagi, i 23 posti letto in terapia intensiva al Perrino sono sicuramente insufficienti come pure i 62 posti letto post acuzie, previsti dal piano di riordino ospedaliero, nelle strutture di Ceglie Messapica, Cisternino, Fasano e Mesagne.<br \/>\nPertanto, a voce ferma e unica invito gli amministratori locali ad unirsi insieme a me sostenere questa causa che ci vede tutti coinvolti nei tagli che la sanit\u00e0 locale ha subito in questi ultimi anni.<br \/>\nConfidando che questo possa avvenire nei prossimi giorni, restiamo in attesa di nuovi sviluppi, nel frattempo rispettiamo quanto ci \u00e8 stato chiesto dal Presidente Conte, restiamo a casa e facciamo la nostra parte, rispettiamo i divieti e gli obblighi indicati nei decreti Presidenziali e regionali e sicuramente #andr\u00e0tuttobene.<\/p>\n<p>Antonio  Miglietta<br \/>\nCapogruppo Forza Italia, Consiglio Provinciale_ Brindisi <\/p>\n","protected":false},"excerpt":{"rendered":"<p>Lancio un appello a tutti gli amministratori locali dei comuni limitrofi, affinch\u00e9 si faccia un coro unico per la riapertura dell\u2019ospedale di San Pietro Vernotico. La richiesta non deve essere strumentale, n\u00e9 da intendersi come lo slogan di una campagna elettorale, ma deve essere la richiesta di un diritto alla salvaguardia della propria salute e della propria vita. Alla luce degli ultimi avvenimenti, non possiamo permetterci di rimanere inermi, solo rinchiusi in quarantena nelle nostre case con la speranza che non arrivi il contagio, mentre dal nord continua l\u2019esodo incontrollato di nostri conterranei che rientrano a casa!! Assolutamente, il nostro compito e quello del Governatore Emiliano in primis, \u00e8 quello di non farsi trovare impreparati quando nelle prossime settimane \u00e8 previsto il picco massimo di contagio nella nostra zona. Oltretutto, in termini percentuali, Brindisi e poi Foggia sono le province pugliesi pi\u00f9 colpite e la Puglia, rappresenta la il 6,2% dei casi positivi al covid-19 in Italia (al 15 marzo). Il virus Covid-19, da molti sottovalutato, \u00e8 altamente contagioso e&#8230;<\/p>\n","protected":false},"author":2,"featured_media":135546,"comment_status":"open","ping_status":"closed","sticky":false,"template":"","format":"standard","meta":{"footnotes":""},"categories":[7],"tags":[],"class_list":["post-169750","post","type-post","status-publish","format-standard","has-post-thumbnail","hentry","category-news"],"_links":{"self":[{"href":"https:\/\/www.brundisium.net\/index.php\/wp-json\/wp\/v2\/posts\/169750","targetHints":{"allow":["GET"]}}],"collection":[{"href":"https:\/\/www.brundisium.net\/index.php\/wp-json\/wp\/v2\/posts"}],"about":[{"href":"https:\/\/www.brundisium.net\/index.php\/wp-json\/wp\/v2\/types\/post"}],"author":[{"embeddable":true,"href":"https:\/\/www.brundisium.net\/index.php\/wp-json\/wp\/v2\/users\/2"}],"replies":[{"embeddable":true,"href":"https:\/\/www.brundisium.net\/index.php\/wp-json\/wp\/v2\/comments?post=169750"}],"version-history":[{"count":1,"href":"https:\/\/www.brundisium.net\/index.php\/wp-json\/wp\/v2\/posts\/169750\/revisions"}],"predecessor-version":[{"id":169752,"href":"https:\/\/www.brundisium.net\/index.php\/wp-json\/wp\/v2\/posts\/169750\/revisions\/169752"}],"wp:featuredmedia":[{"embeddable":true,"href":"https:\/\/www.brundisium.net\/index.php\/wp-json\/wp\/v2\/media\/135546"}],"wp:attachment":[{"href":"https:\/\/www.brundisium.net\/index.php\/wp-json\/wp\/v2\/media?parent=169750"}],"wp:term":[{"taxonomy":"category","embeddable":true,"href":"https:\/\/www.brundisium.net\/index.php\/wp-json\/wp\/v2\/categories?post=169750"},{"taxonomy":"post_tag","embeddable":true,"href":"https:\/\/www.brundisium.net\/index.php\/wp-json\/wp\/v2\/tags?post=169750"}],"curies":[{"name":"wp","href":"https:\/\/api.w.org\/{rel}","templated":true}]}}