{"id":170221,"date":"2020-03-27T10:38:13","date_gmt":"2020-03-27T09:38:13","guid":{"rendered":"http:\/\/www.brundisium.net\/?p=170221"},"modified":"2020-03-27T14:42:08","modified_gmt":"2020-03-27T13:42:08","slug":"bruno-mitrugno-nominato-garante-per-i-diritti-delle-persone-private-della-liberta-personale-della-provincia-di-brindisi","status":"publish","type":"post","link":"https:\/\/www.brundisium.net\/index.php\/bruno-mitrugno-nominato-garante-per-i-diritti-delle-persone-private-della-liberta-personale-della-provincia-di-brindisi\/","title":{"rendered":"Bruno Mitrugno nominato \u201cGarante per i diritti delle persone private della libert\u00e0 personale della Provincia di Brindisi\u201d"},"content":{"rendered":"<p>Il Presidente della Provincia di Brindisi, Riccardo Rossi, con Decreto Presidenziale n.15 del 10 marzo 2020, ha designato il sig. Bruno Mitrugno, ex direttore della Caritas diocesana di Brindisi e Ostuni, quale \u201cGarante per i diritti delle persone private della libert\u00e0 personale della Provincia di Brindisi\u201d. Tale incarico \u00e8 svolto in forma del tutto gratuita; per la scelta della persona il Presidente ha tenuto conto sia dei curricula sia  delle  motivazioni presentate da ciascun candidato.<br \/>\nL\u2019istituzione della figura del Garante \u00e8 stata fortemente voluta dal Consiglio Provinciale che l\u2019ha prevista su input del Garante regionale dei detenuti; la funzione \u00e8 normata dallo specifico Regolamento approvato con deliberazione del Consiglio Provinciale n. 21 dell\u20198 agosto 2019.<br \/>\nIl provvedimento voluto dal presidente Riccardo Rossi e dall\u2019intera struttura dell\u2019Ente di via De Leo assume oggi, tra gli altri, un valore ancora pi\u00f9 pregnante e necessario, all\u2019interno delle varie strutture deputate, come il Carcere, il centro per gli immigrati o la Residenza per le Misure di Sicurezza (REMS) di Carovigno, alla luce anche dell\u2019emergenza sanitaria che in questi giorni stiamo tutti vivendo, in condizioni tuttavia molto differenti rispetto ai detenuti, per la diffusione del contagio da CoVid 19, in cui la privazione della libert\u00e0 si aggiunge alle limitazioni che ogni cittadino o familiare del detenuto sta riscontrando. L\u2019attenzione, in questo periodo, da parte della Provincia di Brindisi \u00e8, pertanto, anche riposta a far s\u00ec che si possa affrontare al meglio l\u2019impatto che il diffondersi dell\u2019epidemia potrebbe avere sulla sicurezza di ogni persona costretta in quelle strutture perch\u00e9 privata, per un periodo di vita circoscritto, della propria libert\u00e0.<br \/>\nIl Garante, in sostanza, avr\u00e0 in generale il compito di individuare, attraverso un monitoraggio periodico e costante nelle varie strutture di privazione della libert\u00e0 (carcere, Rems, centri per gli immigrati, luoghi di Polizia) eventuali criticit\u00e0 di carattere globale, trovando soluzioni condivise con le autorit\u00e0 competenti per risolverle, al fine di prevenire qualsiasi situazione di possibile trattamento contrario alla dignit\u00e0 delle persone.<br \/>\nLa scelta da parte di Rossi di una personalit\u00e0 quale quella di Bruno Mitrugno, noto in citt\u00e0 per il suo forte impegno a favore degli ultimi e di coloro che vivono condizioni di estrema marginalit\u00e0 sociale ed economica, \u00e8 il segno tangibile di una sensibilit\u00e0 e di un\u2019attenzione che trover\u00e0 terreno fertile di attivit\u00e0 a favore di coloro che vivono restrizioni di libert\u00e0, per ogni possibile opportunit\u00e0 di recupero e di reinserimento.<\/p>\n","protected":false},"excerpt":{"rendered":"<p>Il Presidente della Provincia di Brindisi, Riccardo Rossi, con Decreto Presidenziale n.15 del 10 marzo 2020, ha designato il sig. Bruno Mitrugno, ex direttore della Caritas diocesana di Brindisi e Ostuni, quale \u201cGarante per i diritti delle persone private della libert\u00e0 personale della Provincia di Brindisi\u201d. Tale incarico \u00e8 svolto in forma del tutto gratuita; per la scelta della persona il Presidente ha tenuto conto sia dei curricula sia delle motivazioni presentate da ciascun candidato. L\u2019istituzione della figura del Garante \u00e8 stata fortemente voluta dal Consiglio Provinciale che l\u2019ha prevista su input del Garante regionale dei detenuti; la funzione \u00e8 normata dallo specifico Regolamento approvato con deliberazione del Consiglio Provinciale n. 21 dell\u20198 agosto 2019. Il provvedimento voluto dal presidente Riccardo Rossi e dall\u2019intera struttura dell\u2019Ente di via De Leo assume oggi, tra gli altri, un valore ancora pi\u00f9 pregnante e necessario, all\u2019interno delle varie strutture deputate, come il Carcere, il centro per gli immigrati o la Residenza per le Misure di Sicurezza (REMS) di Carovigno, alla luce anche dell\u2019emergenza&#8230;<\/p>\n","protected":false},"author":2,"featured_media":170223,"comment_status":"open","ping_status":"closed","sticky":false,"template":"","format":"standard","meta":{"footnotes":""},"categories":[7],"tags":[],"class_list":["post-170221","post","type-post","status-publish","format-standard","has-post-thumbnail","hentry","category-news"],"_links":{"self":[{"href":"https:\/\/www.brundisium.net\/index.php\/wp-json\/wp\/v2\/posts\/170221","targetHints":{"allow":["GET"]}}],"collection":[{"href":"https:\/\/www.brundisium.net\/index.php\/wp-json\/wp\/v2\/posts"}],"about":[{"href":"https:\/\/www.brundisium.net\/index.php\/wp-json\/wp\/v2\/types\/post"}],"author":[{"embeddable":true,"href":"https:\/\/www.brundisium.net\/index.php\/wp-json\/wp\/v2\/users\/2"}],"replies":[{"embeddable":true,"href":"https:\/\/www.brundisium.net\/index.php\/wp-json\/wp\/v2\/comments?post=170221"}],"version-history":[{"count":1,"href":"https:\/\/www.brundisium.net\/index.php\/wp-json\/wp\/v2\/posts\/170221\/revisions"}],"predecessor-version":[{"id":170224,"href":"https:\/\/www.brundisium.net\/index.php\/wp-json\/wp\/v2\/posts\/170221\/revisions\/170224"}],"wp:featuredmedia":[{"embeddable":true,"href":"https:\/\/www.brundisium.net\/index.php\/wp-json\/wp\/v2\/media\/170223"}],"wp:attachment":[{"href":"https:\/\/www.brundisium.net\/index.php\/wp-json\/wp\/v2\/media?parent=170221"}],"wp:term":[{"taxonomy":"category","embeddable":true,"href":"https:\/\/www.brundisium.net\/index.php\/wp-json\/wp\/v2\/categories?post=170221"},{"taxonomy":"post_tag","embeddable":true,"href":"https:\/\/www.brundisium.net\/index.php\/wp-json\/wp\/v2\/tags?post=170221"}],"curies":[{"name":"wp","href":"https:\/\/api.w.org\/{rel}","templated":true}]}}