{"id":170296,"date":"2020-03-28T16:19:04","date_gmt":"2020-03-28T15:19:04","guid":{"rendered":"http:\/\/www.brundisium.net\/?p=170296"},"modified":"2020-03-28T16:19:04","modified_gmt":"2020-03-28T15:19:04","slug":"provincia-lunedi-30-parte-il-progetto-di-integrazione-scolastica-a-distanza-per-audiolesi-e-videolesi","status":"publish","type":"post","link":"https:\/\/www.brundisium.net\/index.php\/provincia-lunedi-30-parte-il-progetto-di-integrazione-scolastica-a-distanza-per-audiolesi-e-videolesi\/","title":{"rendered":"Provincia: luned\u00ec 30 parte il progetto di Integrazione scolastica a distanza per audiolesi e videolesi"},"content":{"rendered":"<p> Luned\u00ec 30 marzo partir\u00e0 il progetto di Integrazione scolastica a distanza per disabili, in particolare per audiolesi e videolesi, promosso e implementato nei vari e specifici percorsi didattici dalla Provincia di Brindisi e dalla Cooperativa SOCIOCULTURALE. Questa nuova metodica nasce per dare continuit\u00e0, con modalit\u00e0 di intervento differenziate, alla didattica personalizzata messa in atto dalle scuole, in seguito alla sospensione delle attivit\u00e0 didattiche tradizionali, cos\u00ec come disposto dal DPCM del 4 marzo 2020, in tema di emergenza sanitaria per il contenimento del contagio da CoVid 19. <\/p>\n<p>Sono 49 le famiglie che hanno chiesto il servizio proposto attraverso gli Assistenti alla comunicazione formati e specializzati e che da luned\u00ec, come detto, sar\u00e0 avviato on line in via sperimentale. Ci si avvarr\u00e0 per l\u2019erogazione del Servizio delle rispettive piattaforme per la didattica a distanza utilizzate dalle Scuole degli utenti, per le quali \u00e8 stato gi\u00e0 previsto l\u2019accesso, dotando educatori ed assistenti delle relative credenziali.<\/p>\n<p>\u201cLa piena collaborazione tra la Provincia di Brindisi, la Socioculturale, le famiglie e gli operatori  &#8211; ha detto Valentina Nadia Fanigliulo, consigliera provinciale delegata ai Servizi sciali &#8211; continua a dare dei risultati eccezionali per l&#8217;offerta formativa dei ragazzi diversamente abili. Infatti il progetto sperimentale di didattica a distanza per gli studenti audiolesi e videolesi voluto proprio dall&#8217;Amministrazione provinciale e dalla cooperativa Socioculturale rappresenta un passo importante di sostegno ai nostri ragazzi diversamente abili. Questo momento \u00e8 difficile per tutti ma soprattutto per coloro che affrontano la quotidianit\u00e0 con maggiori \u2018ostacoli\u2019. Sono convinta che questo progetto possa contribuire ad alleggerire i riflessi psicologici che l&#8217;isolamento, necessario per bloccare il contagio da coronavirus, pu\u00f2 causare in tanti di noi e soprattutto nei pi\u00f9 fragili. La possibilit\u00e0 di far ritornare una certa consuetudine tra i ragazzi con ridotte capacit\u00e0 sensoriali mediante lezioni scolastiche a tutti gli effetti, seppur con modalit\u00e0 a distanza, pu\u00f2 risultare un&#8217;ottima occasione per una innovativa forma di integrazione scolastica. Perci\u00f2 auspico che questa esperienza possa consolidarsi e perfezionarsi sempre pi\u00f9 affinch\u00e9 nel prossimo futuro, quando questo momento difficile sar\u00e0 passato, la modalit\u00e0 di lezioni a distanza possa diventare un ulteriore rafforzamento dell&#8217;offerta dell&#8217;integrazione scolastica in generale\u201d.<\/p>\n","protected":false},"excerpt":{"rendered":"<p>Luned\u00ec 30 marzo partir\u00e0 il progetto di Integrazione scolastica a distanza per disabili, in particolare per audiolesi e videolesi, promosso e implementato nei vari e specifici percorsi didattici dalla Provincia di Brindisi e dalla Cooperativa SOCIOCULTURALE. Questa nuova metodica nasce per dare continuit\u00e0, con modalit\u00e0 di intervento differenziate, alla didattica personalizzata messa in atto dalle scuole, in seguito alla sospensione delle attivit\u00e0 didattiche tradizionali, cos\u00ec come disposto dal DPCM del 4 marzo 2020, in tema di emergenza sanitaria per il contenimento del contagio da CoVid 19. Sono 49 le famiglie che hanno chiesto il servizio proposto attraverso gli Assistenti alla comunicazione formati e specializzati e che da luned\u00ec, come detto, sar\u00e0 avviato on line in via sperimentale. Ci si avvarr\u00e0 per l\u2019erogazione del Servizio delle rispettive piattaforme per la didattica a distanza utilizzate dalle Scuole degli utenti, per le quali \u00e8 stato gi\u00e0 previsto l\u2019accesso, dotando educatori ed assistenti delle relative credenziali. \u201cLa piena collaborazione tra la Provincia di Brindisi, la Socioculturale, le famiglie e gli operatori &#8211; ha detto&#8230;<\/p>\n","protected":false},"author":2,"featured_media":112422,"comment_status":"open","ping_status":"closed","sticky":false,"template":"","format":"standard","meta":{"footnotes":""},"categories":[7],"tags":[],"class_list":["post-170296","post","type-post","status-publish","format-standard","has-post-thumbnail","hentry","category-news"],"_links":{"self":[{"href":"https:\/\/www.brundisium.net\/index.php\/wp-json\/wp\/v2\/posts\/170296","targetHints":{"allow":["GET"]}}],"collection":[{"href":"https:\/\/www.brundisium.net\/index.php\/wp-json\/wp\/v2\/posts"}],"about":[{"href":"https:\/\/www.brundisium.net\/index.php\/wp-json\/wp\/v2\/types\/post"}],"author":[{"embeddable":true,"href":"https:\/\/www.brundisium.net\/index.php\/wp-json\/wp\/v2\/users\/2"}],"replies":[{"embeddable":true,"href":"https:\/\/www.brundisium.net\/index.php\/wp-json\/wp\/v2\/comments?post=170296"}],"version-history":[{"count":2,"href":"https:\/\/www.brundisium.net\/index.php\/wp-json\/wp\/v2\/posts\/170296\/revisions"}],"predecessor-version":[{"id":170302,"href":"https:\/\/www.brundisium.net\/index.php\/wp-json\/wp\/v2\/posts\/170296\/revisions\/170302"}],"wp:featuredmedia":[{"embeddable":true,"href":"https:\/\/www.brundisium.net\/index.php\/wp-json\/wp\/v2\/media\/112422"}],"wp:attachment":[{"href":"https:\/\/www.brundisium.net\/index.php\/wp-json\/wp\/v2\/media?parent=170296"}],"wp:term":[{"taxonomy":"category","embeddable":true,"href":"https:\/\/www.brundisium.net\/index.php\/wp-json\/wp\/v2\/categories?post=170296"},{"taxonomy":"post_tag","embeddable":true,"href":"https:\/\/www.brundisium.net\/index.php\/wp-json\/wp\/v2\/tags?post=170296"}],"curies":[{"name":"wp","href":"https:\/\/api.w.org\/{rel}","templated":true}]}}