{"id":17056,"date":"2014-07-04T13:14:40","date_gmt":"2014-07-04T11:14:40","guid":{"rendered":"http:\/\/www.brundisium.net\/brun\/?p=17056"},"modified":"2014-07-04T13:14:40","modified_gmt":"2014-07-04T11:14:40","slug":"labdem-sulla-nomina-di-pittella-a-presidente-del-gruppo-dei-socialisti-a-bruxelles","status":"publish","type":"post","link":"https:\/\/www.brundisium.net\/index.php\/labdem-sulla-nomina-di-pittella-a-presidente-del-gruppo-dei-socialisti-a-bruxelles\/","title":{"rendered":"LabDem sulla nomina di Pittella a presidente del gruppo dei Socialisti  a Bruxelles"},"content":{"rendered":"<p>Per la prima volta un Italiano presiede il gruppo del PSE nel Parlamento Europeo<br \/>\nE\u2019 il giusto riconoscimento all\u2019esperienza ed alle competenze acquisite da Gianni Pittella in 15 anni di lavoro nelle Istituzioni Europee con incarichi di alto profilo, sempre onorati con impegno, determinazione, lealt\u00e0 ed alto senso di responsabilit\u00e0.<br \/>\nE stata premiata la caparbiet\u00e0 con la quale, nel corso della campagna elettorale per le primarie a Segretario Nazionale del PD, ha sostenuto la necessit\u00e0 dell\u2019adesione del Partito Democratico al PSE quale condizione indispensabile per ridare all\u2019Italia autorevolezza in Europa e maggiore capacit\u00e0 di incisione nelle scelte strategiche. E\u2019 stato riconosciuto il grande successo elettorale conseguito nelle ultime elezioni Europee, primo degli eletti nella circoscrizione SUD con oltre 234.000 preferenze, che ha contribuito non poco a far s\u00ec che il Partito Democratico fosse il partito pi\u00f9 votato in Europa.<br \/>\nA ci\u00f2 va aggiunta la grande sintonia di Gianni Pittella con Matteo Renzi in tema di politiche europee: \u201cmaggiore flessibilit\u00e0 meno rigore\u201d, \u201cUna nuova politica Europea al servizio della crescita e dello sviluppo\u201d, \u201cUna Politica Estera Comune\u201d, \u201cil mezzogiorno risorsa dell\u2019Europa\u201d, tutti slogan utilizzati in campagna elettorale, che, con il prestigioso incarico assunto da Gianni, avranno maggiori possibilit\u00e0 di trasformarsi in politiche concrete per un\u2019Europa pi\u00f9 giusta ed un\u2019Italia pi\u00f9 forte.<\/p>\n<p>Siamo sicuri che, nonostante i gravosi impegni cui Gianni sar\u00e0 chiamato, continuer\u00e0 a dare pieno sostegno e supporto al Partito Democratico Pugliese anche in occasione delle importanti sfide che ci attendono, prima tra tutte le prossime elezioni regionali, appuntamento al quale Laboratorio Democratico intende contribuire in una logica di forte rinnovamento ed innovazione che tanto successo ci sta dando in Italia ed in Europa. Per dirla alla Matteo Renzi, durante il discorso di avvio del semestre a Presidenza Italiana, Anche in Puglia una \u201cgenerazione Telemaco\u201d si pu\u00f2.<\/p>\n<p>&nbsp;<\/p>\n<p><strong>Mino Carriero<\/strong><br \/>\n<strong> Coordinatore Lab Dem Puglia<\/strong><\/p>\n","protected":false},"excerpt":{"rendered":"<p>Per la prima volta un Italiano presiede il gruppo del PSE nel Parlamento Europeo E\u2019 il giusto riconoscimento all\u2019esperienza ed alle competenze acquisite da Gianni Pittella in 15 anni di lavoro nelle Istituzioni Europee con incarichi di alto profilo, sempre onorati con impegno, determinazione, lealt\u00e0 ed alto senso di responsabilit\u00e0. E stata premiata la caparbiet\u00e0 con la quale, nel corso della campagna elettorale per le primarie a Segretario Nazionale del PD, ha sostenuto la necessit\u00e0 dell\u2019adesione del Partito Democratico al PSE quale condizione indispensabile per ridare all\u2019Italia autorevolezza in Europa e maggiore capacit\u00e0 di incisione nelle scelte strategiche. E\u2019 stato riconosciuto il grande successo elettorale conseguito nelle ultime elezioni Europee, primo degli eletti nella circoscrizione SUD con oltre 234.000 preferenze, che ha contribuito non poco a far s\u00ec che il Partito Democratico fosse il partito pi\u00f9 votato in Europa. A ci\u00f2 va aggiunta la grande sintonia di Gianni Pittella con Matteo Renzi in tema di politiche europee: \u201cmaggiore flessibilit\u00e0 meno rigore\u201d, \u201cUna nuova politica Europea al servizio della crescita e&#8230;<\/p>\n","protected":false},"author":2,"featured_media":6772,"comment_status":"open","ping_status":"open","sticky":false,"template":"","format":"standard","meta":{"footnotes":""},"categories":[7],"tags":[1161],"class_list":["post-17056","post","type-post","status-publish","format-standard","has-post-thumbnail","hentry","category-news","tag-labdem"],"_links":{"self":[{"href":"https:\/\/www.brundisium.net\/index.php\/wp-json\/wp\/v2\/posts\/17056","targetHints":{"allow":["GET"]}}],"collection":[{"href":"https:\/\/www.brundisium.net\/index.php\/wp-json\/wp\/v2\/posts"}],"about":[{"href":"https:\/\/www.brundisium.net\/index.php\/wp-json\/wp\/v2\/types\/post"}],"author":[{"embeddable":true,"href":"https:\/\/www.brundisium.net\/index.php\/wp-json\/wp\/v2\/users\/2"}],"replies":[{"embeddable":true,"href":"https:\/\/www.brundisium.net\/index.php\/wp-json\/wp\/v2\/comments?post=17056"}],"version-history":[{"count":1,"href":"https:\/\/www.brundisium.net\/index.php\/wp-json\/wp\/v2\/posts\/17056\/revisions"}],"predecessor-version":[{"id":17057,"href":"https:\/\/www.brundisium.net\/index.php\/wp-json\/wp\/v2\/posts\/17056\/revisions\/17057"}],"wp:featuredmedia":[{"embeddable":true,"href":"https:\/\/www.brundisium.net\/index.php\/wp-json\/wp\/v2\/media\/6772"}],"wp:attachment":[{"href":"https:\/\/www.brundisium.net\/index.php\/wp-json\/wp\/v2\/media?parent=17056"}],"wp:term":[{"taxonomy":"category","embeddable":true,"href":"https:\/\/www.brundisium.net\/index.php\/wp-json\/wp\/v2\/categories?post=17056"},{"taxonomy":"post_tag","embeddable":true,"href":"https:\/\/www.brundisium.net\/index.php\/wp-json\/wp\/v2\/tags?post=17056"}],"curies":[{"name":"wp","href":"https:\/\/api.w.org\/{rel}","templated":true}]}}