{"id":170640,"date":"2020-04-04T15:14:56","date_gmt":"2020-04-04T13:14:56","guid":{"rendered":"http:\/\/www.brundisium.net\/?p=170640"},"modified":"2020-04-09T22:02:35","modified_gmt":"2020-04-09T20:02:35","slug":"in-ricordo-di-aldo-scialpi-di-massimo-guastella","status":"publish","type":"post","link":"https:\/\/www.brundisium.net\/index.php\/in-ricordo-di-aldo-scialpi-di-massimo-guastella\/","title":{"rendered":"In ricordo di Aldo Scialpi. Di Massimo Guastella"},"content":{"rendered":"<p><a href=\"http:\/\/www.brundisium.net\/brun\/wp-content\/uploads\/2020\/04\/SCIALPI-Aldo-Crocifissione.-1961-olio-su-tela.jpg\"><img loading=\"lazy\" decoding=\"async\" class=\"size-medium wp-image-170644 alignright\" src=\"http:\/\/www.brundisium.net\/brun\/wp-content\/uploads\/2020\/04\/SCIALPI-Aldo-Crocifissione.-1961-olio-su-tela-215x300.jpg\" alt=\"\" width=\"215\" height=\"300\" srcset=\"https:\/\/www.brundisium.net\/brun\/wp-content\/uploads\/2020\/04\/SCIALPI-Aldo-Crocifissione.-1961-olio-su-tela-215x300.jpg 215w, https:\/\/www.brundisium.net\/brun\/wp-content\/uploads\/2020\/04\/SCIALPI-Aldo-Crocifissione.-1961-olio-su-tela.jpg 399w\" sizes=\"auto, (max-width: 215px) 100vw, 215px\" \/><br \/>\n<\/a>\u00a0Avevo intrattenuto con Aldo Scialpi rapporti recenti, per allestire la collezione permanente della Camera di Commercio di Brindisi, nella quale \u00e8 presente una sua opera giovanile il \u201cNotturno\u201d, del 1960. Un\u2019immagine che definirei \u201camarcord\u201d, di uno scorcio urbano della sua Brindisi, ancora paese alle soglie dell\u2019industrializzazione chimica (era l\u20198 marzo 1959 quando, l\u2019allora presidente del consiglio Antonio Segni, posava la prima pietra della Montedison), nella quale vedere transitare le carrozzelle di giorno e di notte era abituale, me le ricordo ancora davanti alla stazione marittima e quella ferroviaria.<\/p>\n<p>Era un\u2019epoca che ci appare lontana quella in cui Aldo, nato a Brindisi I&#8217;11 aprile 1934, come si legge nella sua biografia, avviava la sua carriera nel 1951, via via facendosi conoscere dalla critica e dal pubblico, a partire dagli anni sessanta, quando prese parte a esposizioni in Italia e all\u2019estero.<\/p>\n<p>&nbsp;<\/p>\n<p>Nella circostanza dei nostri incontri, di poco meno di un anno fa e anche con i miei allievi, che per le loro tesi di laurea lo avevano pi\u00f9 volte consultato e intervistato quale testimone storico delle vicende artistiche del territorio, aveva mostrato il suo tratto gentile, illustrando il suo percorso e qualche aneddoto (ad esempio che, nel 1972, l\u2019uso dei colori gli caus\u00f2 una grave allergia alle mani per intossicazione da solfato di cobalto, obbligandolo a una lunga inattivit\u00e0, oppure che qualche importante insegnamento tecnico artistico lo suggeriva a un tal artista amico non molto addestrato nella gestione della materia pittorica) ma ancor pi\u00f9 lasciando osservare le sue opere recenti, peraltro ancora esposte in mostra nei decenni correnti.<\/p>\n<p><a href=\"http:\/\/www.brundisium.net\/brun\/wp-content\/uploads\/2020\/04\/SCIALPI-Aldo-Crocifissione.-1961-olio-su-tela.jpg\"><br \/>\n<\/a><a href=\"http:\/\/www.brundisium.net\/brun\/wp-content\/uploads\/2020\/04\/SCIALPI-Aldo-Le-carrozze-1960-olio-su-tela-Collezione-CCIAA-Brindisi-46.jpg\"><img loading=\"lazy\" decoding=\"async\" class=\"alignleft size-medium wp-image-170642\" src=\"http:\/\/www.brundisium.net\/brun\/wp-content\/uploads\/2020\/04\/SCIALPI-Aldo-Le-carrozze-1960-olio-su-tela-Collezione-CCIAA-Brindisi-46-300x215.jpg\" alt=\"\" width=\"300\" height=\"215\" srcset=\"https:\/\/www.brundisium.net\/brun\/wp-content\/uploads\/2020\/04\/SCIALPI-Aldo-Le-carrozze-1960-olio-su-tela-Collezione-CCIAA-Brindisi-46-300x215.jpg 300w, https:\/\/www.brundisium.net\/brun\/wp-content\/uploads\/2020\/04\/SCIALPI-Aldo-Le-carrozze-1960-olio-su-tela-Collezione-CCIAA-Brindisi-46-1024x732.jpg 1024w, https:\/\/www.brundisium.net\/brun\/wp-content\/uploads\/2020\/04\/SCIALPI-Aldo-Le-carrozze-1960-olio-su-tela-Collezione-CCIAA-Brindisi-46-768x549.jpg 768w, https:\/\/www.brundisium.net\/brun\/wp-content\/uploads\/2020\/04\/SCIALPI-Aldo-Le-carrozze-1960-olio-su-tela-Collezione-CCIAA-Brindisi-46-1536x1099.jpg 1536w, https:\/\/www.brundisium.net\/brun\/wp-content\/uploads\/2020\/04\/SCIALPI-Aldo-Le-carrozze-1960-olio-su-tela-Collezione-CCIAA-Brindisi-46.jpg 1640w\" sizes=\"auto, (max-width: 300px) 100vw, 300px\" \/><br \/>\n<\/a>Nei primi soggetti prov\u00f2 a congegnare una propria dimensione estetica, sempre entro uno stile di figura, attento al dibattito in corso ma senza mai appassionarsi alle ricerche del rinnovamento linguistico e materico. Di quegli esordi sono la matita \u201cCarovaniere\u201d del \u201951, l\u2019olio \u201cBufera\u201d del \u201953 e il citato \u201cNotturno\u201d e poi ancora l\u2019\u201dAutoritratto\u201d, la \u201cCrocifissione\u201d, le \u201cMaschere nella notte\u201d e \u201cPubert\u00e0\u201d, tutte opere del 1961, in cui si misurava nelle tensioni formali e nelle esaltazioni cromatiche, ingredienti propri delle esperienze primitivistiche e espressioniste, senza appaiarsi ai presupposti che le avevano mosse.<\/p>\n<p>&nbsp;<\/p>\n<p>Mario D\u2019Amico, sulle pagine del \u201cMessaggero, del 15 marzo 1961, lo definiva: \u201cPittore di gusto sobrio ed elegante\u201d che \u201c si lascia trasportare dalla sua vena poetica e riesce molto bene a tradurre sulle tele quanto sente intimamente ed a dare una esatta sensazione di quanto lo circonda\u201d, instradando con queste parole la fortuna critica dell\u2019artista. Erano quelli i giorni in cui esponeva i suoi quadri nella prima mostra personale tenuta al Circolo cittadino brindisino. Altre mostre le tenne in collettive con artisti nazionali e stranieri e accanto ai colleghi del territorio, come Totero e De Gennaro fra gli altri.<\/p>\n<p>&nbsp;<\/p>\n<p>Accanto alla sua produzione Scialpi non aveva esitato di mostrarsi vivace animatore culturale nell\u2019ambito locale e nel dicembre 1967 inaugur\u00f2 una sua galleria d\u2019arte, denominata \u201cVangojna\u201d, in via Giovanni XXIII ( che poi diverr\u00e0 la sede del suo atelier), dichiarando: \u201cLa sensibilit\u00e0 artistica pu\u00f2 esistere in qualsiasi soggetto e raggiungere alti valori indipendentemente dal grado sociale e di cultura perch\u00e9 l\u2019arte \u00e8 da considerare una estrinsecazione pura dello spirito, non vincolata, quindi, a sovrastrutture o ad artifici celebrali\u201d.<\/p>\n<p>&nbsp;<\/p>\n<p>La sua attivit\u00e0, che andava a creare opere suggestive e attraenti, \u00e8 proseguita per circa settant\u2019anni evolvendo nella ritrattistica, per lo pi\u00f9 femminile, e nel paesaggismo di intensa tavolozza, attraverso cui \u201cil problema cromatico, risulta essere ancora il punto nodale\u201d, scriveva nel 1981 il critico Toti Carpentieri, \u201cquasi nella messa in luce dell\u2019intera ricerca di Scialpi\u201d,<\/p>\n<p>&nbsp;<\/p>\n<p>Aldo Scialpi si \u00e8 congedato dalla vita in un momento tragico della nostra vicenda umana e di lui restano le opere: vi era talmente affezionato che, per non lasciarle mai sole, quotidianamente cercava di sostare un paio d\u2019ore nel suo studio pur se da mesi il male lo aveva oramai sopraffatto.<\/p>\n<p>&nbsp;<\/p>\n<p>In chiusura di questo mio ricordo di Aldo invito a visitare il suo http:\/\/www.aldoscialpiarte.it\/., per chi l\u2019ha frequentato al fine di rivivere la rassegna delle sue opere; per chi non l\u2019avesse conosciuto gli sar\u00e0 utile saperne di pi\u00f9 della sua produzione.<\/p>\n<p>&nbsp;<\/p>\n<p><em><strong>Prof. Massimo Guastella<\/strong><\/em><\/p>\n","protected":false},"excerpt":{"rendered":"<p>\u00a0Avevo intrattenuto con Aldo Scialpi rapporti recenti, per allestire la collezione permanente della Camera di Commercio di Brindisi, nella quale \u00e8 presente una sua opera giovanile il \u201cNotturno\u201d, del 1960. Un\u2019immagine che definirei \u201camarcord\u201d, di uno scorcio urbano della sua Brindisi, ancora paese alle soglie dell\u2019industrializzazione chimica (era l\u20198 marzo 1959 quando, l\u2019allora presidente del consiglio Antonio Segni, posava la prima pietra della Montedison), nella quale vedere transitare le carrozzelle di giorno e di notte era abituale, me le ricordo ancora davanti alla stazione marittima e quella ferroviaria. Era un\u2019epoca che ci appare lontana quella in cui Aldo, nato a Brindisi I&#8217;11 aprile 1934, come si legge nella sua biografia, avviava la sua carriera nel 1951, via via facendosi conoscere dalla critica e dal pubblico, a partire dagli anni sessanta, quando prese parte a esposizioni in Italia e all\u2019estero. &nbsp; Nella circostanza dei nostri incontri, di poco meno di un anno fa e anche con i miei allievi, che per le loro tesi di laurea lo avevano pi\u00f9 volte consultato&#8230;<\/p>\n","protected":false},"author":2,"featured_media":170643,"comment_status":"open","ping_status":"closed","sticky":false,"template":"","format":"standard","meta":{"footnotes":""},"categories":[112],"tags":[],"class_list":["post-170640","post","type-post","status-publish","format-standard","has-post-thumbnail","hentry","category-arte"],"_links":{"self":[{"href":"https:\/\/www.brundisium.net\/index.php\/wp-json\/wp\/v2\/posts\/170640","targetHints":{"allow":["GET"]}}],"collection":[{"href":"https:\/\/www.brundisium.net\/index.php\/wp-json\/wp\/v2\/posts"}],"about":[{"href":"https:\/\/www.brundisium.net\/index.php\/wp-json\/wp\/v2\/types\/post"}],"author":[{"embeddable":true,"href":"https:\/\/www.brundisium.net\/index.php\/wp-json\/wp\/v2\/users\/2"}],"replies":[{"embeddable":true,"href":"https:\/\/www.brundisium.net\/index.php\/wp-json\/wp\/v2\/comments?post=170640"}],"version-history":[{"count":1,"href":"https:\/\/www.brundisium.net\/index.php\/wp-json\/wp\/v2\/posts\/170640\/revisions"}],"predecessor-version":[{"id":170646,"href":"https:\/\/www.brundisium.net\/index.php\/wp-json\/wp\/v2\/posts\/170640\/revisions\/170646"}],"wp:featuredmedia":[{"embeddable":true,"href":"https:\/\/www.brundisium.net\/index.php\/wp-json\/wp\/v2\/media\/170643"}],"wp:attachment":[{"href":"https:\/\/www.brundisium.net\/index.php\/wp-json\/wp\/v2\/media?parent=170640"}],"wp:term":[{"taxonomy":"category","embeddable":true,"href":"https:\/\/www.brundisium.net\/index.php\/wp-json\/wp\/v2\/categories?post=170640"},{"taxonomy":"post_tag","embeddable":true,"href":"https:\/\/www.brundisium.net\/index.php\/wp-json\/wp\/v2\/tags?post=170640"}],"curies":[{"name":"wp","href":"https:\/\/api.w.org\/{rel}","templated":true}]}}