{"id":170872,"date":"2020-04-09T16:06:01","date_gmt":"2020-04-09T14:06:01","guid":{"rendered":"http:\/\/www.brundisium.net\/?p=170872"},"modified":"2020-04-09T16:06:01","modified_gmt":"2020-04-09T14:06:01","slug":"la-cultura-non-si-ferma-mesagne-promuove-il-progetto-iononmispengo","status":"publish","type":"post","link":"https:\/\/www.brundisium.net\/index.php\/la-cultura-non-si-ferma-mesagne-promuove-il-progetto-iononmispengo\/","title":{"rendered":"La cultura non si ferma: Mesagne promuove il progetto #iononmispengo"},"content":{"rendered":"<p>Il progetto \u201c#iononmispengo\u201d, una pagina facebook dedicata, \u00e8 la risposta dell\u2019Amministrazione comunale alla chiusura e alla sospensione dei luoghi della cultura ed alle attivit\u00e0 ad essi collegate, in conseguenza delle prescrizioni introdotte per contenere la diffusione del virus Covid-19.<\/p>\n<p>\u201cNon vogliamo che si spengano i riflettori sulla bellezza e sull\u2019arte custodita in scrigni della citt\u00e0 oggi chiusi: si intende favorire la conoscenza del patrimonio storico-artistico cittadino attivando forme alternative di fruizione\u201d, ha spiegato il sindaco Toni Matarrelli. Il progetto prevede la proposta di attivit\u00e0 finalizzate a stimolare la comunicazione e l\u2019istituzione di un dialogo virtuale, attraverso l\u2019uso di media e canali social. \u201cStiamo introducendo nuove pratiche culturali che potranno essere consolidate anche in vista dell\u2019auspicato superamento dell\u2019emergenza sanitaria, per attrezzare con ulteriori strumenti la programmazione futura\u201d, ha commentato Marco Cal\u00f2, consulente alle Politiche culturali e scolastiche. La responsabile dell\u2019ufficio Cultura, Alessia Galiano, ha definito i contenuti di partenza della pagina &#8211; Comune di Mesagne #iononmispengo \u2013 che ospiter\u00e0 proposte e rubriche da collegare anche a blog e radio locali. Sono state coinvolte anche le Scuole territoriali di ogni ordine e grado.<\/p>\n<p>Sono quattro le declinazioni del progetto, per ciascuna sar\u00e0 attivo un concorso a premi:<br \/>\n&#8211; \u201c#iononmispengo-favoleinrete\u201d, il videoracconto di favole note e meno note rivolte ai bambini sino a 10 anni; \u00e8 prevista la condivisione di contenuti che dovranno essere elaborati e personalizzati dai destinatari;<br \/>\n&#8211; \u201c#iononmispengo-talentinrete\u201d \u00e8 la sezione dedicata alla preadolescenza ed all\u2019adolescenza, un canale di comunicazione attraverso il quale i ragazzi potranno raccontare e raccontarsi. Si creer\u00e0 uno spazio virtuale in cui riversare poesie, musica, narrativa, filmati;<br \/>\n&#8211; &#8220;#iononmispengo-raccontinrete\u201d \u00e8 la sezione rivolta a tutti coloro che vorranno raccontare un pezzo della citt\u00e0. Ogni strumento sar\u00e0 utile per esprimere ci\u00f2 che pi\u00f9 manca della citt\u00e0: i ricordi dei luoghi del cuore sapranno intrecciare emozioni private e memoria collettiva;<br \/>\n&#8211; \u201c#iononmispengo-museoinrete\u201d \u00e8 la sezione dedicata al Museo del territorio. Ogni settimana, come annunciato da Mimmo Stella &#8211; consulente cittadino alla valorizzazione dei beni museali \u2013 la pagina ospiter\u00e0 la foto di un oggetto esposto che racconta se stesso.<\/p>\n","protected":false},"excerpt":{"rendered":"<p>Il progetto \u201c#iononmispengo\u201d, una pagina facebook dedicata, \u00e8 la risposta dell\u2019Amministrazione comunale alla chiusura e alla sospensione dei luoghi della cultura ed alle attivit\u00e0 ad essi collegate, in conseguenza delle prescrizioni introdotte per contenere la diffusione del virus Covid-19. \u201cNon vogliamo che si spengano i riflettori sulla bellezza e sull\u2019arte custodita in scrigni della citt\u00e0 oggi chiusi: si intende favorire la conoscenza del patrimonio storico-artistico cittadino attivando forme alternative di fruizione\u201d, ha spiegato il sindaco Toni Matarrelli. Il progetto prevede la proposta di attivit\u00e0 finalizzate a stimolare la comunicazione e l\u2019istituzione di un dialogo virtuale, attraverso l\u2019uso di media e canali social. \u201cStiamo introducendo nuove pratiche culturali che potranno essere consolidate anche in vista dell\u2019auspicato superamento dell\u2019emergenza sanitaria, per attrezzare con ulteriori strumenti la programmazione futura\u201d, ha commentato Marco Cal\u00f2, consulente alle Politiche culturali e scolastiche. La responsabile dell\u2019ufficio Cultura, Alessia Galiano, ha definito i contenuti di partenza della pagina &#8211; Comune di Mesagne #iononmispengo \u2013 che ospiter\u00e0 proposte e rubriche da collegare anche a blog e radio locali. Sono&#8230;<\/p>\n","protected":false},"author":2,"featured_media":170873,"comment_status":"open","ping_status":"closed","sticky":false,"template":"","format":"standard","meta":{"footnotes":""},"categories":[7],"tags":[],"class_list":["post-170872","post","type-post","status-publish","format-standard","has-post-thumbnail","hentry","category-news"],"_links":{"self":[{"href":"https:\/\/www.brundisium.net\/index.php\/wp-json\/wp\/v2\/posts\/170872","targetHints":{"allow":["GET"]}}],"collection":[{"href":"https:\/\/www.brundisium.net\/index.php\/wp-json\/wp\/v2\/posts"}],"about":[{"href":"https:\/\/www.brundisium.net\/index.php\/wp-json\/wp\/v2\/types\/post"}],"author":[{"embeddable":true,"href":"https:\/\/www.brundisium.net\/index.php\/wp-json\/wp\/v2\/users\/2"}],"replies":[{"embeddable":true,"href":"https:\/\/www.brundisium.net\/index.php\/wp-json\/wp\/v2\/comments?post=170872"}],"version-history":[{"count":1,"href":"https:\/\/www.brundisium.net\/index.php\/wp-json\/wp\/v2\/posts\/170872\/revisions"}],"predecessor-version":[{"id":170874,"href":"https:\/\/www.brundisium.net\/index.php\/wp-json\/wp\/v2\/posts\/170872\/revisions\/170874"}],"wp:featuredmedia":[{"embeddable":true,"href":"https:\/\/www.brundisium.net\/index.php\/wp-json\/wp\/v2\/media\/170873"}],"wp:attachment":[{"href":"https:\/\/www.brundisium.net\/index.php\/wp-json\/wp\/v2\/media?parent=170872"}],"wp:term":[{"taxonomy":"category","embeddable":true,"href":"https:\/\/www.brundisium.net\/index.php\/wp-json\/wp\/v2\/categories?post=170872"},{"taxonomy":"post_tag","embeddable":true,"href":"https:\/\/www.brundisium.net\/index.php\/wp-json\/wp\/v2\/tags?post=170872"}],"curies":[{"name":"wp","href":"https:\/\/api.w.org\/{rel}","templated":true}]}}