{"id":170929,"date":"2020-04-10T14:16:14","date_gmt":"2020-04-10T12:16:14","guid":{"rendered":"http:\/\/www.brundisium.net\/?p=170929"},"modified":"2020-04-10T14:16:14","modified_gmt":"2020-04-10T12:16:14","slug":"festa-della-polizia-2020-questore-e-prefetto-depongono-corona-al-monumento-ai-caduti","status":"publish","type":"post","link":"https:\/\/www.brundisium.net\/index.php\/festa-della-polizia-2020-questore-e-prefetto-depongono-corona-al-monumento-ai-caduti\/","title":{"rendered":"Festa della Polizia 2020: Questore e Prefetto depongono corona al monumento ai caduti"},"content":{"rendered":"<p>Nella odierna mattinata il Questore di Brindisi, alla presenza del Prefetto, ha deposto una corona al monumento ai caduti. E&#8217; stato un intimo momento di riflessione e raccoglimento che ha di fatto sostituito la celebrazione del 168 0 anniversario della fondazione della Polizia di Stato.<\/p>\n<p>Quest&#8217;anno la nostra festa si \u00e8 svolta lontano dai cittadini ma ancor pi\u00f9 in questo periodo l&#8217;istituzione Polizia di Stato \u00e8 vicina e in mezzo alla gente.<\/p>\n<p>Non \u00e8 risultato possibile da parte del Questore ringraziare, come avrebbe voluto, tutti i poliziotti per i tanti successi ottenuti in questo ultimo anno e per quello che fanno quotidianamente il pi\u00f9 delle volte in maniera silenziosa.<\/p>\n<p>L&#8217;impegno della Polizia di Stato e delle altre Forze di Polizia ha contribuito a far deflettere ulteriormente il numero complessivo dei reati. ln particolare quelli di natura predatoria, i furti e le rapine, hanno conosciuto un rilevante decremento.<\/p>\n<p>Il Questore di Brindisi, nell&#8217;esprimere la sua vicinanza a tutti i cittadini, raccomanda vivamente il rispetto della regola fondamentale di rimanere a casa, che mai, come in questo momento, \u00e8 essenziale.<\/p>\n<p>Nel prossimo fine settimana sono stati potenziati in tutta la provincia i servizi di controllo del territorio anche con il supporto di un elicottero dotato di telecamere che sorveglier\u00e0 in particolare la fascia costiera.<\/p>\n<p>&nbsp;<\/p>\n\n\t\t<style type=\"text\/css\">\n\t\t\t#gallery-1 {\n\t\t\t\tmargin: auto;\n\t\t\t}\n\t\t\t#gallery-1 .gallery-item {\n\t\t\t\tfloat: left;\n\t\t\t\tmargin-top: 10px;\n\t\t\t\ttext-align: center;\n\t\t\t\twidth: 25%;\n\t\t\t}\n\t\t\t#gallery-1 img {\n\t\t\t\tborder: 2px solid #cfcfcf;\n\t\t\t}\n\t\t\t#gallery-1 .gallery-caption {\n\t\t\t\tmargin-left: 0;\n\t\t\t}\n\t\t\t\/* see gallery_shortcode() in wp-includes\/media.php *\/\n\t\t<\/style>\n\t\t<div id='gallery-1' class='gallery galleryid-170929 gallery-columns-4 gallery-size-thumbnail'><dl class='gallery-item'>\n\t\t\t<dt class='gallery-icon landscape'>\n\t\t\t\t<a href='https:\/\/www.brundisium.net\/index.php\/festa-della-polizia-2020-questore-e-prefetto-depongono-corona-al-monumento-ai-caduti\/festa-polizia-2020-10\/'><img loading=\"lazy\" decoding=\"async\" width=\"150\" height=\"150\" src=\"https:\/\/www.brundisium.net\/brun\/wp-content\/uploads\/2020\/04\/festa-polizia-2020-10-150x150.jpg\" class=\"attachment-thumbnail size-thumbnail\" alt=\"\" srcset=\"https:\/\/www.brundisium.net\/brun\/wp-content\/uploads\/2020\/04\/festa-polizia-2020-10-150x150.jpg 150w, https:\/\/www.brundisium.net\/brun\/wp-content\/uploads\/2020\/04\/festa-polizia-2020-10-600x600.jpg 600w, https:\/\/www.brundisium.net\/brun\/wp-content\/uploads\/2020\/04\/festa-polizia-2020-10-1500x1500.jpg 1500w, https:\/\/www.brundisium.net\/brun\/wp-content\/uploads\/2020\/04\/festa-polizia-2020-10-60x60.jpg 60w\" sizes=\"auto, (max-width: 150px) 100vw, 150px\" \/><\/a>\n\t\t\t<\/dt><\/dl><dl class='gallery-item'>\n\t\t\t<dt class='gallery-icon landscape'>\n\t\t\t\t<a href='https:\/\/www.brundisium.net\/index.php\/festa-della-polizia-2020-questore-e-prefetto-depongono-corona-al-monumento-ai-caduti\/festa-polizia-2020-9\/'><img loading=\"lazy\" decoding=\"async\" width=\"150\" height=\"150\" src=\"https:\/\/www.brundisium.net\/brun\/wp-content\/uploads\/2020\/04\/festa-polizia-2020-9-150x150.jpg\" class=\"attachment-thumbnail size-thumbnail\" alt=\"\" srcset=\"https:\/\/www.brundisium.net\/brun\/wp-content\/uploads\/2020\/04\/festa-polizia-2020-9-150x150.jpg 150w, https:\/\/www.brundisium.net\/brun\/wp-content\/uploads\/2020\/04\/festa-polizia-2020-9-600x600.jpg 600w, https:\/\/www.brundisium.net\/brun\/wp-content\/uploads\/2020\/04\/festa-polizia-2020-9-1500x1500.jpg 1500w, https:\/\/www.brundisium.net\/brun\/wp-content\/uploads\/2020\/04\/festa-polizia-2020-9-60x60.jpg 60w\" sizes=\"auto, (max-width: 150px) 100vw, 150px\" \/><\/a>\n\t\t\t<\/dt><\/dl><dl class='gallery-item'>\n\t\t\t<dt class='gallery-icon landscape'>\n\t\t\t\t<a href='https:\/\/www.brundisium.net\/index.php\/festa-della-polizia-2020-questore-e-prefetto-depongono-corona-al-monumento-ai-caduti\/festa-polizia-2020-8\/'><img loading=\"lazy\" decoding=\"async\" width=\"150\" height=\"150\" src=\"https:\/\/www.brundisium.net\/brun\/wp-content\/uploads\/2020\/04\/festa-polizia-2020-8-150x150.jpg\" class=\"attachment-thumbnail size-thumbnail\" alt=\"\" srcset=\"https:\/\/www.brundisium.net\/brun\/wp-content\/uploads\/2020\/04\/festa-polizia-2020-8-150x150.jpg 150w, https:\/\/www.brundisium.net\/brun\/wp-content\/uploads\/2020\/04\/festa-polizia-2020-8-600x600.jpg 600w, https:\/\/www.brundisium.net\/brun\/wp-content\/uploads\/2020\/04\/festa-polizia-2020-8-1500x1500.jpg 1500w, https:\/\/www.brundisium.net\/brun\/wp-content\/uploads\/2020\/04\/festa-polizia-2020-8-60x60.jpg 60w\" sizes=\"auto, (max-width: 150px) 100vw, 150px\" \/><\/a>\n\t\t\t<\/dt><\/dl><dl class='gallery-item'>\n\t\t\t<dt class='gallery-icon landscape'>\n\t\t\t\t<a href='https:\/\/www.brundisium.net\/index.php\/festa-della-polizia-2020-questore-e-prefetto-depongono-corona-al-monumento-ai-caduti\/festa-polizia-2020-7\/'><img loading=\"lazy\" decoding=\"async\" width=\"150\" height=\"150\" src=\"https:\/\/www.brundisium.net\/brun\/wp-content\/uploads\/2020\/04\/festa-polizia-2020-7-150x150.jpg\" class=\"attachment-thumbnail size-thumbnail\" alt=\"\" srcset=\"https:\/\/www.brundisium.net\/brun\/wp-content\/uploads\/2020\/04\/festa-polizia-2020-7-150x150.jpg 150w, https:\/\/www.brundisium.net\/brun\/wp-content\/uploads\/2020\/04\/festa-polizia-2020-7-600x600.jpg 600w, https:\/\/www.brundisium.net\/brun\/wp-content\/uploads\/2020\/04\/festa-polizia-2020-7-1500x1500.jpg 1500w, https:\/\/www.brundisium.net\/brun\/wp-content\/uploads\/2020\/04\/festa-polizia-2020-7-60x60.jpg 60w\" sizes=\"auto, (max-width: 150px) 100vw, 150px\" \/><\/a>\n\t\t\t<\/dt><\/dl><br style=\"clear: both\" \/><dl class='gallery-item'>\n\t\t\t<dt class='gallery-icon landscape'>\n\t\t\t\t<a href='https:\/\/www.brundisium.net\/index.php\/festa-della-polizia-2020-questore-e-prefetto-depongono-corona-al-monumento-ai-caduti\/festa-polizia-2020-6\/'><img loading=\"lazy\" decoding=\"async\" width=\"150\" height=\"150\" src=\"https:\/\/www.brundisium.net\/brun\/wp-content\/uploads\/2020\/04\/festa-polizia-2020-6-150x150.jpg\" class=\"attachment-thumbnail size-thumbnail\" alt=\"\" srcset=\"https:\/\/www.brundisium.net\/brun\/wp-content\/uploads\/2020\/04\/festa-polizia-2020-6-150x150.jpg 150w, https:\/\/www.brundisium.net\/brun\/wp-content\/uploads\/2020\/04\/festa-polizia-2020-6-600x600.jpg 600w, https:\/\/www.brundisium.net\/brun\/wp-content\/uploads\/2020\/04\/festa-polizia-2020-6-1500x1500.jpg 1500w, https:\/\/www.brundisium.net\/brun\/wp-content\/uploads\/2020\/04\/festa-polizia-2020-6-60x60.jpg 60w\" sizes=\"auto, (max-width: 150px) 100vw, 150px\" \/><\/a>\n\t\t\t<\/dt><\/dl><dl class='gallery-item'>\n\t\t\t<dt class='gallery-icon landscape'>\n\t\t\t\t<a href='https:\/\/www.brundisium.net\/index.php\/festa-della-polizia-2020-questore-e-prefetto-depongono-corona-al-monumento-ai-caduti\/festa-polizia-2020-5\/'><img loading=\"lazy\" decoding=\"async\" width=\"150\" height=\"150\" src=\"https:\/\/www.brundisium.net\/brun\/wp-content\/uploads\/2020\/04\/festa-polizia-2020-5-150x150.jpg\" class=\"attachment-thumbnail size-thumbnail\" alt=\"\" srcset=\"https:\/\/www.brundisium.net\/brun\/wp-content\/uploads\/2020\/04\/festa-polizia-2020-5-150x150.jpg 150w, https:\/\/www.brundisium.net\/brun\/wp-content\/uploads\/2020\/04\/festa-polizia-2020-5-600x600.jpg 600w, https:\/\/www.brundisium.net\/brun\/wp-content\/uploads\/2020\/04\/festa-polizia-2020-5-1500x1500.jpg 1500w, https:\/\/www.brundisium.net\/brun\/wp-content\/uploads\/2020\/04\/festa-polizia-2020-5-60x60.jpg 60w\" sizes=\"auto, (max-width: 150px) 100vw, 150px\" \/><\/a>\n\t\t\t<\/dt><\/dl><dl class='gallery-item'>\n\t\t\t<dt class='gallery-icon landscape'>\n\t\t\t\t<a href='https:\/\/www.brundisium.net\/index.php\/festa-della-polizia-2020-questore-e-prefetto-depongono-corona-al-monumento-ai-caduti\/festa-polizia-2020-1\/'><img loading=\"lazy\" decoding=\"async\" width=\"150\" height=\"150\" src=\"https:\/\/www.brundisium.net\/brun\/wp-content\/uploads\/2020\/04\/festa-polizia-2020-1-150x150.jpg\" class=\"attachment-thumbnail size-thumbnail\" alt=\"\" srcset=\"https:\/\/www.brundisium.net\/brun\/wp-content\/uploads\/2020\/04\/festa-polizia-2020-1-150x150.jpg 150w, https:\/\/www.brundisium.net\/brun\/wp-content\/uploads\/2020\/04\/festa-polizia-2020-1-600x600.jpg 600w, https:\/\/www.brundisium.net\/brun\/wp-content\/uploads\/2020\/04\/festa-polizia-2020-1-1500x1500.jpg 1500w, https:\/\/www.brundisium.net\/brun\/wp-content\/uploads\/2020\/04\/festa-polizia-2020-1-60x60.jpg 60w\" sizes=\"auto, (max-width: 150px) 100vw, 150px\" \/><\/a>\n\t\t\t<\/dt><\/dl>\n\t\t\t<br style='clear: both' \/>\n\t\t<\/div>\n\n<p>COMUNICATO STAMPA QUESTURA DI BRINDISI<\/p>\n","protected":false},"excerpt":{"rendered":"<p>Nella odierna mattinata il Questore di Brindisi, alla presenza del Prefetto, ha deposto una corona al monumento ai caduti. E&#8217; stato un intimo momento di riflessione e raccoglimento che ha di fatto sostituito la celebrazione del 168 0 anniversario della fondazione della Polizia di Stato. Quest&#8217;anno la nostra festa si \u00e8 svolta lontano dai cittadini ma ancor pi\u00f9 in questo periodo l&#8217;istituzione Polizia di Stato \u00e8 vicina e in mezzo alla gente. Non \u00e8 risultato possibile da parte del Questore ringraziare, come avrebbe voluto, tutti i poliziotti per i tanti successi ottenuti in questo ultimo anno e per quello che fanno quotidianamente il pi\u00f9 delle volte in maniera silenziosa. L&#8217;impegno della Polizia di Stato e delle altre Forze di Polizia ha contribuito a far deflettere ulteriormente il numero complessivo dei reati. ln particolare quelli di natura predatoria, i furti e le rapine, hanno conosciuto un rilevante decremento. Il Questore di Brindisi, nell&#8217;esprimere la sua vicinanza a tutti i cittadini, raccomanda vivamente il rispetto della regola fondamentale di rimanere a casa,&#8230;<\/p>\n","protected":false},"author":2,"featured_media":170939,"comment_status":"open","ping_status":"closed","sticky":false,"template":"","format":"standard","meta":{"footnotes":""},"categories":[7],"tags":[],"class_list":["post-170929","post","type-post","status-publish","format-standard","has-post-thumbnail","hentry","category-news"],"_links":{"self":[{"href":"https:\/\/www.brundisium.net\/index.php\/wp-json\/wp\/v2\/posts\/170929","targetHints":{"allow":["GET"]}}],"collection":[{"href":"https:\/\/www.brundisium.net\/index.php\/wp-json\/wp\/v2\/posts"}],"about":[{"href":"https:\/\/www.brundisium.net\/index.php\/wp-json\/wp\/v2\/types\/post"}],"author":[{"embeddable":true,"href":"https:\/\/www.brundisium.net\/index.php\/wp-json\/wp\/v2\/users\/2"}],"replies":[{"embeddable":true,"href":"https:\/\/www.brundisium.net\/index.php\/wp-json\/wp\/v2\/comments?post=170929"}],"version-history":[{"count":1,"href":"https:\/\/www.brundisium.net\/index.php\/wp-json\/wp\/v2\/posts\/170929\/revisions"}],"predecessor-version":[{"id":170942,"href":"https:\/\/www.brundisium.net\/index.php\/wp-json\/wp\/v2\/posts\/170929\/revisions\/170942"}],"wp:featuredmedia":[{"embeddable":true,"href":"https:\/\/www.brundisium.net\/index.php\/wp-json\/wp\/v2\/media\/170939"}],"wp:attachment":[{"href":"https:\/\/www.brundisium.net\/index.php\/wp-json\/wp\/v2\/media?parent=170929"}],"wp:term":[{"taxonomy":"category","embeddable":true,"href":"https:\/\/www.brundisium.net\/index.php\/wp-json\/wp\/v2\/categories?post=170929"},{"taxonomy":"post_tag","embeddable":true,"href":"https:\/\/www.brundisium.net\/index.php\/wp-json\/wp\/v2\/tags?post=170929"}],"curies":[{"name":"wp","href":"https:\/\/api.w.org\/{rel}","templated":true}]}}