{"id":171185,"date":"2020-04-15T18:38:15","date_gmt":"2020-04-15T16:38:15","guid":{"rendered":"http:\/\/www.brundisium.net\/?p=171185"},"modified":"2020-04-21T21:31:29","modified_gmt":"2020-04-21T19:31:29","slug":"il-giro-ditalia-si-fara-confermato-larrivo-a-brindisi","status":"publish","type":"post","link":"https:\/\/www.brundisium.net\/index.php\/il-giro-ditalia-si-fara-confermato-larrivo-a-brindisi\/","title":{"rendered":"Il Giro d&#8217;Italia si far\u00e0. Confermato l&#8217;arrivo a Brindisi"},"content":{"rendered":"<p>Il ciclismo non vuole arrendersi al Coronavirus e prova a ridisegnare la stagione 2020.<br \/>\nL\u2019Unione Ciclistica Internazionale ha abbozzato il nuovo programma partendo dalle maggiori competizioni a tappe e dal mondiale di Aigle-Martigny, in Svizzera.<br \/>\nIl piano, ovviamente, \u00e8 condizionato dal sostanziale miglioramento delle condizioni sanitarie nel continente europeo.<\/p>\n<p>Il Tour de France sar\u00e0 rinviato di due mesi e si svolger\u00e0 dal 29 agosto al 20 settembre, mentre i Campionati Mondiali manterranno la data prevista: dal 20 al 27 settembre.<\/p>\n<p>Il Giro d\u2019Italia si correr\u00e0 immediatamente dopo i Mondiali. La partenza, quindi, \u00e8 prevista per i primissimi giorni di ottobre.<br \/>\nCi sar\u00e0, per\u00f2, una novit\u00e0: secondo quanto riportato dal Corriere della Sera (uno degli organi di stampa dell&#8217;organizzatore RCS), la Corsa Rosa non partir\u00e0 pi\u00f9 da Budapest ma direttamente dalla Sicilia.<br \/>\nSi attende di conoscere la data di partenza e, quindi, il giorno in cui il giro arriver\u00e0 nella citt\u00e0 di Brindisi. <\/p>\n","protected":false},"excerpt":{"rendered":"<p>Il ciclismo non vuole arrendersi al Coronavirus e prova a ridisegnare la stagione 2020. L\u2019Unione Ciclistica Internazionale ha abbozzato il nuovo programma partendo dalle maggiori competizioni a tappe e dal mondiale di Aigle-Martigny, in Svizzera. Il piano, ovviamente, \u00e8 condizionato dal sostanziale miglioramento delle condizioni sanitarie nel continente europeo. Il Tour de France sar\u00e0 rinviato di due mesi e si svolger\u00e0 dal 29 agosto al 20 settembre, mentre i Campionati Mondiali manterranno la data prevista: dal 20 al 27 settembre. Il Giro d\u2019Italia si correr\u00e0 immediatamente dopo i Mondiali. La partenza, quindi, \u00e8 prevista per i primissimi giorni di ottobre. Ci sar\u00e0, per\u00f2, una novit\u00e0: secondo quanto riportato dal Corriere della Sera (uno degli organi di stampa dell&#8217;organizzatore RCS), la Corsa Rosa non partir\u00e0 pi\u00f9 da Budapest ma direttamente dalla Sicilia. Si attende di conoscere la data di partenza e, quindi, il giorno in cui il giro arriver\u00e0 nella citt\u00e0 di Brindisi.<\/p>\n","protected":false},"author":2,"featured_media":169603,"comment_status":"open","ping_status":"closed","sticky":false,"template":"","format":"standard","meta":{"footnotes":""},"categories":[7,8],"tags":[],"class_list":["post-171185","post","type-post","status-publish","format-standard","has-post-thumbnail","hentry","category-news","category-sport"],"_links":{"self":[{"href":"https:\/\/www.brundisium.net\/index.php\/wp-json\/wp\/v2\/posts\/171185","targetHints":{"allow":["GET"]}}],"collection":[{"href":"https:\/\/www.brundisium.net\/index.php\/wp-json\/wp\/v2\/posts"}],"about":[{"href":"https:\/\/www.brundisium.net\/index.php\/wp-json\/wp\/v2\/types\/post"}],"author":[{"embeddable":true,"href":"https:\/\/www.brundisium.net\/index.php\/wp-json\/wp\/v2\/users\/2"}],"replies":[{"embeddable":true,"href":"https:\/\/www.brundisium.net\/index.php\/wp-json\/wp\/v2\/comments?post=171185"}],"version-history":[{"count":1,"href":"https:\/\/www.brundisium.net\/index.php\/wp-json\/wp\/v2\/posts\/171185\/revisions"}],"predecessor-version":[{"id":171186,"href":"https:\/\/www.brundisium.net\/index.php\/wp-json\/wp\/v2\/posts\/171185\/revisions\/171186"}],"wp:featuredmedia":[{"embeddable":true,"href":"https:\/\/www.brundisium.net\/index.php\/wp-json\/wp\/v2\/media\/169603"}],"wp:attachment":[{"href":"https:\/\/www.brundisium.net\/index.php\/wp-json\/wp\/v2\/media?parent=171185"}],"wp:term":[{"taxonomy":"category","embeddable":true,"href":"https:\/\/www.brundisium.net\/index.php\/wp-json\/wp\/v2\/categories?post=171185"},{"taxonomy":"post_tag","embeddable":true,"href":"https:\/\/www.brundisium.net\/index.php\/wp-json\/wp\/v2\/tags?post=171185"}],"curies":[{"name":"wp","href":"https:\/\/api.w.org\/{rel}","templated":true}]}}