{"id":171194,"date":"2020-04-15T21:43:49","date_gmt":"2020-04-15T19:43:49","guid":{"rendered":"http:\/\/www.brundisium.net\/?p=171194"},"modified":"2020-04-15T21:43:49","modified_gmt":"2020-04-15T19:43:49","slug":"cisl-fp-sottoscritto-il-contratto-integrativo-asl-br","status":"publish","type":"post","link":"https:\/\/www.brundisium.net\/index.php\/cisl-fp-sottoscritto-il-contratto-integrativo-asl-br\/","title":{"rendered":"Cisl FP: &#8220;sottoscritto il contratto integrativo Asl\/Br&#8221;"},"content":{"rendered":"<p>E\u2019 stato sottoscritto in data odierna, tra sindacati e Direzione generale della Asl\/Br il contratto integrativo aziendale, che irrobustisce il Ccnl di categoria firmato il 21 maggio 2018.<br \/>\n\u201cE\u2019 la prima Asl pugliese a sottoscrivere un contratto di secondo livello \u2013 dichiara Aldo Gemma, segretario generale Cisl Fp Taranto Brindisi &#8211; e consentir\u00e0 un guadagno economico aggiuntivo ai dipendenti, una migliore organizzazione del lavoro e maggior benessere operativo, cos\u00ec ottimizzando ulteriormente il servizio assicurato ai cittadini.\u201d<br \/>\nIl contratto integrativo include quattro regolamenti gi\u00e0 sottoscritti, sul sistema delle relazioni sindacali, sugli incarichi di funzione, sul rapporto di lavoro, la performance organizzativa ed individuale, mentre l\u2019ultima parte \u00e8 dedicata al trattamento economico.<br \/>\n\u201cUn lavoro encomiabile per un risultato importante che avvantaggia i lavoratori e la collettivit\u00e0 \u2013 sottolinea Giuseppe Lacorte, responsabile territoriale del settore sanitario Cisl Fp &#8211; perch\u00e9 siamo stati i primi a sottoporre la bozza nella nostra azienda registrando comunanza di obiettivi.\u201d<br \/>\nNella sua articolazione, il contratto prevede la costituzione di un organismo paritetico per l\u2019innovazione che coinvolger\u00e0 i sindacati nella progettazione aziendale, nuovi incarichi di funzione sia per il ruolo sanitario che per i collaboratori professionali assistenti sociali e per il personale appartenente al ruolo amministrativo e tecnico professionale.<br \/>\nVengono, inoltre, sancite nuove regole per il rapporto di lavoro, con la conciliazione tra gli orari ed i tempi di lavoro necessari per un ottimale funzionamento delle strutture nel rispetto del benessere psico-fisico dei dipendenti, nonch\u00e9 innalzati i tempi previsti per le operazioni di vestizione e di svestizione, il passaggio di consegne, con il recupero del tempo di vestizione non riconosciuto nel quinquennio che precede l\u20191 gennaio u.s. ma stabilendo un monte ore rapportato alle effettive giornate lavorate nel periodo di riferimento.<br \/>\nAltre regole riguardano turnistica, ordini di servizio, pause, pronta disponibilit\u00e0, misure di prevenzione e contrasto agli atti di violenza contro gli operatori, ferie, congedi parentali, premialit\u00e0 aziendale criteri per le progressioni interne del personale, passaggi di carriera.<br \/>\nInfine viene sancita una ripartizione oculata dei fondi contrattuali e l\u2019istituzione di una indennit\u00e0 giornaliera anche per il personale che opera nelle unit\u00e0 operative di emergenza urgenza quali i Pronto Soccorso e il servizio del 118.<br \/>\n\u201cAbbiamo in corso la contrattazione sul diritto alla mensa, ovvero ricorso al servizio sostitutivo basato sull\u2019erogazione dei buoni pasto, come su diverse altre questioni vertenziali \u2013 conclude Aldo Gemma \u2013 ma gi\u00e0 il contratto integrativo \u00e8 ulteriormente rafforzativo della qualit\u00e0 delle risposte da assicurare ai bisogni dell\u2019utenza, specie in questo difficilissimo periodo di pandemia che vede tutto il personale sanitario in prima linea per assicurare efficienza ed efficacia al sistema sanitario.\u201d<\/p>\n<p>&nbsp;<\/p>\n<p>UFFICIO STAMPA CISL FP<\/p>\n","protected":false},"excerpt":{"rendered":"<p>E\u2019 stato sottoscritto in data odierna, tra sindacati e Direzione generale della Asl\/Br il contratto integrativo aziendale, che irrobustisce il Ccnl di categoria firmato il 21 maggio 2018. \u201cE\u2019 la prima Asl pugliese a sottoscrivere un contratto di secondo livello \u2013 dichiara Aldo Gemma, segretario generale Cisl Fp Taranto Brindisi &#8211; e consentir\u00e0 un guadagno economico aggiuntivo ai dipendenti, una migliore organizzazione del lavoro e maggior benessere operativo, cos\u00ec ottimizzando ulteriormente il servizio assicurato ai cittadini.\u201d Il contratto integrativo include quattro regolamenti gi\u00e0 sottoscritti, sul sistema delle relazioni sindacali, sugli incarichi di funzione, sul rapporto di lavoro, la performance organizzativa ed individuale, mentre l\u2019ultima parte \u00e8 dedicata al trattamento economico. \u201cUn lavoro encomiabile per un risultato importante che avvantaggia i lavoratori e la collettivit\u00e0 \u2013 sottolinea Giuseppe Lacorte, responsabile territoriale del settore sanitario Cisl Fp &#8211; perch\u00e9 siamo stati i primi a sottoporre la bozza nella nostra azienda registrando comunanza di obiettivi.\u201d Nella sua articolazione, il contratto prevede la costituzione di un organismo paritetico per l\u2019innovazione che coinvolger\u00e0 i sindacati&#8230;<\/p>\n","protected":false},"author":2,"featured_media":171196,"comment_status":"open","ping_status":"closed","sticky":false,"template":"","format":"standard","meta":{"footnotes":""},"categories":[7],"tags":[],"class_list":["post-171194","post","type-post","status-publish","format-standard","has-post-thumbnail","hentry","category-news"],"_links":{"self":[{"href":"https:\/\/www.brundisium.net\/index.php\/wp-json\/wp\/v2\/posts\/171194","targetHints":{"allow":["GET"]}}],"collection":[{"href":"https:\/\/www.brundisium.net\/index.php\/wp-json\/wp\/v2\/posts"}],"about":[{"href":"https:\/\/www.brundisium.net\/index.php\/wp-json\/wp\/v2\/types\/post"}],"author":[{"embeddable":true,"href":"https:\/\/www.brundisium.net\/index.php\/wp-json\/wp\/v2\/users\/2"}],"replies":[{"embeddable":true,"href":"https:\/\/www.brundisium.net\/index.php\/wp-json\/wp\/v2\/comments?post=171194"}],"version-history":[{"count":1,"href":"https:\/\/www.brundisium.net\/index.php\/wp-json\/wp\/v2\/posts\/171194\/revisions"}],"predecessor-version":[{"id":171197,"href":"https:\/\/www.brundisium.net\/index.php\/wp-json\/wp\/v2\/posts\/171194\/revisions\/171197"}],"wp:featuredmedia":[{"embeddable":true,"href":"https:\/\/www.brundisium.net\/index.php\/wp-json\/wp\/v2\/media\/171196"}],"wp:attachment":[{"href":"https:\/\/www.brundisium.net\/index.php\/wp-json\/wp\/v2\/media?parent=171194"}],"wp:term":[{"taxonomy":"category","embeddable":true,"href":"https:\/\/www.brundisium.net\/index.php\/wp-json\/wp\/v2\/categories?post=171194"},{"taxonomy":"post_tag","embeddable":true,"href":"https:\/\/www.brundisium.net\/index.php\/wp-json\/wp\/v2\/tags?post=171194"}],"curies":[{"name":"wp","href":"https:\/\/api.w.org\/{rel}","templated":true}]}}