{"id":171280,"date":"2020-04-17T16:25:39","date_gmt":"2020-04-17T14:25:39","guid":{"rendered":"http:\/\/www.brundisium.net\/?p=171280"},"modified":"2020-04-17T15:30:16","modified_gmt":"2020-04-17T13:30:16","slug":"cisl-fp-le-asl-non-trascurino-lattivita-ordinaria","status":"publish","type":"post","link":"https:\/\/www.brundisium.net\/index.php\/cisl-fp-le-asl-non-trascurino-lattivita-ordinaria\/","title":{"rendered":"Cisl FP: &#8220;Le Asl non trascurino l&#8217;attivit\u00e0 ordinaria&#8221;"},"content":{"rendered":"<p>Con una missiva indirizzata ai vertici della Asl\/Ta e della Asl\/Br, la Cisl Fp territoriale rileva \u201cuna riduzione dell\u2019attivit\u00e0 sanitaria ordinaria ed un ridimensionamento di intere Unit\u00e0 Operative che, in prospettiva, rischiano di fare pi\u00f9 vittime del Covid-19.\u201d<\/p>\n<p>Pur riconoscendo lo sforzo \u201corganizzativo ed economico messo in campo finora\u201d dalle stesse due Asl per arginare l\u2019emergenza pandemica \u201csiamo preoccupati che tutto ci\u00f2 abbia allontanato l\u2019attenzione da quei settori fondamentali della medicina di prevenzione ed assistenza, come da quelli di cura oncologici, cardiologici, delle malattie degenerative, di quelle metaboliche, ecc.\u201d scrivono Aldo Gemma e Giuseppe Lacorte, rispettivamente segretario generale e responsabile del settore sanit\u00e0 della Cisl Fp Taranto Brindisi, che aggiungono \u2013 l\u2019evidenza scientifica spinge ad affermare che, nel frattempo, le patologie afferenti a queste due aree non si sono congelate, anzi il rischio \u00e8 di ritrovarsele pi\u00f9 avanti ulteriormente aggravate, proprio per aver posto in secondo piano l\u2019attivit\u00e0 preventiva e\/o curativa.\u201d<\/p>\n<p>Insomma, l\u2019iniziativa Cisl Fp \u201cintende essere uno stimolo a guardare oltre l\u2019orizzonte, perch\u00e9 non si pu\u00f2 perdere di vista l\u2019aspetto universalistico della sanit\u00e0 che non pu\u00f2 essere ricondotta ad un unico problema. Allo stesso modo non si pu\u00f2 trascurare l\u2019atavico problema delle liste di attesa, una realt\u00e0 che gi\u00e0 prima delle attuali restrizioni presentava tempi pressoch\u00e9 biblici.\u201d<\/p>\n<p>Gemma e Lacorte, pertanto, sollecitano i Direttori generali, i Direttori Sanitari ed i Direttori Amministrativi della Asl\/Ta e della Asl\/Br a produrre una \u201cinformativa urgente sulle strategie che essi intendono adottare e sui modelli organizzativi aziendali che saranno attivati rispetto all\u2019ordinaria assistenza che, paradossalmente, in questa fase \u00e8 divenuta straordinaria.\u201d<\/p>\n<p>&nbsp;<\/p>\n<p>UFFICIO STAMPA CISL FP<\/p>\n","protected":false},"excerpt":{"rendered":"<p>Con una missiva indirizzata ai vertici della Asl\/Ta e della Asl\/Br, la Cisl Fp territoriale rileva \u201cuna riduzione dell\u2019attivit\u00e0 sanitaria ordinaria ed un ridimensionamento di intere Unit\u00e0 Operative che, in prospettiva, rischiano di fare pi\u00f9 vittime del Covid-19.\u201d Pur riconoscendo lo sforzo \u201corganizzativo ed economico messo in campo finora\u201d dalle stesse due Asl per arginare l\u2019emergenza pandemica \u201csiamo preoccupati che tutto ci\u00f2 abbia allontanato l\u2019attenzione da quei settori fondamentali della medicina di prevenzione ed assistenza, come da quelli di cura oncologici, cardiologici, delle malattie degenerative, di quelle metaboliche, ecc.\u201d scrivono Aldo Gemma e Giuseppe Lacorte, rispettivamente segretario generale e responsabile del settore sanit\u00e0 della Cisl Fp Taranto Brindisi, che aggiungono \u2013 l\u2019evidenza scientifica spinge ad affermare che, nel frattempo, le patologie afferenti a queste due aree non si sono congelate, anzi il rischio \u00e8 di ritrovarsele pi\u00f9 avanti ulteriormente aggravate, proprio per aver posto in secondo piano l\u2019attivit\u00e0 preventiva e\/o curativa.\u201d Insomma, l\u2019iniziativa Cisl Fp \u201cintende essere uno stimolo a guardare oltre l\u2019orizzonte, perch\u00e9 non si pu\u00f2 perdere di vista&#8230;<\/p>\n","protected":false},"author":2,"featured_media":2970,"comment_status":"open","ping_status":"closed","sticky":false,"template":"","format":"standard","meta":{"footnotes":""},"categories":[7],"tags":[],"class_list":["post-171280","post","type-post","status-publish","format-standard","has-post-thumbnail","hentry","category-news"],"_links":{"self":[{"href":"https:\/\/www.brundisium.net\/index.php\/wp-json\/wp\/v2\/posts\/171280","targetHints":{"allow":["GET"]}}],"collection":[{"href":"https:\/\/www.brundisium.net\/index.php\/wp-json\/wp\/v2\/posts"}],"about":[{"href":"https:\/\/www.brundisium.net\/index.php\/wp-json\/wp\/v2\/types\/post"}],"author":[{"embeddable":true,"href":"https:\/\/www.brundisium.net\/index.php\/wp-json\/wp\/v2\/users\/2"}],"replies":[{"embeddable":true,"href":"https:\/\/www.brundisium.net\/index.php\/wp-json\/wp\/v2\/comments?post=171280"}],"version-history":[{"count":1,"href":"https:\/\/www.brundisium.net\/index.php\/wp-json\/wp\/v2\/posts\/171280\/revisions"}],"predecessor-version":[{"id":171283,"href":"https:\/\/www.brundisium.net\/index.php\/wp-json\/wp\/v2\/posts\/171280\/revisions\/171283"}],"wp:featuredmedia":[{"embeddable":true,"href":"https:\/\/www.brundisium.net\/index.php\/wp-json\/wp\/v2\/media\/2970"}],"wp:attachment":[{"href":"https:\/\/www.brundisium.net\/index.php\/wp-json\/wp\/v2\/media?parent=171280"}],"wp:term":[{"taxonomy":"category","embeddable":true,"href":"https:\/\/www.brundisium.net\/index.php\/wp-json\/wp\/v2\/categories?post=171280"},{"taxonomy":"post_tag","embeddable":true,"href":"https:\/\/www.brundisium.net\/index.php\/wp-json\/wp\/v2\/tags?post=171280"}],"curies":[{"name":"wp","href":"https:\/\/api.w.org\/{rel}","templated":true}]}}