{"id":171307,"date":"2020-04-17T19:52:05","date_gmt":"2020-04-17T17:52:05","guid":{"rendered":"http:\/\/www.brundisium.net\/?p=171307"},"modified":"2020-04-17T19:52:05","modified_gmt":"2020-04-17T17:52:05","slug":"coronavirus-continuano-gli-incontri-promossi-dalla-prefettura-per-affrontare-lemergenza","status":"publish","type":"post","link":"https:\/\/www.brundisium.net\/index.php\/coronavirus-continuano-gli-incontri-promossi-dalla-prefettura-per-affrontare-lemergenza\/","title":{"rendered":"Coronavirus: continuano gli incontri promossi dalla Prefettura per affrontare l&#8217;emergenza"},"content":{"rendered":"<p>In questi giorni proseguono le riunioni di approfondimento e confronto, svolte in videoconferenza, presiedute dal Prefetto per valutare  i vari ed articolati profili che sono emersi nella gestione dell\u2019emergenza epidemiologica in atto da COVID-19.<br \/>\n Attenzione particolare \u00e8 stata riservata, nella giornata di ieri, in sede di riunione tecnica di coordinamento interforze alla quale hanno partecipato le Forze dell\u2019Ordine, alla recente direttiva del Ministro dell&#8217;Interno datata  10 aprile u.s., inerente le attivit\u00e0 di monitoraggio del disagio sociale ed economico e l&#8217;attivit\u00e0 di prevenzione e contrasto dei fenomeni criminosi e di ogni altra forma di illegalit\u00e0, che potrebbero riflettersi sulle azioni necessarie per la ripartenza economica.<br \/>\nForte l\u2019esigenza di una strategia di contrasto delle attivit\u00e0 illecite.<br \/>\nUn successivo specifico focus \u00e8 stato effettuato, nella riunione odierna, con tutti i Sindaci della Provincia, al fine di continuare ad attenzionare l\u2019evoluzione dell\u2019emergenza sanitaria ed, in prospettiva dell\u2019auspicata ripresa del sistema economico,  in cui risulta di fondamentale importanza  assicurare il pieno presidio della legalit\u00e0, individuare ogni possibile criticit\u00e0 nel tessuto sociale ed economico e le possibili, concrete misure di sostegno alle famiglie ed imprese, alcune delle quali gi\u00e0 attuate  a livello locale sulla base dei fondi stanziati dal Governo.<br \/>\n Nel corso dell\u2019incontro, il Prefetto ha tenuto a sottolineare  la necessit\u00e0 di accompagnare la ripresa anche con un attento monitoraggio del disagio sociale, da attuare sia tramite l&#8217;attivazione di sportelli di ascolto e con  la promozione di iniziative di solidariet\u00e0  per le fasce con maggiori difficolt\u00e0 sia attraverso una continua vigilanza sull&#8217;attuazione delle misure di sostegno al bisogno di liquidit\u00e0 delle famiglie, consolidando una rete di raccordo sul territorio.<br \/>\nIn programma, nei prossimi giorni,  l\u2019attivazione di un tavolo di confronto tra le parti sociali allo scopo di dare impulso alle attivit\u00e0 di ascolto, dialogo e confronto con gli attori istituzionali, i rappresentanti territoriali delle categorie produttive e del sistema finanziario e creditizio al fine di intercettare ogni segnale di possibile preoccupazione per la tenuta  del tessuto sociale ed economico. <\/p>\n<p><strong><br \/>\nCOMUNICATO STAMPA PREFETTURA DI BRINDISI<br \/>\n<\/strong><\/p>\n","protected":false},"excerpt":{"rendered":"<p>In questi giorni proseguono le riunioni di approfondimento e confronto, svolte in videoconferenza, presiedute dal Prefetto per valutare i vari ed articolati profili che sono emersi nella gestione dell\u2019emergenza epidemiologica in atto da COVID-19. Attenzione particolare \u00e8 stata riservata, nella giornata di ieri, in sede di riunione tecnica di coordinamento interforze alla quale hanno partecipato le Forze dell\u2019Ordine, alla recente direttiva del Ministro dell&#8217;Interno datata 10 aprile u.s., inerente le attivit\u00e0 di monitoraggio del disagio sociale ed economico e l&#8217;attivit\u00e0 di prevenzione e contrasto dei fenomeni criminosi e di ogni altra forma di illegalit\u00e0, che potrebbero riflettersi sulle azioni necessarie per la ripartenza economica. Forte l\u2019esigenza di una strategia di contrasto delle attivit\u00e0 illecite. Un successivo specifico focus \u00e8 stato effettuato, nella riunione odierna, con tutti i Sindaci della Provincia, al fine di continuare ad attenzionare l\u2019evoluzione dell\u2019emergenza sanitaria ed, in prospettiva dell\u2019auspicata ripresa del sistema economico, in cui risulta di fondamentale importanza assicurare il pieno presidio della legalit\u00e0, individuare ogni possibile criticit\u00e0 nel tessuto sociale ed economico e le&#8230;<\/p>\n","protected":false},"author":2,"featured_media":151123,"comment_status":"open","ping_status":"closed","sticky":false,"template":"","format":"standard","meta":{"footnotes":""},"categories":[7],"tags":[],"class_list":["post-171307","post","type-post","status-publish","format-standard","has-post-thumbnail","hentry","category-news"],"_links":{"self":[{"href":"https:\/\/www.brundisium.net\/index.php\/wp-json\/wp\/v2\/posts\/171307","targetHints":{"allow":["GET"]}}],"collection":[{"href":"https:\/\/www.brundisium.net\/index.php\/wp-json\/wp\/v2\/posts"}],"about":[{"href":"https:\/\/www.brundisium.net\/index.php\/wp-json\/wp\/v2\/types\/post"}],"author":[{"embeddable":true,"href":"https:\/\/www.brundisium.net\/index.php\/wp-json\/wp\/v2\/users\/2"}],"replies":[{"embeddable":true,"href":"https:\/\/www.brundisium.net\/index.php\/wp-json\/wp\/v2\/comments?post=171307"}],"version-history":[{"count":1,"href":"https:\/\/www.brundisium.net\/index.php\/wp-json\/wp\/v2\/posts\/171307\/revisions"}],"predecessor-version":[{"id":171309,"href":"https:\/\/www.brundisium.net\/index.php\/wp-json\/wp\/v2\/posts\/171307\/revisions\/171309"}],"wp:featuredmedia":[{"embeddable":true,"href":"https:\/\/www.brundisium.net\/index.php\/wp-json\/wp\/v2\/media\/151123"}],"wp:attachment":[{"href":"https:\/\/www.brundisium.net\/index.php\/wp-json\/wp\/v2\/media?parent=171307"}],"wp:term":[{"taxonomy":"category","embeddable":true,"href":"https:\/\/www.brundisium.net\/index.php\/wp-json\/wp\/v2\/categories?post=171307"},{"taxonomy":"post_tag","embeddable":true,"href":"https:\/\/www.brundisium.net\/index.php\/wp-json\/wp\/v2\/tags?post=171307"}],"curies":[{"name":"wp","href":"https:\/\/api.w.org\/{rel}","templated":true}]}}