{"id":171342,"date":"2020-04-18T20:22:02","date_gmt":"2020-04-18T18:22:02","guid":{"rendered":"http:\/\/www.brundisium.net\/?p=171342"},"modified":"2020-04-18T20:22:02","modified_gmt":"2020-04-18T18:22:02","slug":"coronavirus-obiettivi-cgil-monitorare-il-disagio-sociale-ed-economico-prevenire-e-contrastare-ogni-forma-di-illegalita","status":"publish","type":"post","link":"https:\/\/www.brundisium.net\/index.php\/coronavirus-obiettivi-cgil-monitorare-il-disagio-sociale-ed-economico-prevenire-e-contrastare-ogni-forma-di-illegalita\/","title":{"rendered":"Coronavirus, obiettivi CGIL: &#8220;monitorare il disagio sociale ed economico, prevenire e contrastare ogni forma di illegalit\u00e0&#8221;"},"content":{"rendered":"<p>Nell&#8217;ambito delle misure di contenimento ANTICOVID-19 Il Prefetto di Brindisi, su indicazione del Ministro dell&#8217;Interno, ha programmato una serie di incontri con i diversi attori Istituzionali della Provincia alla presenza delle OO.SS. CGIL- CISL- UIL e UGL per avviare un monitoraggio del disagio economico-sociale e contestualmente un attivit\u00e0 di prevenzione dei fenomeni criminosi e di ogni forma di illegalit\u00e0.<\/p>\n<p>Il primo incontro programmato in video conferenza per il 21 aprile p.v. alle ore 10,00 si articoler\u00e0 in 4 momenti dedicati alle dinamiche societarie del settore industriale ed artigianale, della distribuzione al dettaglio della piccola e media impresa, del comparto turistico-alberghiero e della ristorazione e della filiera alimentare.<\/p>\n<p>Il monitoraggio si rende necessario nell&#8217;ambito delle misure di contenimento della grave emergenza epidemiologica in atto in quanto oltre alle iniziative che riguardano la tutela della salute dei cittadini bisogna monitorare l&#8217;impatto economico-sociale delle scelte e delle politiche pubbliche in questo delicato e difficile contesto storico verificandone l&#8217;impatto a partire dalle fasce deboli della popolazione che sono quelle pi\u00f9 esposte.<\/p>\n<p>La CGIL di Brindisi sar\u00e0 presente all&#8217;incontro del 21 aprile per rappresentare le tante criticit\u00e0 riscontrate sul territorio a partire dalla sanitaria all&#8217;impatto sui settori economici individuati dal Prefetto per il primo incontro di monitoraggio.<br \/>\nTanto si rende opportuno anche al fine di scongiurare il rischio che alle concrete e tangibili difficolt\u00e0 delle imprese, del mondo del lavoro e dei cittadini in questo momento si accompagnino tensioni sociali che sfocino in una recrudescenza di fenomeni mafiosi e criminali dovuti all&#8217;emergenza lavorativa ed economica.<\/p>\n<p>Occorre dunque vigilare attraverso presidi di legalit\u00e0 in chiave preventiva come condizione necessaria per una convivenza civile, per la garanzia dei diritti civili e sociali che accompagnino la fase della ripresa economica del paese contenendo le situazioni di disagio sociale.<\/p>\n<p>Si tratter\u00e0 di avviare e mantenere un\u2019attivit\u00e0 sul territorio provinciale per contenere quei fenomeni criminali che costituiscono una minaccia agli equilibri delle ordinarie regole di concorrenza e che possono infiltrarsi a partire dal settore turistico alberghiero, come nel settore industriale, artigianale e agroalimentare andando a compromettere quell&#8217;esercizio dell&#8217;attivit\u00e0 di impresa costituzionalmente garantito anche con riferimento al pervasivo fenomeno dell&#8217;usura.<\/p>\n<p>In particolare, poich\u00e8 in un territorio come il nostro, caratterizzato da minore sviluppo ed altissimi tassi di disoccupazione, vi \u00e8 il concreto rischio di incappare in forme di sostegno da parte di organizzazioni criminali.<br \/>\nA tal fine occorre veicolare al massimo l&#8217;informazione sulla situazione del territorio e il dialogo con le parti sociali.<br \/>\nParticolare attenzione dovr\u00e0 essere dedicata in questa fase a favorire un rapporto pi\u00f9 agevole con le pubbliche amministrazioni allo scopo di evitare ritardi e disfunzioni.<\/p>\n<p>Allo stesso modo ci si dovr\u00e0 soffermare sulle dinamiche societarie della filiera agro-alimentare, delle infrastrutture sanitarie per la parte degli approvvigionamenti dei presidi medici, del comparto turistico alberghiero e della ristorazione, nonch\u00e8 del settore al dettaglio della piccola medio impresa.<\/p>\n<p>Il nostro contributo di conoscenza e di interpretazione dei reali bisogni del territorio si concretizzer\u00e0 preliminarmente nella capacit\u00e0 di saper leggere, interpretare e comprendere i vari scenari evolutivi della realt\u00e0 territoriale nelle sue diverse espressioni al fine di intercettare le reali necessit\u00e0 del territorio e accompagnarlo nel difficile e delicato percorso di ripresa attraverso il dialogo sociale e istituzionale.<\/p>\n<p>La nostra esigenza \u00e8 quella di uscire da questa terribile crisi economica con una societ\u00e0 migliore e pi\u00f9 attenta ai diritti e ai bisogni dei cittadini pi\u00f9 deboli.<\/p>\n<p>&nbsp;<\/p>\n<p>COMUNICATO STAMPA CGIL<\/p>\n","protected":false},"excerpt":{"rendered":"<p>Nell&#8217;ambito delle misure di contenimento ANTICOVID-19 Il Prefetto di Brindisi, su indicazione del Ministro dell&#8217;Interno, ha programmato una serie di incontri con i diversi attori Istituzionali della Provincia alla presenza delle OO.SS. CGIL- CISL- UIL e UGL per avviare un monitoraggio del disagio economico-sociale e contestualmente un attivit\u00e0 di prevenzione dei fenomeni criminosi e di ogni forma di illegalit\u00e0. Il primo incontro programmato in video conferenza per il 21 aprile p.v. alle ore 10,00 si articoler\u00e0 in 4 momenti dedicati alle dinamiche societarie del settore industriale ed artigianale, della distribuzione al dettaglio della piccola e media impresa, del comparto turistico-alberghiero e della ristorazione e della filiera alimentare. Il monitoraggio si rende necessario nell&#8217;ambito delle misure di contenimento della grave emergenza epidemiologica in atto in quanto oltre alle iniziative che riguardano la tutela della salute dei cittadini bisogna monitorare l&#8217;impatto economico-sociale delle scelte e delle politiche pubbliche in questo delicato e difficile contesto storico verificandone l&#8217;impatto a partire dalle fasce deboli della popolazione che sono quelle pi\u00f9 esposte. La CGIL di&#8230;<\/p>\n","protected":false},"author":2,"featured_media":115185,"comment_status":"open","ping_status":"closed","sticky":false,"template":"","format":"standard","meta":{"footnotes":""},"categories":[7],"tags":[],"class_list":["post-171342","post","type-post","status-publish","format-standard","has-post-thumbnail","hentry","category-news"],"_links":{"self":[{"href":"https:\/\/www.brundisium.net\/index.php\/wp-json\/wp\/v2\/posts\/171342","targetHints":{"allow":["GET"]}}],"collection":[{"href":"https:\/\/www.brundisium.net\/index.php\/wp-json\/wp\/v2\/posts"}],"about":[{"href":"https:\/\/www.brundisium.net\/index.php\/wp-json\/wp\/v2\/types\/post"}],"author":[{"embeddable":true,"href":"https:\/\/www.brundisium.net\/index.php\/wp-json\/wp\/v2\/users\/2"}],"replies":[{"embeddable":true,"href":"https:\/\/www.brundisium.net\/index.php\/wp-json\/wp\/v2\/comments?post=171342"}],"version-history":[{"count":1,"href":"https:\/\/www.brundisium.net\/index.php\/wp-json\/wp\/v2\/posts\/171342\/revisions"}],"predecessor-version":[{"id":171345,"href":"https:\/\/www.brundisium.net\/index.php\/wp-json\/wp\/v2\/posts\/171342\/revisions\/171345"}],"wp:featuredmedia":[{"embeddable":true,"href":"https:\/\/www.brundisium.net\/index.php\/wp-json\/wp\/v2\/media\/115185"}],"wp:attachment":[{"href":"https:\/\/www.brundisium.net\/index.php\/wp-json\/wp\/v2\/media?parent=171342"}],"wp:term":[{"taxonomy":"category","embeddable":true,"href":"https:\/\/www.brundisium.net\/index.php\/wp-json\/wp\/v2\/categories?post=171342"},{"taxonomy":"post_tag","embeddable":true,"href":"https:\/\/www.brundisium.net\/index.php\/wp-json\/wp\/v2\/tags?post=171342"}],"curies":[{"name":"wp","href":"https:\/\/api.w.org\/{rel}","templated":true}]}}