{"id":171440,"date":"2020-04-21T18:15:07","date_gmt":"2020-04-21T16:15:07","guid":{"rendered":"http:\/\/www.brundisium.net\/?p=171440"},"modified":"2020-04-21T20:03:59","modified_gmt":"2020-04-21T18:03:59","slug":"fase-due-castellucci-cisl-adesso-corresponsabilita-e-concretezza-per-gestire-le-tante-criticita-territoriali","status":"publish","type":"post","link":"https:\/\/www.brundisium.net\/index.php\/fase-due-castellucci-cisl-adesso-corresponsabilita-e-concretezza-per-gestire-le-tante-criticita-territoriali\/","title":{"rendered":"Fase Due, Castellucci (Cisl): &#8220;adesso corresponsabilit\u00e0 e concretezza per gestire le tante criticit\u00e0 territoriali&#8221;"},"content":{"rendered":"<p>Dati preoccupanti dell\u2019Inps territoriale attestano che, alla fine della settimana scorsa, erano oltre 5mila le domande presentate dalle Imprese brindisine, tra cassa integrazione ordinaria, fondo di integrazione salariale e cassa integrazione in deroga per migliaia di lavoratori.<br \/>\nSiamo alle prese con un indubbio allarme sociale e bene ha fatto il Prefetto ad istituire una cabina di regia permanente partecipata dalle parti sociali, da rappresentanti istituzionali, professionali e di Enti pubblici, che in questo territorio va ad affiancarsi all\u2019altra costituita, di recente in sede ASL BR, per l\u2019emergenza sanitaria.<br \/>\nDi fatto sar\u00e0 un tavolo permanente quello insediato in Prefettura, che affronter\u00e0 con il dialogo sociale le problematiche ed economiche che sono in campo, puntando a salvaguardare il tessuto imprenditoriale, la forza lavoro e pi\u00f9 in generale per gestire con illuminato pragmatismo e col massimo della sicurezza la fase 2, a Brindisi e provincia,  elaborando e condividendo anche uno specifico protocollo territoriale sulla sicurezza.<br \/>\nCome Cisl abbiamo ribadito la necessit\u00e0 di una ripresa delle attivit\u00e0 produttive non precipitosa ma che sia frutto di indicazioni omogenee per l\u2019intero Paese e che assicuri certezze di massima sicurezza nei luoghi di lavoro.<br \/>\nNon essendo uguali le varie realt\u00e0 produttive ci sar\u00e0 bisogno, forse di scaglionare le ripartenze, per non vanificare quanto finora fatto responsabilmente in termini di prevenzione e di distanziamento sociale perch\u00e9 fosse limitata al massimo la pandemia Covid-19.<br \/>\nE\u2019 presente a tutti la necessit\u00e0 di guardare avanti per riuscire attraverso una collaborazione corale e fattiva a creare anche nuova organizzazione del lavoro, favorendo in modo innovativo una maggiore partecipazione dei lavoratori alle sorti dell\u2019Impresa e noi confidiamo che il tavolo costituito oggi dal Prefetto Guidato sapr\u00e0 affrontare la disamina compiuta dei singoli settori produttivi comprese le relative criticit\u00e0.<br \/>\nAd esempio, si dovr\u00e0 ripartire, dall\u2019applicazione compiuta del protocollo firmato a marzo u.s., per la tutela della salute e della sicurezza dei lavoratori dal possibile contagio e per garantire la salubrit\u00e0 dell\u2019ambiente di lavoro, sanificando gli ambienti, dotando i lavoratori dei dispositivi di protezione individuale e quant\u2019altro in esso previsto.<br \/>\nRipartire con il piede giusto significher\u00e0, assicurare maggiore collaborazione istituzionale, meno burocrazia e minore farraginosit\u00e0 anche del sistema creditizio, pi\u00f9 liquidit\u00e0 alle imprese, garanzie di reddito e di occupazione contrattuale, assumendo altres\u00ec l\u2019imperativo che nessuno venga lasciato indietro.<br \/>\nOccorreranno, appunto al riguardo scelte territoriali, ben precise, oltrech\u00e9 nazionali e regionali, che oltre alla politica dovr\u00e0 coinvolgere tutti i soggetti della contrattazione sociale, oltrech\u00e9 le rappresentanze istituzionali ai vari livelli, ovvero scelte economiche di futuro che riprendano tutte intere le questioni dello sviluppo lasciate in sospeso, guardando a quanto si dovr\u00e0 fare da subito, a cominciare dagli investimenti per le infrastrutture del porto di Brindisi e non solo.<br \/>\nA Brindisi e al territorio servir\u00e0 da oggi maggior corresponsabilit\u00e0 e concretezza.<\/p>\n<p>                                                                                          Antonio Castellucci<\/p>\n","protected":false},"excerpt":{"rendered":"<p>Dati preoccupanti dell\u2019Inps territoriale attestano che, alla fine della settimana scorsa, erano oltre 5mila le domande presentate dalle Imprese brindisine, tra cassa integrazione ordinaria, fondo di integrazione salariale e cassa integrazione in deroga per migliaia di lavoratori. Siamo alle prese con un indubbio allarme sociale e bene ha fatto il Prefetto ad istituire una cabina di regia permanente partecipata dalle parti sociali, da rappresentanti istituzionali, professionali e di Enti pubblici, che in questo territorio va ad affiancarsi all\u2019altra costituita, di recente in sede ASL BR, per l\u2019emergenza sanitaria. Di fatto sar\u00e0 un tavolo permanente quello insediato in Prefettura, che affronter\u00e0 con il dialogo sociale le problematiche ed economiche che sono in campo, puntando a salvaguardare il tessuto imprenditoriale, la forza lavoro e pi\u00f9 in generale per gestire con illuminato pragmatismo e col massimo della sicurezza la fase 2, a Brindisi e provincia, elaborando e condividendo anche uno specifico protocollo territoriale sulla sicurezza. Come Cisl abbiamo ribadito la necessit\u00e0 di una ripresa delle attivit\u00e0 produttive non precipitosa ma che sia frutto&#8230;<\/p>\n","protected":false},"author":2,"featured_media":171127,"comment_status":"open","ping_status":"closed","sticky":false,"template":"","format":"standard","meta":{"footnotes":""},"categories":[7],"tags":[],"class_list":["post-171440","post","type-post","status-publish","format-standard","has-post-thumbnail","hentry","category-news"],"_links":{"self":[{"href":"https:\/\/www.brundisium.net\/index.php\/wp-json\/wp\/v2\/posts\/171440","targetHints":{"allow":["GET"]}}],"collection":[{"href":"https:\/\/www.brundisium.net\/index.php\/wp-json\/wp\/v2\/posts"}],"about":[{"href":"https:\/\/www.brundisium.net\/index.php\/wp-json\/wp\/v2\/types\/post"}],"author":[{"embeddable":true,"href":"https:\/\/www.brundisium.net\/index.php\/wp-json\/wp\/v2\/users\/2"}],"replies":[{"embeddable":true,"href":"https:\/\/www.brundisium.net\/index.php\/wp-json\/wp\/v2\/comments?post=171440"}],"version-history":[{"count":1,"href":"https:\/\/www.brundisium.net\/index.php\/wp-json\/wp\/v2\/posts\/171440\/revisions"}],"predecessor-version":[{"id":171444,"href":"https:\/\/www.brundisium.net\/index.php\/wp-json\/wp\/v2\/posts\/171440\/revisions\/171444"}],"wp:featuredmedia":[{"embeddable":true,"href":"https:\/\/www.brundisium.net\/index.php\/wp-json\/wp\/v2\/media\/171127"}],"wp:attachment":[{"href":"https:\/\/www.brundisium.net\/index.php\/wp-json\/wp\/v2\/media?parent=171440"}],"wp:term":[{"taxonomy":"category","embeddable":true,"href":"https:\/\/www.brundisium.net\/index.php\/wp-json\/wp\/v2\/categories?post=171440"},{"taxonomy":"post_tag","embeddable":true,"href":"https:\/\/www.brundisium.net\/index.php\/wp-json\/wp\/v2\/tags?post=171440"}],"curies":[{"name":"wp","href":"https:\/\/api.w.org\/{rel}","templated":true}]}}