{"id":171503,"date":"2020-04-22T11:14:47","date_gmt":"2020-04-22T09:14:47","guid":{"rendered":"http:\/\/www.brundisium.net\/?p=171503"},"modified":"2020-04-22T19:16:09","modified_gmt":"2020-04-22T17:16:09","slug":"il-25-aprile-a-francavilla-fontana","status":"publish","type":"post","link":"https:\/\/www.brundisium.net\/index.php\/il-25-aprile-a-francavilla-fontana\/","title":{"rendered":"Il 25 Aprile a Francavilla Fontana"},"content":{"rendered":"<p><em>\u201c\u00c8 corpo vivo che richiede azioni, libere azioni, perch\u00e9 la vita lo mantenga in salute nel quotidiano. Il 25 aprile non \u00e8 desueto, non \u00e8 da abolire, \u00e8 da rinnovare ogni giorno.\u201d<\/em><\/p>\n<p>Le parole di Vinicio Capossela, rappresentano il manifesto che inaugura questo 25 aprile, pi\u00f9 diverso dal solito ma non meno importanti degli altri, anzi indelebile e colmo di significati. Quest\u2019anno non potremo scendere in piazza, ma il Covid-19 non sar\u00e0 l\u2019ostacolo che ci impedir\u00e0 di celebrare insieme il 75* anniversario di questa giornata. Per chi si riconosce nell\u2019antifascismo la data del 25 aprile ha un\u2019importanza che va ben al di l\u00e0 delle logiche partitiche ma investe un sacrosanto principio che riguarda l\u2019universalit\u00e0 delle persone che abitano il nostro pianeta: la libert\u00e0.<\/p>\n<p>La partecipazione alla lotta di Liberazione non riguard\u00f2 solo una parte politica degli italiani ma una vasta schiera di donne e uomini che pur avendo idee ed esperienze diverse si univano nell\u2019ardente desiderio di liberarsi dal giogo fascista e dall\u2019occupazione nazista dell\u2019Italia. Questa unit\u00e0 fu il presupposto per la nascita della Repubblica italiana. Mai come oggi \u00e8 fondamentale ricordare i valori dell\u2019antifascismo e della resistenza per ribadire l\u2019impegno per una piena attuazione dei principi costituzionali e per l\u2019affermazione di una comunit\u00e0 realmente emancipata. Ed \u00e8 proprio questo il significato della Festa Nazionale della Liberazione, una festa di tutti i cittadini e le cittadine che si riconoscono nei valori fondanti della Costituzione.<\/p>\n<p>Per questi motivi la Cgil di Francavilla Fontana, Sardine, Unione degli studenti ,Costituendo presidio Libera contro le Mafie,Circo della Farfalla e Zarac (zona alto rischio artistico culturale) lanciano l\u2019iniziativa \u201c(R)ESISTIAMO &#8211; non c\u2019\u00e8 FUTURO senza MEMORIA\u201d, che consiste nella realizzazione di un elaborato digitale sui temi che compongono questa giornata: libert\u00e0, partecipazione e resistenza. Le modalit\u00e0 in cui verranno trattati i temi saranno foto, video, canzoni, poesie, podcast o qualsiasi altra forma artistica. Al termine tutti i lavori verranno pubblicati sulle pagine social dei soggetti promotrici.<br \/>\nInoltre accogliendo l\u2019invito dell\u2019ANPI, invitiamo ad esporre il tricolore e a cantare Bella Ciao dai rispettivi balconi alle 15:00 del prossimo 25 Aprile,in una forma collettiva di ricordo e speranza per la liberazione e la ripartenza di questi giorni.<br \/>\nNel ricordo di questa giornata non possiamo dimenticare i 260 francavillesi che si batterono e s\u2019immolarono in nome della libert\u00e0 e della democrazia.<br \/>\nOra e sempre resistenza, oggi come non mai.<\/p>\n<p>&nbsp;<\/p>\n<p>&nbsp;<\/p>\n<p>Anpi,Zarac,Uds,Sardine,Cgil,Costituendo presidio Libera e Circo della Farfalla<\/p>\n","protected":false},"excerpt":{"rendered":"<p>\u201c\u00c8 corpo vivo che richiede azioni, libere azioni, perch\u00e9 la vita lo mantenga in salute nel quotidiano. Il 25 aprile non \u00e8 desueto, non \u00e8 da abolire, \u00e8 da rinnovare ogni giorno.\u201d Le parole di Vinicio Capossela, rappresentano il manifesto che inaugura questo 25 aprile, pi\u00f9 diverso dal solito ma non meno importanti degli altri, anzi indelebile e colmo di significati. Quest\u2019anno non potremo scendere in piazza, ma il Covid-19 non sar\u00e0 l\u2019ostacolo che ci impedir\u00e0 di celebrare insieme il 75* anniversario di questa giornata. Per chi si riconosce nell\u2019antifascismo la data del 25 aprile ha un\u2019importanza che va ben al di l\u00e0 delle logiche partitiche ma investe un sacrosanto principio che riguarda l\u2019universalit\u00e0 delle persone che abitano il nostro pianeta: la libert\u00e0. La partecipazione alla lotta di Liberazione non riguard\u00f2 solo una parte politica degli italiani ma una vasta schiera di donne e uomini che pur avendo idee ed esperienze diverse si univano nell\u2019ardente desiderio di liberarsi dal giogo fascista e dall\u2019occupazione nazista dell\u2019Italia. Questa unit\u00e0 fu il presupposto&#8230;<\/p>\n","protected":false},"author":2,"featured_media":171505,"comment_status":"open","ping_status":"closed","sticky":false,"template":"","format":"standard","meta":{"footnotes":""},"categories":[7],"tags":[],"class_list":["post-171503","post","type-post","status-publish","format-standard","has-post-thumbnail","hentry","category-news"],"_links":{"self":[{"href":"https:\/\/www.brundisium.net\/index.php\/wp-json\/wp\/v2\/posts\/171503","targetHints":{"allow":["GET"]}}],"collection":[{"href":"https:\/\/www.brundisium.net\/index.php\/wp-json\/wp\/v2\/posts"}],"about":[{"href":"https:\/\/www.brundisium.net\/index.php\/wp-json\/wp\/v2\/types\/post"}],"author":[{"embeddable":true,"href":"https:\/\/www.brundisium.net\/index.php\/wp-json\/wp\/v2\/users\/2"}],"replies":[{"embeddable":true,"href":"https:\/\/www.brundisium.net\/index.php\/wp-json\/wp\/v2\/comments?post=171503"}],"version-history":[{"count":1,"href":"https:\/\/www.brundisium.net\/index.php\/wp-json\/wp\/v2\/posts\/171503\/revisions"}],"predecessor-version":[{"id":171506,"href":"https:\/\/www.brundisium.net\/index.php\/wp-json\/wp\/v2\/posts\/171503\/revisions\/171506"}],"wp:featuredmedia":[{"embeddable":true,"href":"https:\/\/www.brundisium.net\/index.php\/wp-json\/wp\/v2\/media\/171505"}],"wp:attachment":[{"href":"https:\/\/www.brundisium.net\/index.php\/wp-json\/wp\/v2\/media?parent=171503"}],"wp:term":[{"taxonomy":"category","embeddable":true,"href":"https:\/\/www.brundisium.net\/index.php\/wp-json\/wp\/v2\/categories?post=171503"},{"taxonomy":"post_tag","embeddable":true,"href":"https:\/\/www.brundisium.net\/index.php\/wp-json\/wp\/v2\/tags?post=171503"}],"curies":[{"name":"wp","href":"https:\/\/api.w.org\/{rel}","templated":true}]}}