{"id":171553,"date":"2020-04-23T17:26:36","date_gmt":"2020-04-23T15:26:36","guid":{"rendered":"http:\/\/www.brundisium.net\/?p=171553"},"modified":"2020-04-23T18:30:51","modified_gmt":"2020-04-23T16:30:51","slug":"coronavirus-forza-italia-sulla-situazione-del-perrino","status":"publish","type":"post","link":"https:\/\/www.brundisium.net\/index.php\/coronavirus-forza-italia-sulla-situazione-del-perrino\/","title":{"rendered":"Coronavirus: Forza Italia sulla situazione del Perrino"},"content":{"rendered":"<p>a nota dell\u2019Ordine dei Medici sulla questione dei tamponi sospesi dalla Regione e sulla separazione dei percorsi nonch\u00e8 quanto sta continuando ad accadere nell\u2019ospedale Perrino di Brindisi, confermano la gravit\u00e0 della situazione denunciata ormai da settimane.<br \/>\nAbbiamo interrogato il Ministro della Salute proprio perch\u00e9 riteniamo che siano esposte a rischio eccessivo le vite degli operatori sanitari e dei pazienti dello stesso presidio ospedaliero e quindi non \u00e8 accettabile alcuna ulteriore sottovalutazione.<br \/>\nRitardi dei tamponi ed errori organizzativi evidenti da parte della Regione Puglia e purtroppo dall\u2019Asl di Brindisi a cui non hanno fatto seguito interventi adeguati alla gravit\u00e0 di quanto stava accadendo.<br \/>\nSe la situazione non \u00e8 ulteriormente precipitata \u00e8 solo grazie alla grande professionalit\u00e0 dei primari del singoli reparti e, pi\u00f9 in generale, di tutto il personale che opera nella struttura. Oggi, per\u00f2, occorre agire in tutta fretta e, parallelamente, stabilire le responsabilit\u00e0 per quanto sta accadendo\u201d.<\/p>\n<p>Lo afferma il parlamentare brindisino Mauro D\u2019Attis (Forza Italia) il quale nei giorni scorsi ha depositato una interrogazione al Ministro della Salute Speranza proprio sull\u2019emergenza sanitaria dell\u2019Ospedale \u201cPerrino\u201d di Brindisi.<\/p>\n<p>\u201cRitengo anche doveroso chiarire la questione riguardante le mie dichiarazioni sulle affermazioni del Primario del Reparto Covid di Brindisi \u2013 aggiunge l\u2019on. D\u2019Attis &#8211; Mai ho messo in dubbio la professionalit\u00e0 medica sua, dei suoi colleghi o dei suoi collaboratori che ringrazio nuovamente senza infingimenti. Anzi, ho sostenuto quello che proprio i medici, rappresentati dal loro Ordine, hanno sempre denunciato. Quello che accade nell\u2019ospedale Perrino \u00e8 dovuto, come detto, a una organizzazione evidentemente sbagliata sulla quale io chiedo di fare luce. A mio parere, le dichiarazioni di un primario che interviene difendendo l\u2019operato della Direzione Generale della ASL, dichiarando che sono stati compiuti degli errori dovuti a difetti organizzativi, non \u00e8 del tutto irrilevante in questa circostanza. La vergogna sarebbe in questo e non in altro che, se usato ancora, apparirebbe solo strumentale e fuorviante. Mi scuso con Gatti se l\u2019interpretazione \u00e8 stata questa, ma ho dato molta importanza alla sua dichiarazione e lui, come me, deve assumersi la responsabilit\u00e0 di quanto afferma. E comunque, per comprendere la non applicazione di una norma o la errata disposizione logistica non c\u2019\u00e8 bisogno di una laurea in medicina.<br \/>\nIl nostro sostegno vero ai medici e agli operatori sanitari non \u00e8 mai mancato. Io stesso sono stato, il 26 febbraio scorso, il primo firmatario dell\u2019ordine del giorno accolto dal Governo che lo impegnava a fornire i DPI al personale ospedaliero, poi firmatario di un emendamento al decreto \u201cCura Italia\u201d per il riconoscimento di una mensilit\u00e0 aggiuntiva (per l\u2019anno 2020) al personale medico, sanitario e tecnico (compresi i medici di medicina generale e pediatri di libera scelta), nonch\u00e9 agli operatori socio-sanitari del settore sanitario pubblico e ancora firmatario di un emendamento per il pensionamento anticipato di un anno ai medici ed a tutto il personale sanitario impegnato nell\u2019emergenza covid 19.<br \/>\nLe uniche cose che interessano ora sono la soluzione dei problemi denunciati e la risposta del Ministro con i provvedimenti di intervento del caso per agevolare il lavoro dei medici e garantire i cittadini\u201d.<\/p>\n<p>&nbsp;<\/p>\n<p>Dopo aver rimandato per 24 ore l\u2019inaugurazione del nuovo reparto di terapia intensiva presso l\u2019ospedale Perrino di Brindisi, ci saremmo aspettati oggi l\u2019entrata in funzione del reparto. Cosi parte un comunicato stampa sottoscritto da Laura De Mola e Livia Antonucci, coordinatrici provinciale e cittadine del Partito di Berlusconi.<\/p>\n<p>Risale a marzo la dichiarazione del DG della ASL brindisina, accompagnata da quella di Emiliano, che aveva comunicato l\u2019apertura della \u2018nuova\u2019 terapia intensiva da l\u00ec a pochi giorni.<\/p>\n<p>Con un ritardo di circa 40 giorni, finalmente la notizia dell\u2019inaugurazione, confermata per ieri, poi rimandata ad oggi e poi forse a domani, che in qualche modo aveva rassicurato i cittadini. Ma anche questa volta, le promesse si sono tradotte in un nulla di fatto. Falsit\u00e0 su falsit\u00e0 che preoccupano e innervosiscono in quanto oggi, dopo due mesi dall\u2019inizio della pandemia, il governo regionale capitanato da Emiliano non \u00e8 stato in grado di dare atto alla tanto declamata rete ospedaliera Covid-19, perlomeno a Brindisi. \u201cStiamo provvedendo al potenziamento delle terapie intensive\u201d, diceva il governatore.<br \/>\nRimane ancora misteriosa la funzione di questo nuovo reparto di terapia intensiva nei containers del Perrino, sempre nel caso in cui si decida di darne avvio.<\/p>\n<p>Ci chiediamo, infatti, se sar\u00e0 un vero e proprio reparto di terapia intensiva, dunque provvisto di tutte le dotazioni tecnologiche, come ad esempio letti high-tech, ventilatori polmonari, personale specializzato, atti a garantire le cure intensive a pazienti critici, oppure se diventer\u00e0 solamente un reparto per la degenza Covid. Si fa presto a parlare di \u201cterapia intensiva\u201d, ma converrebbe capire realmente cosa si intende. Per farla breve, se i nuovi posti letto nei containers sono destinati ad un reparto di degenza ordinaria per pazienti che hanno contratto il virus, ma che non necessitano di cure intensive, non si pu\u00f2 assolutamente parlare di \u201cpotenziamento della terapia intensiva\u201d a Brindisi.<br \/>\nE\u2019 da troppi anni che il governatore Emiliano non ha a cuore la citt\u00e0 di Brindisi.<\/p>\n<p>Il risultato della politica di questa sinistra inconcludente \u00e8 che, se nei containers i posti letto disponibili sono adibiti solo a degenza ordinaria e nei prossimi giorni ipoteticamente pi\u00f9 persone dovessero aver bisogno della terapia intensiva, questa non sarebbe disponibile per tutti in quanto il numero dei posti letto, di fatto, non \u00e8 cambiato rispetto a quello di due mesi fa.<br \/>\nQuindi, nonostante il nosocomio del capoluogo sia stato individuato come ospedale Covid dalla Regione Puglia, dopo due mesi dall\u2019inizio dell\u2019emergenza, la situazione non \u00e8 affatto sotto controllo.<br \/>\nBanalizzare sul fatto che si tratti puramente di problemi organizzativi non \u00e8 ammissibile. Inutile ribadire che qui si sta parlando prima della salute del personale sanitario e dei pazienti che a chi ci amministra a livello regionale evidentemente non sta a cuore.<\/p>\n<p>&nbsp;<\/p>\n<p>Laura De Mola \u2013 coordinatrice provinciale FI<br \/>\nLivia Antonucci \u2013 coordinatrice cittadina FI<\/p>\n","protected":false},"excerpt":{"rendered":"<p>a nota dell\u2019Ordine dei Medici sulla questione dei tamponi sospesi dalla Regione e sulla separazione dei percorsi nonch\u00e8 quanto sta continuando ad accadere nell\u2019ospedale Perrino di Brindisi, confermano la gravit\u00e0 della situazione denunciata ormai da settimane. Abbiamo interrogato il Ministro della Salute proprio perch\u00e9 riteniamo che siano esposte a rischio eccessivo le vite degli operatori sanitari e dei pazienti dello stesso presidio ospedaliero e quindi non \u00e8 accettabile alcuna ulteriore sottovalutazione. Ritardi dei tamponi ed errori organizzativi evidenti da parte della Regione Puglia e purtroppo dall\u2019Asl di Brindisi a cui non hanno fatto seguito interventi adeguati alla gravit\u00e0 di quanto stava accadendo. Se la situazione non \u00e8 ulteriormente precipitata \u00e8 solo grazie alla grande professionalit\u00e0 dei primari del singoli reparti e, pi\u00f9 in generale, di tutto il personale che opera nella struttura. Oggi, per\u00f2, occorre agire in tutta fretta e, parallelamente, stabilire le responsabilit\u00e0 per quanto sta accadendo\u201d. Lo afferma il parlamentare brindisino Mauro D\u2019Attis (Forza Italia) il quale nei giorni scorsi ha depositato una interrogazione al Ministro della Salute&#8230;<\/p>\n","protected":false},"author":2,"featured_media":71281,"comment_status":"open","ping_status":"closed","sticky":false,"template":"","format":"standard","meta":{"footnotes":""},"categories":[7],"tags":[],"class_list":["post-171553","post","type-post","status-publish","format-standard","has-post-thumbnail","hentry","category-news"],"_links":{"self":[{"href":"https:\/\/www.brundisium.net\/index.php\/wp-json\/wp\/v2\/posts\/171553","targetHints":{"allow":["GET"]}}],"collection":[{"href":"https:\/\/www.brundisium.net\/index.php\/wp-json\/wp\/v2\/posts"}],"about":[{"href":"https:\/\/www.brundisium.net\/index.php\/wp-json\/wp\/v2\/types\/post"}],"author":[{"embeddable":true,"href":"https:\/\/www.brundisium.net\/index.php\/wp-json\/wp\/v2\/users\/2"}],"replies":[{"embeddable":true,"href":"https:\/\/www.brundisium.net\/index.php\/wp-json\/wp\/v2\/comments?post=171553"}],"version-history":[{"count":1,"href":"https:\/\/www.brundisium.net\/index.php\/wp-json\/wp\/v2\/posts\/171553\/revisions"}],"predecessor-version":[{"id":171554,"href":"https:\/\/www.brundisium.net\/index.php\/wp-json\/wp\/v2\/posts\/171553\/revisions\/171554"}],"wp:featuredmedia":[{"embeddable":true,"href":"https:\/\/www.brundisium.net\/index.php\/wp-json\/wp\/v2\/media\/71281"}],"wp:attachment":[{"href":"https:\/\/www.brundisium.net\/index.php\/wp-json\/wp\/v2\/media?parent=171553"}],"wp:term":[{"taxonomy":"category","embeddable":true,"href":"https:\/\/www.brundisium.net\/index.php\/wp-json\/wp\/v2\/categories?post=171553"},{"taxonomy":"post_tag","embeddable":true,"href":"https:\/\/www.brundisium.net\/index.php\/wp-json\/wp\/v2\/tags?post=171553"}],"curies":[{"name":"wp","href":"https:\/\/api.w.org\/{rel}","templated":true}]}}